{"id":11333,"date":"2023-01-23T11:17:00","date_gmt":"2023-01-23T10:17:00","guid":{"rendered":"https:\/\/nandi.info\/?p=11333"},"modified":"2023-01-23T11:17:00","modified_gmt":"2023-01-23T10:17:00","slug":"inps-la-direction-generale-magnifie-ses-cadres-retraites-de-2021-et-2022","status":"publish","type":"post","link":"https:\/\/nandi.info\/?p=11333","title":{"rendered":"<strong>INPS&nbsp;: la Direction G\u00e9n\u00e9rale magnifie ses cadres retraites de 2021 et 2022<\/strong>"},"content":{"rendered":"\n<p><strong>La Direction G\u00e9n\u00e9rale\u00a0de l\u2019Institut Nationale de Pr\u00e9voyance Sociale (INPS) a c\u00e9l\u00e9br\u00e9 le 19 janvier 2023 des cadres qui ont fait valoir leur droit \u00e0 la retraite en 2021 et 2022. Ils \u00e9taient huit \u00e0 recevoir les hommages du Directeur g\u00e9n\u00e9ral M. Ousmane Karim COULIBALY et ses coll\u00e8gues\u00a0pour de loyaux services rendus \u00e0 l\u2019Institut.\u00a0<\/strong><\/p>\n\n\n\n<p class=\"has-drop-cap\">Il s\u2019agit de Mme SIDIBE D\u00e9d\u00e9ou Ousmane, ex- Directrice des Affaires Juridiques et du Contentieux; actuellement ministre de l\u2019Education Nationale, Mme COULIBALY Assitan TRAORE, ex-Conseiller du Directeur G\u00e9n\u00e9ral, Moussa Toumani DIAKITE, ex-Directeur de l&rsquo;Audit Interne;&nbsp;&nbsp;Cheickna SOUMARE, ex-Directeur du Recouvrement des Cotisations et du Contr\u00f4le des Employeurs; Oumar SARR, ex- Directeur Financier Comptable; Ibrahim TABAGOR, ex- Inspecteur g\u00e9n\u00e9ral; Souleymane Doss\u00e9 TRAORE, ex-Directeur des Affaires Juridiques et du Contentieux; Seydou Siaka DIARRA,&nbsp;&nbsp;ancien Directeur g\u00e9n\u00e9ral adjoint.<\/p>\n\n\n\n<p>Cette c\u00e9r\u00e9monie d\u2019adieu a r\u00e9uni l\u2019ensemble des agents de la Direction G\u00e9n\u00e9rale et des services d\u00e9centralis\u00e9s. Elle a \u00e9t\u00e9 marqu\u00e9e par plusieurs interventions, \u00e0 savoir celle du Directeur G\u00e9n\u00e9ral, du D\u00e9l\u00e9gu\u00e9 des cadres admis \u00e0 la retraite et de celui de Rokiatou Tour\u00e9, Directrice des Relations ext\u00e9rieures.<\/p>\n\n\n\n<p>Le DG Ousmane Karim COULIBALY, dans son propos, a f\u00e9licit\u00e9 ces diff\u00e9rents cadres dont&nbsp;chacun comptabilise plus de 35 ans de services pour des services loyaux rendus \u00e0 l\u2019INPS.<\/p>\n\n\n\n<p>Pour relever les d\u00e9fis actuels de la Caisse, le DG a sollicit\u00e9 le concours de tous y compris les anciens de la bo\u00eete qui jouissent d\u2019une expertise in\u00e9gal\u00e9e. Avant de saluer l\u2019acte de solidarit\u00e9 qui a toujours pr\u00e9valu dans le service.<\/p>\n\n\n\n<p>Pour le premier responsable de l\u2019INPS, \u00ab&nbsp;les portes resteront grandement ouvertes \u00e0 ses valeurs cadres rest\u00e9s toujours fid\u00e8les \u00e0 l\u2019INPS&nbsp;\u00bb.<\/p>\n\n\n\n<p><em>\u00ab&nbsp;Nous sommes une des plus grosses caisses de la sous-r\u00e9gion, qui peut se targuer des recettes \u00e0 hauteur de souhait. Ce r\u00e9sultat est le fruit des efforts de l\u2019ensemble des travailleurs, des cadres, et des anciens&nbsp;\u00bb,<\/em> s\u2019est f\u00e9licit\u00e9 le DG COULIBALY.<\/p>\n\n\n\n<p>Il a profit\u00e9 de l\u2019occasion pour renouveler ses v\u0153ux de nouvel an \u00e0 tous les travailleurs ainsi qu\u2019aux retrait\u00e9s de l\u2019Institut.&nbsp;&nbsp;<\/p>\n\n\n\n<p>Il a invit\u00e9 tous les agents de l\u2019Institut \u00e0 doubler d\u2019efforts pour cette nouvelle ann\u00e9e en vue de rehausser le taux des assur\u00e9s de la bo\u00eete qui est de seulement 5%. Un taux jug\u00e9 tr\u00e8s faible face au ratio de travailleurs&nbsp;fournis par la derni\u00e8re \u00e9tude actuarielle. <em>\u00ab&nbsp;Le d\u00e9fi, c\u2019est aujourd\u2019hui d\u2019assurer la quasi-totalit\u00e9 des Maliens&nbsp;\u00bb,<\/em> a d\u00e9clar\u00e9 le DG Ousmane Karim COULIBALY.<\/p>\n\n\n\n<p>Le d\u00e9l\u00e9gu\u00e9 des cadres des partants \u00e0 la retraite, Monsieur Seydou Siaka DIARRA a,&nbsp;au nom de ses coll\u00e8gues admis \u00e0 la retraite, pris la parole&nbsp;pour remercier la Direction G\u00e9n\u00e9rale pour&nbsp;l\u2019organisation de cette c\u00e9r\u00e9monie&nbsp;combien significative pour eux apr\u00e8s de loyaux services rendus au nom de l\u2019Institut aux assur\u00e9s.<\/p>\n\n\n\n<p><em>\u00ab&nbsp;Nous appr\u00e9cions \u00e0 sa juste valeur la marque d&rsquo;attention que vous avez bien voulu porter sur nous en organisant cette c\u00e9r\u00e9monie de haute couleur \u00e0 notre honneur pleine de solidarit\u00e9 d&rsquo;amiti\u00e9 et de reconnaissance; cela ne nous surprend gu\u00e8re, c&rsquo;est plut\u00f4t le contraire qui nous aurait surpris&nbsp;\u00bb,<\/em> a indiqu\u00e9 Monsieur DIARRA.<\/p>\n\n\n\n<p>Pour lui, le d\u00e9part \u00e0 la retraite constitue un moment d&rsquo;introspection, et une opportunit\u00e9 d&rsquo;envisager des projets futurs. Et d\u2019ajouter&nbsp;: <em>\u00ab&nbsp;Il est \u00e9galement et surtout une opportunit\u00e9 de partage d&rsquo;exp\u00e9rience dans le domaine de la s\u00e9curit\u00e9 sociale qui ressemble \u00e0 l&rsquo;\u0153uvre d&rsquo;un forgeron. En effet, ne dit-on pas que c&rsquo;est en forgeant qu&rsquo;on devient forgeron&nbsp;\u00bb<\/em>, histoire de r\u00e9pondre au DG de leur enti\u00e8re disponibilit\u00e9 \u00e0 l\u2019accompagner dans sa nouvelle politique de redynamisation de l\u2019INPS et dans la pr\u00e9servation des acquis. Il a remerci\u00e9 tout le personnel actif de l&rsquo;INPS pour des nombreuses ann\u00e9es de bonne collaboration et formul\u00e9 des v\u0153ux de bonne continuation de leurs carri\u00e8res dans la sant\u00e9, le bonheur et la prosp\u00e9rit\u00e9 surtout dans l&rsquo;entente.&nbsp;&nbsp;<\/p>\n\n\n\n<p><em>\u00ab&nbsp;Je ne saurais terminer ce discours sans pr\u00e9senter \u00e0 toutes et \u00e0 tous nos sinc\u00e8res remerciements surtout nos excuses pour les actes n\u00e9gatifs que nous aurions pos\u00e9s consciemment ou inconsciemment \u00e0 l&rsquo;endroit de nos collaborateurs<\/em>&nbsp;\u00bb, a demand\u00e9 l\u2019ancien DGA<\/p>\n\n\n\n<p>Rokiatou Tour\u00e9, Directrice des Relations Ext\u00e9rieures,&nbsp;au nom des Directeurs centraux, a pris la parole pour rendre un vibrant hommage \u00e0 ces braves dames et hommes, des valeureux directeurs qui ont fait valoir leur droit \u00e0 la retraite ces deux derni\u00e8res ann\u00e9es.<\/p>\n\n\n\n<p>\u00ab&nbsp;Vous avez donn\u00e9 tant d&rsquo;ann\u00e9es de votre vie \u00e0 la cause de la s\u00e9curit\u00e9 sociale pour assurer un meilleur service des droits aux usagers, dans l&rsquo;honneur et la dignit\u00e9, que vous en soyez remerci\u00e9s et que Dieu vous donne ce que vous m\u00e9ritez.<\/p>\n\n\n\n<p>Chers directeurs, nous prions pour que vous ayez une longue vie aupr\u00e8s de vos familles et que vous profitiez pleinement de cette nouvelle \u00e9tape dans la bonne sant\u00e9 et la prosp\u00e9rit\u00e9. Que votre retraite soit active autant que votre p\u00e9riode d&rsquo;activit\u00e9&nbsp;\u00bb, a-t-elle souhait\u00e9.<\/p>\n\n\n\n<p><strong>Adama DIARRA<\/strong><\/p>\n\n\n\n<p><strong>Service des Relations Publiques, INPS<\/strong><strong><\/strong><\/p>\n","protected":false},"excerpt":{"rendered":"<p>La Direction G\u00e9n\u00e9rale\u00a0de l\u2019Institut Nationale de Pr\u00e9voyance Sociale (INPS) a c\u00e9l\u00e9br\u00e9 le 19 janvier 2023 des cadres qui ont fait valoir leur droit \u00e0 la retraite en 2021 et 2022.&hellip;<\/p>\n","protected":false},"author":1,"featured_media":11343,"comment_status":"open","ping_status":"closed","sticky":false,"template":"","format":"standard","meta":{"content-type":"","_lmt_disableupdate":"","_lmt_disable":"","_jetpack_memberships_contains_paid_content":false,"footnotes":"","jetpack_publicize_message":"","jetpack_publicize_feature_enabled":true,"jetpack_social_post_already_shared":true,"jetpack_social_options":{"image_generator_settings":{"template":"highway","default_image_id":0,"font":"","enabled":false},"version":2}},"categories":[43,21],"tags":[],"class_list":["post-11333","post","type-post","status-publish","format-standard","has-post-thumbnail","hentry","category-nandi-info","category-societe"],"jetpack_publicize_connections":[],"featured_image_urls":{"full":"","thumbnail":"","medium":"","medium_large":"","large":"","1536x1536":"","2048x2048":"","penci-recipe-1200x1200":"","penci-recipe-1200x900":"","penci-recipe-1200x675":"","penci-single-full":"","penci-slider-full-thumb":"","penci-full-thumb":"","penci-slider-thumb":"","penci-magazine-slider":"","penci-thumb":"","penci-masonry-thumb":"","penci-thumb-square":"","penci-thumb-vertical":"","penci-thumb-small":""},"author_info":{"display_name":"Nandi","author_link":"https:\/\/nandi.info\/?author=1"},"category_info":"<a href=\"https:\/\/nandi.info\/?cat=43\" rel=\"category\">Nandi.info<\/a> <a href=\"https:\/\/nandi.info\/?cat=21\" rel=\"category\">Soci\u00e9t\u00e9<\/a>","tag_info":"Soci\u00e9t\u00e9","comment_count":"0","jetpack_featured_media_url":"","jetpack_sharing_enabled":true,"_links":{"self":[{"href":"https:\/\/nandi.info\/index.php?rest_route=\/wp\/v2\/posts\/11333","targetHints":{"allow":["GET"]}}],"collection":[{"href":"https:\/\/nandi.info\/index.php?rest_route=\/wp\/v2\/posts"}],"about":[{"href":"https:\/\/nandi.info\/index.php?rest_route=\/wp\/v2\/types\/post"}],"author":[{"embeddable":true,"href":"https:\/\/nandi.info\/index.php?rest_route=\/wp\/v2\/users\/1"}],"replies":[{"embeddable":true,"href":"https:\/\/nandi.info\/index.php?rest_route=%2Fwp%2Fv2%2Fcomments&post=11333"}],"version-history":[{"count":0,"href":"https:\/\/nandi.info\/index.php?rest_route=\/wp\/v2\/posts\/11333\/revisions"}],"wp:featuredmedia":[{"embeddable":true,"href":"https:\/\/nandi.info\/index.php?rest_route=\/"}],"wp:attachment":[{"href":"https:\/\/nandi.info\/index.php?rest_route=%2Fwp%2Fv2%2Fmedia&parent=11333"}],"wp:term":[{"taxonomy":"category","embeddable":true,"href":"https:\/\/nandi.info\/index.php?rest_route=%2Fwp%2Fv2%2Fcategories&post=11333"},{"taxonomy":"post_tag","embeddable":true,"href":"https:\/\/nandi.info\/index.php?rest_route=%2Fwp%2Fv2%2Ftags&post=11333"}],"curies":[{"name":"wp","href":"https:\/\/api.w.org\/{rel}","templated":true}]}}