{"id":11319,"date":"2023-01-20T18:40:19","date_gmt":"2023-01-20T17:40:19","guid":{"rendered":"https:\/\/nandi.info\/?p=11319"},"modified":"2024-01-18T12:38:10","modified_gmt":"2024-01-18T11:38:10","slug":"transition-deux-grands-evenements-ayant-marque-lan-2022-la-maladie-puis-le-retour-de-dr-choguel-maiga-dans-ses-fonctions-de-premier-ministre-la-nomination-du-colonel-abdoulaye-maiga-comm","status":"publish","type":"post","link":"https:\/\/nandi.info\/?p=11319","title":{"rendered":"Transition : deux grands \u00e9v\u00e8nements ayant marqu\u00e9 l\u2019An 2022 : La maladie puis le retour de Dr. Choguel Ma\u00efga dans ses fonctions de Premier ministre La nomination du colonel Abdoulaye Ma\u00efga comme ministre d\u2019Etat (vice-Premier ministre)"},"content":{"rendered":"\n<p><strong><em>Pour quelles raisons profondes, l\u2019\u00e9nigmatique Colonel Assimi Go\u00efta, pr\u00e9sident de la Transition, chef de l\u2019Etat, a d\u00e9cid\u00e9 du retour de Dr Choguel Kokalla Ma\u00efga \u00e0 son poste, apr\u00e8s le \u201crepos forc\u00e9\u201d d\u2019une dizaine de jours, qui allait \u00eatre dans les faits un \u201ccong\u00e9 maladie\u201d de plus de trois mois d\u2019affil\u00e9e ? Alors m\u00eame que la rumeur publique disait que les cinq colonels, les vrais ma\u00eetres du pays, \u00e9taient divis\u00e9s relativement \u00e0 une reprise de service du locataire de la Primature. Voil\u00e0 une chose rarissime pour \u00eatre not\u00e9e comme un \u00e9v\u00e9nement majeur ayant marqu\u00e9 l\u2019ann\u00e9e 2022 dans notre pays.<\/em><\/strong><\/p>\n\n\n\n<p class=\"has-drop-cap\">Le retour du Premier ministre, Dr. Choguel Kokalla Ma\u00efga, dans ses fonctions, apr\u00e8s une maladie qui l\u2019a \u00e9loign\u00e9 plus de trois mois durant de son bureau, a \u00e9t\u00e9 per\u00e7u par bon nombre d\u2019observateurs comme celui d\u2019un survivant sinon d\u2019un ressuscit\u00e9\u2026 politique.<\/p>\n\n\n\n<p>En effet, si l\u2019homme avait \u00e9t\u00e9 d\u00e9clar\u00e9 d\u00e9finitivement&nbsp;<strong>\u201cout\u201d<\/strong>&nbsp;(\u00e9ject\u00e9 de ses fonctions), aux dires de ses adversaires les plus irr\u00e9ductibles, sinon les plus insensibles \u00e0 la d\u00e9tresse humaine, rares \u00e9taient aussi ses partisans et m\u00eame ses thurif\u00e9raires qui ne croyaient plus encore \u00e0 un \u00e9ventuel come-back de leur idole dans ses fonctions primatoriales.<\/p>\n\n\n\n<p>Ces derniers, pensant tout bas ce que bon nombre de nos concitoyens disaient tout haut, dans les grin, les march\u00e9s et dans les salons feutr\u00e9s o\u00f9 la th\u00e8se d\u2019un&nbsp;<strong>\u201ccomplot des Colonels\u201d<\/strong>&nbsp;ou d\u2019une&nbsp;<strong>\u201ctentative d\u2019empoisonnement\u201d<\/strong>, le visant, avait fini par faire son petit bonhomme de chemin. Pourquoi, malgr\u00e9 tout ce qui a \u00e9t\u00e9 dit ou pens\u00e9, le pr\u00e9sident de la Transition, Colonel Assimi Go\u00efta, dont la force r\u00e9side notamment dans son silence assourdissant, a d\u00e9cid\u00e9 du retour de Dr. Choguel Kokalla Ma\u00efga \u00e0 son poste ?<\/p>\n\n\n\n<p>En effet, son retour&nbsp;<strong>\u201c\u00e0 la vie\u201d<\/strong>&nbsp;active, sinon sa reprise de service, le 5 d\u00e9cembre 2022, avait \u00e9t\u00e9 pr\u00e9c\u00e9d\u00e9e d\u2019une audience, que le pr\u00e9sident de la Transition, Colonel Assimi Go\u00efta, lui avait accord\u00e9e, le vendredi 25 novembre. Malgr\u00e9 cet instant d\u2019\u00e9motion entre les deux personnalit\u00e9s et l\u2019image du jour, qui avait circul\u00e9 largement sur les r\u00e9seaux sociaux, une frange importante de l\u2019opinion nationale et internationale \u00e9tait toujours rest\u00e9e dubitative quant au sort qui allait \u00eatre r\u00e9serv\u00e9 \u00e0 Dr. Choguel Kokalla Ma\u00efga, apr\u00e8s sa maladie. Car, \u00e0 l\u2019issue de l\u2019audience, c\u2019\u00e9tait le Premier ministre convalescent qui avait plut\u00f4t parl\u00e9, en s\u2019adressant \u00e0 ses compatriotes, pour exprimer au pr\u00e9sident de la Transition&nbsp;<em>\u201c[sa] profonde gratitude et [ses] vifs remerciements pour avoir su pr\u00e9server [son] intimit\u00e9 pendant tout ce temps et [de l\u2019] avoir mis \u00e0 l\u2019abri du mauvais \u0153il et de la mauvaise langue\u2026\u201d<\/em><\/p>\n\n\n\n<p>Dans cette adresse \u00e0 ses compatriotes, Dr. Choguel Kokalla Ma\u00efga, qui n\u2019avait pas encore repris service, d\u2019ajouter que,&nbsp;<em>\u201cpar la gr\u00e2ce d\u2019Allah SWT, apr\u00e8s plus de trois (3) mois d\u2019absence, me revoici, parmi vous, en pleine possession de mes capacit\u00e9s physiques et intellectuelles. Gloire au Tout-Puissant, le Tout-Mis\u00e9ricordieux ! Je voudrais, en ce moment empreint de solennit\u00e9, remercier du fond du c\u0153ur, l\u2019ensemble de nos compatriotes, de l\u2019int\u00e9rieur et de la diaspora, ainsi que tous les panafricains\u2026<\/em><\/p>\n\n\n\n<p><em>Nos concitoyens, dans leur \u00e9crasante majorit\u00e9, parents, amis, sympathisants et m\u00eame rivaux politiques les plus farouches ont tenu \u00e0 m\u2019exprimer leur compassion et un bon retour parmi les miens\u201d.<\/em><\/p>\n\n\n\n<p>Apr\u00e8s avoir exprim\u00e9 sa gratitude aux quatre autres Colonels, les vrais ma\u00eetres du pays, avec \u00e0 leur t\u00eate le Colonel Assimi Go\u00efta, et rendu des visites de courtoisie aux pr\u00e9sidents d\u2019institutions de la R\u00e9publique, Dr. Choguel K. Ma\u00efga s\u2019est, sans tambour ni trompette, install\u00e9, le lundi 5 d\u00e9cembre 2022, dans son fauteuil de Premier ministre, chef du gouvernement.<\/p>\n\n\n\n<p>Mais d\u00e9j\u00e0, c\u2019est la lecture, la veille au journal de 20 h de la t\u00e9l\u00e9vision nationale, du d\u00e9cret de nomination du Premier ministre par int\u00e9rim, Colonel Abdoulaye Ma\u00efga, en qualit\u00e9 de ministre d\u2019Etat, qui mit fin aux nombreuses sp\u00e9culations relatives au retour ou pas de l\u2019enfant d\u2019Ansongo \u00e0 son poste.<\/p>\n\n\n\n<p><strong>Rassur\u00e9 de son maintien\u2026 alors m\u00eame qu\u2019il \u00e9tait sur<\/strong><strong>&nbsp;un lit d\u2019h\u00f4pital<\/strong><\/p>\n\n\n\n<p>Une fois encore, Colonel Assimi Go\u00efta venait de d\u00e9jouer tous les pronostics, en prenant de court tous ceux qui juraient que le Premier ministre par int\u00e9rim, Colonel Abdoulaye Ma\u00efga, allait \u00eatre confirm\u00e9 dans les fonctions de Premier ministre, chef du Gouvernement. Cela, malgr\u00e9 le fait que Dr. Choguel ait dit avoir inform\u00e9 le pr\u00e9sident de la Transition qu\u2019il \u00e9tait&nbsp;<em>\u201capte \u00e0 reprendre son poste\u201d.<\/em><\/p>\n\n\n\n<p>Comme le commun des mortels n\u2019\u00e9tait aucunement au courant de ce que ces deux personnalit\u00e9s s\u2019\u00e9taient dit, lors de leur entrevue, beaucoup de gens ont cru que le Premier ministre faisait un appel du pied au chef de l\u2019Etat, afin qu\u2019il d\u00e9cide de son retour \u00e0 son poste.<\/p>\n\n\n\n<p>M\u00eame si aucune annonce officielle n\u2019avait \u00e9t\u00e9 faite, nous indiquant la maladie dont Dr. Choguel Kokalla Ma\u00efga souffrait, c\u2019est \u00e0 travers le communiqu\u00e9, qu\u2019il a diffus\u00e9, le 25 novembre 2022, que l\u2019on avait appris qu\u2019il s\u2019agissait, en effet, d\u2019une maladie qui l\u2019avait terrass\u00e9, d\u2019o\u00f9 le retour d\u2019un survivant. Il avait, d\u2019ailleurs, tenu&nbsp;<em>\u201c\u00e0 remercier, de fa\u00e7on singuli\u00e8re, [son] m\u00e9decin traitant et toute l\u2019\u00e9quipe qui s\u2019est occup\u00e9e de [lui], avec professionnalisme et bienveillance : du directeur g\u00e9n\u00e9ral aux professeurs et aux docteurs et, par-del\u00e0, le personnel de soutien. Merci \u00e0 tous les travailleurs de l\u2019Institut Pasteur, ainsi qu\u2019\u00e0 tout le corps m\u00e9dical du Mali\u201d.<\/em><\/p>\n\n\n\n<p>Voil\u00e0 que lui-m\u00eame nous informait qu\u2019il avait bien \u00e9t\u00e9 hospitalis\u00e9 \u00e0 la Clinique Pasteur de Bamako. Donc, les rumeurs, qui le disaient parti se soigner \u00e0 Moscou ou \u00e0 Ankara, n\u2019\u00e9taient pas justifi\u00e9es. C\u2019est dire que les consignes du pouvoir avaient donc \u00e9t\u00e9 respect\u00e9es \u00e0 la lettre : omerta totale sur le malade, sur sa maladie, sur le lieu o\u00f9 il se trouvait hospitalis\u00e9, entre autres.<\/p>\n\n\n\n<p>Le myst\u00e8re autour du malade \u2013 en tout cas pour ceux qui croyaient qu\u2019il \u00e9tait r\u00e9ellement malade et non simplement \u00e9cart\u00e9 en douceur \u2013 \u00e9tait tel que des gens ont fait croire qu\u2019il a \u00e9t\u00e9 envout\u00e9, au motif qu\u2019il n\u2019aurait pas&nbsp;<strong>\u201caccept\u00e9 de donner sa d\u00e9mission\u201d<\/strong>&nbsp;aux vrais ma\u00eetres du pays. Pour d\u2019autres, il aurait \u00e9t\u00e9 victime d\u2019une tentative d\u2019empoisonnement de la part de ses ennemis\u2026 tapis \u00e0 l\u2019\u00e9tranger.<\/p>\n\n\n\n<p>Dans les grin, les march\u00e9s et m\u00eame dans les bureaux de l\u2019Administration, \u00e7a grognait : la th\u00e8se du&nbsp;<strong>\u201ccomplot ourdi par les Colonels\u201d<\/strong>&nbsp;avait fait son petit bonhomme de chemin.<\/p>\n\n\n\n<p>En tout cas, si certains s\u2019inqui\u00e9taient de l\u2019absence de ce concepteur de la Refondation du Mali, d\u2019autres, au contraire, lui souhaitaient, certes, prompt r\u00e9tablissement mais ceux-ci ne voulaient pas qu\u2019il retourne encore aux affaires.<\/p>\n\n\n\n<p>L\u2019id\u00e9e d\u2019un gouvernement d\u2019union nationale avait, en ce moment, prosp\u00e9r\u00e9 de la part d\u2019une partie de la classe politique, dont des leaders ne cessaient aussi de r\u00e9clamer, \u00e0 cor et \u00e0 cri, l\u2019inclusivit\u00e9 et le retour rapide \u00e0 l\u2019ordre constitutionnel. Pour la branche dissidente du M5-RFP, \u00e0 savoir le M5-RFP Mali Kura, les tenants du pouvoir allaient demander le nom d\u2019un nouveau Premier ministre, issu du m\u00eame M5-RFP ou de la dissidence dudit mouvement, en remplacement de Dr. Choguel K. Ma\u00efga, dont le nom \u00e9tait d\u00e9j\u00e0 loin de faire l\u2019unanimit\u00e9 au sein de la classe politique. D\u2019o\u00f9 la grosse surprise, sinon la grande d\u00e9ception, de cette entit\u00e9 de la classe politique, plus ou moins proche du r\u00e9gime d\u00e9chu, en apprenant la reprise de service du Premier ministre Dr. Choguel Kokalla Ma\u00efga.<\/p>\n\n\n\n<p><strong>Existerait-il un pacte&nbsp;<\/strong><strong>secret entre les cinq&nbsp;<\/strong><strong>Colonels et Dr. Choguel ?<\/strong><\/p>\n\n\n\n<p>A travers cette d\u00e9cision du chef de l\u2019Etat, cette frange de la classe politique venait de voir s\u2019envoler tous ses espoirs relativement \u00e0 un gouvernement d\u2019Union nationale ou, \u00e0 d\u00e9faut, d\u2019un changement \u00e0 la t\u00eate de l\u2019ex\u00e9cutif.<\/p>\n\n\n\n<p>De son c\u00f4t\u00e9, Dr. Choguel K. Ma\u00efga \u00e9tait si rassur\u00e9 qu\u2019il allait rejoindre son poste, qu\u2019il donnait lui-m\u00eame l\u2019impression que cette d\u00e9cision ne d\u00e9pendait que de lui et de lui seul\u2026 Cela, sur la seule base de son \u00e9tat de sant\u00e9.<\/p>\n\n\n\n<p>Cette attitude de Dr. Choguel Kokalla Ma\u00efga pourrait laisser sous-entendre une grande complicit\u00e9, une estime et une confiance que le chef de l\u2019Etat a pour son Premier ministre. Sinon, sous d\u2019autres cieux, suivez mon regard, l\u2019on a vu que le Premier ministre malade et hospitalis\u00e9 a \u00e9t\u00e9 remplac\u00e9 sans autre forme de proc\u00e8s.<\/p>\n\n\n\n<p>Qu\u2019est-ce que l\u2019\u00e9nigmatique Colonel Assimi Go\u00efta a-t-il vu en son Premier ministre, Dr. Choguel Kokalla Ma\u00efga, qui lui a fait d\u00e9cider de son retour, en mettant toute la forme et en nommant un ministre d\u2019Etat, qui le remplacerait d\u2019office en cas d\u2019emp\u00eachement ?<\/p>\n\n\n\n<p>En effet, c\u2019est comme si le pr\u00e9sident de la Transition avait nomm\u00e9 le jeune, dynamique et comp\u00e9tent Colonel Abdoulaye Ma\u00efga en qualit\u00e9 de vice-Premier ministre, pour, pr\u00e9cis\u00e9ment, aider le Premier ministre Dr. Choguel Kokalla Ma\u00efga \u00e0 supporter le poids et les contraintes li\u00e9s \u00e0 l\u2019exercice de ses fonctions.<\/p>\n\n\n\n<p>Au vu de tout ce que l\u2019opinion a pu observer ou vivre lors de la maladie de Dr. Choguel Kokalla Ma\u00efga, l\u2019on se demande, aujourd\u2019hui, s\u2019il n\u2019existerait pas un pacte secret entre les cinq colonels et le chef du gouvernement. Car, il est tout aussi surprenant qu\u2019ils aient tous tenu \u00e0 rassurer Dr. Choguel Kokalla Ma\u00efga, celui-ci \u00e9tant encore sur son lit d\u2019h\u00f4pital,&nbsp;<strong><em>\u201cde [leur] souhait constant de poursuivre l\u2019\u0153uvre de Refondation du Mali [qu\u2019ils ont] entam\u00e9e ensemble\u201d.<\/em><\/strong><\/p>\n\n\n\n<p>En tout cas, les vraies raisons du maintien du Premier ministre, Dr. Choguel Kokalla Ma\u00efga, dans ses fonctions demeurent toujours un myst\u00e8re. Seul l\u2019\u00e9nigmatique Colonel Assimi Go\u00efta pourra, un jour, peut-\u00eatre, et cela dans ses m\u00e9moires, r\u00e9v\u00e9ler ces profondes raisons qui ont fait que les cinq Colonels, qu\u2019on disait d\u2019ailleurs divis\u00e9s sur l\u2019opportunit\u00e9 ou pas du maintien de l\u2019enfant d\u2019Ansongo \u00e0 son poste, avaient fini par accorder leur violon. En se mettant d\u2019accord sur la question.<\/p>\n\n\n\n<p><strong>&nbsp;Mamadou Fofana<\/strong><\/p>\n\n\n\n<p><strong>&nbsp;Journaliste ind\u00e9pendant<\/strong><\/p>\n\n\n\n<p><strong>\u00a0mamadoufofana328@yahoo.fr<\/strong><\/p>\n\n\n\n<p><strong>Aujourd&rsquo;hui Mali<\/strong><\/p>\n","protected":false},"excerpt":{"rendered":"<p>Pour quelles raisons profondes, l\u2019\u00e9nigmatique Colonel Assimi Go\u00efta, pr\u00e9sident de la Transition, chef de l\u2019Etat, a d\u00e9cid\u00e9 du retour de Dr Choguel Kokalla Ma\u00efga \u00e0 son poste, apr\u00e8s le \u201crepos&hellip;<\/p>\n","protected":false},"author":1,"featured_media":11325,"comment_status":"open","ping_status":"closed","sticky":false,"template":"","format":"standard","meta":{"content-type":"","_lmt_disableupdate":"","_lmt_disable":"","_jetpack_memberships_contains_paid_content":false,"footnotes":"","jetpack_publicize_message":"","jetpack_publicize_feature_enabled":true,"jetpack_social_post_already_shared":true,"jetpack_social_options":{"image_generator_settings":{"template":"highway","default_image_id":0,"font":"","enabled":false},"version":2}},"categories":[19,92,21],"tags":[],"class_list":["post-11319","post","type-post","status-publish","format-standard","has-post-thumbnail","hentry","category-aujourdhui-mali","category-slider","category-societe"],"jetpack_publicize_connections":[],"featured_image_urls":{"full":"","thumbnail":"","medium":"","medium_large":"","large":"","1536x1536":"","2048x2048":"","penci-recipe-1200x1200":"","penci-recipe-1200x900":"","penci-recipe-1200x675":"","penci-single-full":"","penci-slider-full-thumb":"","penci-full-thumb":"","penci-slider-thumb":"","penci-magazine-slider":"","penci-thumb":"","penci-masonry-thumb":"","penci-thumb-square":"","penci-thumb-vertical":"","penci-thumb-small":""},"author_info":{"display_name":"Nandi","author_link":"https:\/\/nandi.info\/?author=1"},"category_info":"<a href=\"https:\/\/nandi.info\/?cat=19\" rel=\"category\">Aujourd\u2019hui Mali<\/a> <a href=\"https:\/\/nandi.info\/?cat=92\" rel=\"category\">Slider<\/a> <a href=\"https:\/\/nandi.info\/?cat=21\" rel=\"category\">Soci\u00e9t\u00e9<\/a>","tag_info":"Soci\u00e9t\u00e9","comment_count":"0","jetpack_featured_media_url":"","jetpack_sharing_enabled":true,"_links":{"self":[{"href":"https:\/\/nandi.info\/index.php?rest_route=\/wp\/v2\/posts\/11319","targetHints":{"allow":["GET"]}}],"collection":[{"href":"https:\/\/nandi.info\/index.php?rest_route=\/wp\/v2\/posts"}],"about":[{"href":"https:\/\/nandi.info\/index.php?rest_route=\/wp\/v2\/types\/post"}],"author":[{"embeddable":true,"href":"https:\/\/nandi.info\/index.php?rest_route=\/wp\/v2\/users\/1"}],"replies":[{"embeddable":true,"href":"https:\/\/nandi.info\/index.php?rest_route=%2Fwp%2Fv2%2Fcomments&post=11319"}],"version-history":[{"count":1,"href":"https:\/\/nandi.info\/index.php?rest_route=\/wp\/v2\/posts\/11319\/revisions"}],"predecessor-version":[{"id":16840,"href":"https:\/\/nandi.info\/index.php?rest_route=\/wp\/v2\/posts\/11319\/revisions\/16840"}],"wp:featuredmedia":[{"embeddable":true,"href":"https:\/\/nandi.info\/index.php?rest_route=\/"}],"wp:attachment":[{"href":"https:\/\/nandi.info\/index.php?rest_route=%2Fwp%2Fv2%2Fmedia&parent=11319"}],"wp:term":[{"taxonomy":"category","embeddable":true,"href":"https:\/\/nandi.info\/index.php?rest_route=%2Fwp%2Fv2%2Fcategories&post=11319"},{"taxonomy":"post_tag","embeddable":true,"href":"https:\/\/nandi.info\/index.php?rest_route=%2Fwp%2Fv2%2Ftags&post=11319"}],"curies":[{"name":"wp","href":"https:\/\/api.w.org\/{rel}","templated":true}]}}