{"id":11311,"date":"2023-01-20T18:19:55","date_gmt":"2023-01-20T17:19:55","guid":{"rendered":"https:\/\/nandi.info\/?p=11311"},"modified":"2023-01-20T18:19:55","modified_gmt":"2023-01-20T17:19:55","slug":"2022-les-personnalites-maliennes-qui-nous-ont-quittes","status":"publish","type":"post","link":"https:\/\/nandi.info\/?p=11311","title":{"rendered":"2022 : Les personnalit\u00e9s maliennes qui nous ont quitt\u00e9s !"},"content":{"rendered":"\n<p class=\"has-drop-cap\">L\u2019ann\u00e9e 2022 a \u00e9t\u00e9 marqu\u00e9e par la disparition de nombreuses sommit\u00e9s maliennes. Ancien pr\u00e9sident de la R\u00e9publique, ministres, hommes politiques, intellectuels, artistes et sportifs\u2026 les personnalit\u00e9s qui nous ont quitt\u00e9s l\u2019ann\u00e9e derni\u00e8re ont en commun leur amour de la patrie, leur sens de la famille, du partage et de la solidarit\u00e9 sans fard ; l\u2019esprit de camaraderie. Malgr\u00e9 les vicissitudes de la vie, elles sont demeur\u00e9es attach\u00e9es aux us et coutumes du pays jusqu\u2019\u00e0 leur dernier souffle. Vous \u00eates partis avant nous, bien trop t\u00f4t, et vous nous rappelez qu\u2019ici-bas, notre vie est peu de chose. Nous sommes tr\u00e8s heureux d\u2019avoir partag\u00e9 avec vous une partie de votre vie. Vous qui avez l\u2019art de cultiver l\u2019amiti\u00e9 et la bonne humeur, vous rendiez tous ces moments joyeux et uniques, aurait \u00e9crit l\u2019autre. Retour sur des parcours terrestres somme toute s\u00e9duisants.<\/p>\n\n\n\n<p><strong>El hadj Ibrahim Boubacar K\u00e9\u00efta (16 janvier 2022)<\/strong><\/p>\n\n\n\n<figure class=\"wp-block-image\" id=\"attachment_2884726\"><a href=\"https:\/\/www.maliweb.net\/wp-content\/news\/images\/2020\/07\/IBK-president-malien.jpg\" data-rel=\"penci-gallery-image-content\" ><img decoding=\"async\" src=\"https:\/\/www.maliweb.net\/wp-content\/news\/images\/2020\/07\/IBK-president-malien-300x169.jpg\" alt=\"\" class=\"wp-image-2884726\"\/><\/a><figcaption>L\u2019ex pr\u00e9sident malien Ibrahim Boubacar Ke\u00efta. Issouf Sanogo\/AFP<\/figcaption><\/figure>\n\n\n\n<p>Ceux qui l\u2019aimaient, ceux qui ne l\u2019aimaient pas, tous les Maliens ont ressenti un choc \u00e9motionnel ce dimanche triste du 16 janvier 2022, en apprenant le d\u00e9c\u00e8s d\u2019El hadj Ibrahim Boubacar K\u00e9ita, ancien pr\u00e9sident de la R\u00e9publique, chez lui \u00e0 S\u00e9b\u00e9nicoro, dans la plus grande dignit\u00e9. Et il y avait de quoi, car le d\u00e9funt \u00e9tait un grand baobab du Mali, un d\u00e9mocrate pragmatique, r\u00e9publicain dans l\u2019\u00e2me et amoureux de culture, un homme \u00e0 la g\u00e9n\u00e9rosit\u00e9 l\u00e9gendaire, qui aimait le Mali plus que tout !<\/p>\n\n\n\n<p>Homme d\u2019Etat au parcours in\u00e9gal\u00e9 dans le service de l\u2019Etat : ambassadeur, conseiller sp\u00e9cial du pr\u00e9sident de la R\u00e9publique, ministre des Affaires \u00e9trang\u00e8res, Premier ministre pendant 6 ans, pr\u00e9sident de l\u2019Assembl\u00e9e nationale pendant 5 ans, Pr\u00e9sident de l\u2019UPA (Union parlementaire africaine), pr\u00e9sident de la R\u00e9publique pendant 7 ans\u2026 Un grand Homme donc, au propre comme au figur\u00e9, \u00e0 qui la Nation malienne tout enti\u00e8re a rendu un dernier hommage, le vendredi 21 janvier 2022 \u00e0 la faveur d\u2019obs\u00e8ques nationales organis\u00e9es en son honneur.<\/p>\n\n\n\n<p><strong>El hadj Abdoulaye Thiam :&nbsp;<\/strong><strong>(16 janvier 2022)<\/strong><\/p>\n\n\n\n<p>L\u2019a\u00een\u00e9 de la grande famille Thiam de Drav\u00e9la-Bolibana, El hadj Abdoulaye Thiam, non moins p\u00e8re de notre confr\u00e8re Abdoul Majid Thiam, directeur de publication du journal Le Focus, nous a quitt\u00e9s le 16 janvier 2022. De lui, notre g\u00e9n\u00e9ration ne peut relater grand-chose. D\u00e8s lors, nous nous en remettons \u00e0 un \u00e9loge post-mortem rendu par Me Mohamed Thiam,<\/p>\n\n\n\n<figure class=\"wp-block-image alignright is-resized\" id=\"attachment_3007630\"><a href=\"https:\/\/www.maliweb.net\/wp-content\/news\/images\/2023\/01\/El-Hadj-Abdoulaye-Thiam.jpg\" data-rel=\"penci-gallery-image-content\" ><img fetchpriority=\"high\" decoding=\"async\" src=\"https:\/\/www.maliweb.net\/wp-content\/news\/images\/2023\/01\/El-Hadj-Abdoulaye-Thiam.jpg\" alt=\"\" class=\"wp-image-3007630\" width=\"381\" height=\"677\"\/><\/a><figcaption>El Hadj Abdoulaye Thiam<\/figcaption><\/figure>\n\n\n\n<p>avocat \u00e0 la Cour qui l\u2019a c\u00f4toy\u00e9 pendant longtemps.&nbsp;<em>\u201cLa mort est souvent le lieu de discours convenus sur les d\u00e9funts. Mais qu\u2019on me permette de penser que ce d\u00e9funt-l\u00e0, toute sa vie, pr\u00e9occup\u00e9 par \u00abl\u2019humaine condition\u00bb, m\u00e9rite bien des \u00e9loges post-mortem. A quelques mois d\u2019intervalle, la famille Thiam connaissait de terribles \u00e9preuves avec le d\u00e9c\u00e8s d\u2019Adam Thiam. Et le 16 janvier 2022, la mort nous arrachait El hadj Abdoulaye Thiam, l\u2019a\u00een\u00e9, le Baobab. Il est extr\u00eamement malais\u00e9 de parler d\u2019un homme qui fut non seulement un grand fr\u00e8re, mais aussi un conseiller, un guide, une r\u00e9f\u00e9rence. Un exemple d\u2019humilit\u00e9. J\u2019ai rarement connu un homme aussi p\u00e9n\u00e9tr\u00e9 de la pr\u00e9carit\u00e9 des choses et de la certitude que seul le bien devait \u00eatre notre cr\u00e9do sur cette terre. A cette fin, il acceptait ce qui me paraissait inacceptable. Je compris plus tard son aversion pour le mal et son d\u00e9sir permanent de ne jamais faire du mal.<\/em><\/p>\n\n\n\n<p><em>D\u2019une g\u00e9n\u00e9rosit\u00e9 inou\u00efe, il n\u2019h\u00e9sitait jamais \u00e0 se d\u00e9pouiller pour venir en aide \u00e0 ses semblables. Son entourage ne comprenait pas toujours ses largesses. Et quand on lui faisait le reproche, il r\u00e9pondait toujours que l\u2019existence ne dure qu\u2019un court moment et qu\u2019il ne servait \u00e0 rien d\u2019\u00eatre m\u00e9chant. Un tel homme ne peut avoir d\u2019\u00e9gards pour les honneurs et la gloriole.<\/em><\/p>\n\n\n\n<p><em>Le sens de la famille in\u00e9gal\u00e9. A ce niveau, difficile de suivre ses pas. Grand rassembleur, il nous exhortait \u00e0 ne jamais perdre de vue les liens sacr\u00e9s de la parent\u00e9 et m\u00eame au-del\u00e0, les amis et les liens tiss\u00e9s par la famille.<\/em>&nbsp;<em>Les parents o\u00f9 qu\u2019ils se trouvent, les familles de ses amis d\u00e9c\u00e9d\u00e9s depuis, les voisins du quartier qui recevaient sa visite tous les matins\u2026 tous peuvent t\u00e9moigner de son inalt\u00e9rable humanisme. Malgr\u00e9 la maladie, il lui arrivait souvent de nous rappeler notre pr\u00e9sence \u00e0 tel bapt\u00eame, mariage ou d\u00e9c\u00e8s.<\/em><\/p>\n\n\n\n<p><em>Ah les d\u00e9c\u00e8s ! Y avait-il seulement \u00e0 Bamako un homme qui a enterr\u00e9 autant ? L\u2019oreille coll\u00e9e au transistor, il ne ratait aucune annonce n\u00e9crologique. Il se faisait un point d\u2019honneur \u00e0 participer personnellement \u00e0 chaque enterrement de parents bien s\u00fbr, mais aussi des amis et de simples relations. Abdoulaye Thiam m\u2019a appris l\u2019humilit\u00e9 et la simplicit\u00e9. J\u2019ajouterai \u00e0 son cr\u00e9dit le don de soi et le sto\u00efcisme dans les moments difficiles. En effet, les coups du sort ne l\u2019ont point \u00e9pargn\u00e9. Trois de ses jeunes fr\u00e8res partis avant lui, mais \u00e9galement son fils a\u00een\u00e9 Amadou Thiam. Nous savions que ces d\u00e9c\u00e8s l\u2019avaient terriblement affect\u00e9. Mais il n\u2019en laissait rien para\u00eetre.<\/em><\/p>\n\n\n\n<p><em>Je sais au fond de moi-m\u00eame qu\u2019il souhaitait partir avant ses fr\u00e8res et son fils. Mais c\u2019\u00e9tait un homme de foi, un grand croyant qui ne contestait jamais le d\u00e9cret divin chevill\u00e9 au corps.<\/em><\/p>\n\n\n\n<p><em>Le militant. Il s\u2019est battu pendant des ann\u00e9es en tant que secr\u00e9taire \u00e0 l\u2019organisation du Syndicat national de l\u2019\u00e9ducation et de la culture (Snec). Ce poste lui a permis de d\u00e9couvrir \u00e0 travers les missions, la C\u00f4te d\u2019Ivoire, la Haute-Volta (actuel Burkina Faso), la Libye et plusieurs Etats de l\u2019ex-Union des R\u00e9publiques socialistes et sovi\u00e9tiques (URSS) et de l\u2019ancien bloc de l\u2019Est comme la Tch\u00e9coslovaquie.<\/em><\/p>\n\n\n\n<p><em>Abdoulaye Thiam fut \u00e9galement membre fondateur de l\u2019Union des \u00e9crivains du Mali (UEM), de Cri-2002 et de l\u2019Association malienne des droits de l\u2019Homme (AMDH). L\u2019esprit toujours en \u00e9veil, et malgr\u00e9 ses multiples centres d\u2019int\u00e9r\u00eat, il n\u2019a jamais oubli\u00e9 qu\u2019il \u00e9tait avant tout un \u00eatre social.<\/em><\/p>\n\n\n\n<p><em>Au cr\u00e9puscule de sa vie, il \u00e9tait effar\u00e9 par de nouveaux comportements inadmissibles pour le \u2018Soudanais\u2019 qu\u2019il \u00e9tait demeur\u00e9. App\u00e2ts du gain, ignorance, courses aux honneurs, toutes choses qui le r\u00e9voltaient. C\u2019est \u00e0 cet homme qui pr\u00f4nait les valeurs intemporelles de la dignit\u00e9 et de l\u2019honneur, cet homme d\u2019ouverture que je d\u00e9die ces mots. Il me manquera comme il manque \u00e0 sa famille, mais nous t\u00e2cherons d\u2019honorer sa m\u00e9moire. Salut Mawdo ! Car tu fus grand partout o\u00f9 tu es pass\u00e9 et conserv\u00e9 de solides amiti\u00e9s. Finkolo, Bafoulab\u00e9, Oussoubidiagna, Koursal\u00e9, Bancoumana, Bamako\u201d.<\/em><\/p>\n\n\n\n<p><strong>S\u00e9kou Fofana dit Moscou<\/strong>&nbsp;<strong>&nbsp;(17 janvier 2022)<\/strong><\/p>\n\n\n\n<figure class=\"wp-block-image alignleft\"><a href=\"https:\/\/www.maliweb.net\/wp-content\/news\/images\/2023\/01\/Sekou-Fofana-Moscou.jpg\" data-rel=\"penci-gallery-image-content\" ><img decoding=\"async\" src=\"https:\/\/www.maliweb.net\/wp-content\/news\/images\/2023\/01\/Sekou-Fofana-Moscou.jpg\" alt=\"\" class=\"wp-image-3007643\"\/><\/a><\/figure>\n\n\n\n<p><strong>Seul Dieu est Grand !\u201d<\/strong>&nbsp;La mort de S\u00e9kou Fofana plus connu sous le nom de Moscou a r\u00e9v\u00e9l\u00e9 une curieuse co\u00efncidence relevant d\u2019un fait in\u00e9dit et qui avait suscit\u00e9 beaucoup d\u2019interpr\u00e9tations dans le milieu des proches. Ami intime de l\u2019ancien pr\u00e9sident Ibrahim Boubacar K\u00e9ita (IBK) sur terre ici-bas, ils ont quitt\u00e9, ensemble quasiment, cette plan\u00e8te. En effet, IBK s\u2019est \u00e9teint le dimanche 16 janvier en d\u00e9but d\u2019apr\u00e8s-midi et avant cette m\u00eame heure, le lendemain, lundi 17 janvier, son ami S\u00e9kou Fofana l\u2019a rejoint \u00e0 l\u2019Au-del\u00e0. S\u00e9kou Fofana fut cet homme jovial, courtois, mais tr\u00e8s discret. L\u2019arriv\u00e9e au pouvoir de son ami ins\u00e9parable, le pr\u00e9sident IBK, dont il fut le conseiller sp\u00e9cial \u00e0 Koulouba, ne lui est pas mont\u00e9e par la t\u00eate et il \u00e9tait rest\u00e9 modeste. Justement, malgr\u00e9 sa tr\u00e8s grande proximit\u00e9 de l\u2019ex-chef de l\u2019Etat, S\u00e9kou Fofana, en homme calme et pond\u00e9r\u00e9, \u00e9tait tr\u00e8s effac\u00e9 et efficace aux c\u00f4t\u00e9s de son ami IBK, parce qu\u2019il \u00e9tait l\u2019une des rares personnalit\u00e9s dans l\u2019entourage du pr\u00e9sident \u00e0 rendre \u00e0 ce dernier le service \u00e9minent de pouvoir lui dire la v\u00e9rit\u00e9, toute la v\u00e9rit\u00e9, qu\u2019elle plaise ou non. C\u2019est parce que l\u2019amiti\u00e9 entre les deux hommes \u00e9tait si forte qu\u2019elle d\u00e9passait tout ce que l\u2019on peut imaginer. Leurs liens qui remontent \u00e0 loin dans l\u2019histoire \u00e9taient d\u2019ailleurs devenus une r\u00e9elle fraternit\u00e9. Comme une anecdote, S\u00e9kou Fofana et IBK se ressemblaient tellement, au point que ceux qui les c\u00f4toyaient leur disaient qu\u2019ils \u00e9taient des jumeaux, confirmant l\u2019adage selon lequel&nbsp;<strong>\u201cqui s\u2019assemblent se ressemblent\u201d.<\/strong><\/p>\n\n\n\n<p>Entre S\u00e9kou et IBK, c\u2019\u00e9tait&nbsp;<strong>\u201cTon pied, mon pied\u201d<\/strong>&nbsp;ou encore&nbsp;<strong>\u201cA la vie comme \u00e0 la mort !\u201d<\/strong><\/p>\n\n\n\n<p><strong>G\u00e9n\u00e9ral Souleymane Yacouba Sidib\u00e9 dit \u201cBebel\u201d (18 janvier 2022)<\/strong><\/p>\n\n\n\n<figure class=\"wp-block-image alignright is-resized\"><a href=\"https:\/\/www.maliweb.net\/wp-content\/news\/images\/2015\/02\/bebel.jpg\" data-rel=\"penci-gallery-image-content\" ><img decoding=\"async\" src=\"https:\/\/www.maliweb.net\/wp-content\/news\/images\/2015\/02\/bebel.jpg\" alt=\"\" class=\"wp-image-822712\" width=\"505\" height=\"517\"\/><\/a><\/figure>\n\n\n\n<p>D\u00e9c\u00e9d\u00e9 le 18 janvier 2022, le g\u00e9n\u00e9ral de division \u00e0 la retraite Souleymane Yacouba Sidib\u00e9 dit \u201cBebel\u201d a laiss\u00e9 inconsolables parents, amis, promotionnaires et compagnons d\u2019armes. Il a servi au sein de la gendarmerie malienne et a \u00e9t\u00e9 plusieurs fois ministre et&nbsp;ambassadeur. Jusqu\u2019\u00e0 sa mort, il \u00e9tait l\u2019\u00e9poux de Mme D\u00e9d\u00e9ou Ousmane, l\u2019actuelle ministre de l\u2019Education nationale. Il fut membre du CTSP qui a renvers\u00e9 le g\u00e9n\u00e9ral Moussa Traor\u00e9 en 1991, puis ministre de la S\u00e9curit\u00e9 et de la Protection civile sous ATT dont il \u00e9tait un compagnon d\u2019armes. N\u00e9 le 24 mai 1949 \u00e0 Bamako, le g\u00e9n\u00e9ral Souleymane Yacouba Sidib\u00e9 \u00e9tait de la 4e promotion de l\u2019Ecole militaire inter armes, baptis\u00e9e \u201cG\u00e9n\u00e9ral Abdoulaye Soumar\u00e9\u201d.<\/p>\n\n\n\n<p>Des t\u00e9moignages, il est ressorti que le G\u00e9n\u00e9ral Souleymane Yacouba Sidib\u00e9 \u00e9tait un homme d\u2019Etat, un homme d\u2019honneur, de culture, un homme g\u00e9n\u00e9reux. D\u2019une carri\u00e8re militaire bien remplie \u00e0 la diplomatie, il l\u2019aura r\u00e9ussi en tant qu\u2019ambassadeur en Allemagne, au Canada et en Ethiopie, se distinguant par sa rigueur au travail. Ardent patriote et officier \u00e9m\u00e9rite, il a laiss\u00e9 orpheline la promotion de sapeurs-pompiers portant son nom.<\/p>\n\n\n\n<p><strong>Banou Makadji (21 janvier 2022)<\/strong><\/p>\n\n\n\n<p>Banou Makadji dit Bernard Tapie (du nom de l\u2019ancien embl\u00e9matique pr\u00e9sident de l\u2019Olympique de Marseille d\u00e9c\u00e9d\u00e9 le 3 octobre 2021) s\u2019est \u00e9teint \u00e0 la premi\u00e8re heure (1 h 10 du matin) du vendredi 21 janvier 2022, \u00e0 l\u2019\u00e2ge de 74 ans. L\u2019ancien pr\u00e9sident de la Ligue de football de Koulikoro et de l\u2019AS Nianan est d\u00e9c\u00e9d\u00e9 des suites d\u2019une longue maladie. Ses obs\u00e8ques ont eu lieu le m\u00eame jour \u00e0 Banamba apr\u00e8s la grande pri\u00e8re du vendredi. Les nombreux t\u00e9moignages dans le milieu footballistique du Mali (dirigeants de ligues et de<\/p>\n\n\n\n<figure class=\"wp-block-image alignleft\" id=\"attachment_2962021\"><a href=\"https:\/\/www.maliweb.net\/wp-content\/news\/images\/2022\/01\/Feu-Banou-Makadji-dit-Bernard-Tapie.jpg\" data-rel=\"penci-gallery-image-content\" ><img decoding=\"async\" src=\"https:\/\/www.maliweb.net\/wp-content\/news\/images\/2022\/01\/Feu-Banou-Makadji-dit-Bernard-Tapie.jpg\" alt=\"\" class=\"wp-image-2962021\"\/><\/a><figcaption>Feu Banou Makadji dit Bernard Tapie<\/figcaption><\/figure>\n\n\n\n<p>clubs, presse sportive\u2026) parlent d\u2019un grand homme, un dirigeant exemplaire, un baobab du football malien, homme de bont\u00e9 et de loyaut\u00e9, bref un amoureux du ballon rond.&nbsp;<em>\u201cDurant toute sa vie, Banou s\u2019est exclusivement investi pour le d\u00e9veloppement du football au Mali et sa disparition constitue une perte \u00e9norme pour la famille du football malien\u201d<\/em>, avait t\u00e9moign\u00e9 le pr\u00e9sident de la F\u00e9d\u00e9ration malienne de football (F\u00e9mafoot), Mamoutou Tour\u00e9 dit Bavieux, qui \u00e9tait au Cameroun.<\/p>\n\n\n\n<p>Les fanatiques du sport, notamment du football, retiennent de cet op\u00e9rateur \u00e9conomique son amour abyssal pour le football et son d\u00e9vouement pour la promotion et le d\u00e9veloppement de cette discipline au Mali, singuli\u00e8rement dans la r\u00e9gion de Koulikoro. Banou fut un tr\u00e8s g\u00e9n\u00e9reux m\u00e9c\u00e8ne pour la jeunesse sportive malienne, sans distinction aucune.<\/p>\n\n\n\n<p>Banou Makadji ne militait pas que pour sa r\u00e9gion. Il \u00e9tait un infatigable militant du football malien. C\u2019est ainsi qu\u2019il a apport\u00e9 son concours \u00e0 de nombreux pr\u00e9sidents de ligue, notamment en dotant leurs \u00e9quipes respectives d\u2019\u00e9quipements. L\u2019AS Douane de Sikasso fut la derni\u00e8re \u00e9quipe \u00e0 b\u00e9n\u00e9ficier de cette g\u00e9n\u00e9rosit\u00e9. Banou avait proc\u00e9d\u00e9 \u00e0 la remise solennelle des \u00e9quipements et ballons au directeur g\u00e9n\u00e9ral des douanes, l\u2019inspecteur g\u00e9n\u00e9ral Amadou Konat\u00e9 (pr\u00e9sident d\u2019honneur du club) \u00e0 la faveur d\u2019une c\u00e9r\u00e9monie organis\u00e9e dans la salle de r\u00e9union de la direction g\u00e9n\u00e9rale des douanes (actuelle direction r\u00e9gionale de Bamako).<\/p>\n\n\n\n<p>Commissaire de match, Makadji a guid\u00e9 les pas de nombreux pr\u00e9sidents de F\u00e9d\u00e9ration, au Mali, au S\u00e9n\u00e9gal et en C\u00f4te d\u2019Ivoire. Pour l\u2019ensemble de ces actions, il a \u00e9t\u00e9 distingu\u00e9, rappelons-le, par le Comit\u00e9 d\u2019organisation de la Coupe d\u2019Afrique des nations (Cocan) U23, tenue en 2015 au S\u00e9n\u00e9gal. Aussi, apr\u00e8s son \u00e9lection \u00e0 la t\u00eate de la F\u00e9mafoot, Mamoutou Tour\u00e9 dit Bavieux a fait le d\u00e9placement de Banamba pour aller rendre un hommage m\u00e9rit\u00e9 \u00e0 Banou Makadji en lui d\u00e9cernant une distinction.<\/p>\n\n\n\n<p><strong>Nancoman K\u00e9\u00efta (31 janvier 2022)<\/strong><\/p>\n\n\n\n<p>Quelques jours seulement apr\u00e8s le d\u00e9c\u00e8s brutal d\u2019Ibrahim Boubacar K\u00e9ita, son ami et camarade de parti Nancoman K\u00e9ita, ancien ministre sous ATT, est d\u00e9c\u00e9d\u00e9 le lundi 31 janvier 2022. Alit\u00e9 depuis plusieurs mois, ce grand commis de l\u2019Etat a finalement rendu l\u2019\u00e2me \u00e0 l\u2019\u00e2ge de 77 ans.<\/p>\n\n\n\n<figure class=\"wp-block-image alignright\" id=\"attachment_2963428\"><a href=\"https:\/\/www.maliweb.net\/wp-content\/news\/images\/2022\/02\/Nancouma-Keita.jpg\" data-rel=\"penci-gallery-image-content\" ><img decoding=\"async\" src=\"https:\/\/www.maliweb.net\/wp-content\/news\/images\/2022\/02\/Nancouma-Keita.jpg\" alt=\"\" class=\"wp-image-2963428\"\/><\/a><figcaption>Nancouma Keita<\/figcaption><\/figure>\n\n\n\n<p>Ancien cadre de l\u2019Ad\u00e9ma\/PASJ et membre fondateur du RPM, Nancoman K\u00e9ita fut pr\u00e9sident directeur g\u00e9n\u00e9ral de l\u2019Office du Niger et directeur g\u00e9n\u00e9ral de l\u2019Institut d\u2019\u00e9conomie rurale (IER). Il fut aussi pr\u00e9sident du conseil d\u2019administration (PCA) de la Soci\u00e9t\u00e9 malienne du patrimoine de l\u2019eau potable (Somapep).<\/p>\n\n\n\n<p>La lev\u00e9e du corps s\u2019est d\u00e9roul\u00e9e le mardi 1er f\u00e9vrier \u00e0 son domicile en pr\u00e9sence de plusieurs personnalit\u00e9s dont ses compagnons politiques. Apr\u00e8s la pri\u00e8re mortuaire \u00e0 la mosqu\u00e9e de Banankabougou, Nancoman K\u00e9ita a \u00e9t\u00e9 conduit \u00e0 sa derni\u00e8re demeure au cimeti\u00e8re de Faladi\u00e9 o\u00f9 il repose d\u00e9sormais pour l\u2019\u00e9ternit\u00e9.<\/p>\n\n\n\n<p><strong>Soumeylou Boub\u00e8ye Ma\u00efga (21 mars 2022)<\/strong><\/p>\n\n\n\n<p>Le&nbsp;<strong>\u201cTigre\u201d<\/strong>&nbsp;comme on aimait l\u2019appeler, en l\u2019occurrence l\u2019ancien Premier ministre Soumeylou Boub\u00e8ye Ma\u00efga, nous a quitt\u00e9s le 21 mars 2022. Il fut un homme d\u2019Etat qui a marqu\u00e9 la vie politique du Mali durant ces trente (30) derni\u00e8res ann\u00e9es.<\/p>\n\n\n\n<figure class=\"wp-block-image aligncenter is-resized\" id=\"attachment_2781769\"><a href=\"https:\/\/www.maliweb.net\/wp-content\/news\/images\/2018\/10\/Soumeylou-Boubeye-.jpg\" data-rel=\"penci-gallery-image-content\" ><img decoding=\"async\" src=\"https:\/\/www.maliweb.net\/wp-content\/news\/images\/2018\/10\/Soumeylou-Boubeye--300x200.jpg\" alt=\"Soumeylou Boub\u00e8ye Ma\u00efga\" class=\"wp-image-2781769\" width=\"685\" height=\"457\"\/><\/a><figcaption>Soumeylou Boub\u00e8ye Ma\u00efga<\/figcaption><\/figure>\n\n\n\n<p>Ancien directeur de la S\u00e9curit\u00e9 d\u2019Etat, ancien secr\u00e9taire g\u00e9n\u00e9ral de la pr\u00e9sidence de la R\u00e9publique et plusieurs fois ministre \u00e0 la t\u00eate de portefeuilles r\u00e9galiens comme les Affaires \u00e9trang\u00e8res et de la Coop\u00e9ration internationale ou la D\u00e9fense et les Anciens combattants. Soumeylou Boub\u00e8ye Ma\u00efga a fait des \u00e9tudes de journalisme au Centre d\u2019\u00e9tudes des sciences et techniques de l\u2019information (Cesti) de l\u2019Universit\u00e9 Cheikh Anta Diop \u00e0 Dakar au S\u00e9n\u00e9gal. Il obtient un dipl\u00f4me d\u2019\u00e9tudes sup\u00e9rieures sp\u00e9cialis\u00e9es (DESS) de diplomatie et administration des organisations internationales en 1987 \u00e0 l\u2019universit\u00e9 de Paris-Sud et un dipl\u00f4me de relations \u00e9conomiques internationales \u00e0 l\u2019Institut d\u2019administration de Paris. Militant au sein du Parti malien du travail (PMT), il a \u00e9t\u00e9 l\u2019un des principaux artisans de la chute du r\u00e9gime de Moussa Traor\u00e9 en 1991.<\/p>\n\n\n\n<p>Soumeylou Boub\u00e8ye Ma\u00efga est nomm\u00e9 Premier ministre du Mali le 30 d\u00e9cembre 2017 par le pr\u00e9sident Ibrahim Boubacar K\u00e9ita. Il est reconduit \u00e0 ce poste apr\u00e8s la r\u00e9\u00e9lection de ce dernier en 2018. Sous le coup d\u2019une motion de censure, il d\u00e9missionne avec son gouvernement le 18 avril 2019. Le 26 ao\u00fbt 2021, Soumeylou Boub\u00e8ye Ma\u00efga est inculp\u00e9 puis arr\u00eat\u00e9 par la chambre d\u2019accusation de la Cour supr\u00eame du Mali, dans l\u2019affaire de l\u2019achat de l\u2019avion pr\u00e9sidentiel pendant la pr\u00e9sidence d\u2019Ibrahim Boubacar K\u00e9ita. Il meurt en d\u00e9tention le 21 mars 2022 \u00e0 la Polyclinique&nbsp;<strong>\u201cPasteur\u201d&nbsp;<\/strong>de Bamako.<\/p>\n\n\n\n<p><strong>Diango Cissoko (4 avril 2022)<\/strong><\/p>\n\n\n\n<figure class=\"wp-block-image alignright is-resized\" id=\"attachment_136840\"><a href=\"https:\/\/www.maliweb.net\/wp-content\/news\/images\/2013\/04\/Diango_Cissoko_PM2.jpg\" data-rel=\"penci-gallery-image-content\" ><img loading=\"lazy\" decoding=\"async\" src=\"https:\/\/www.maliweb.net\/wp-content\/news\/images\/2013\/04\/Diango_Cissoko_PM2.jpg\" alt=\"Diango Cissoko (PM sous le gouvernement de Transition 2013)\" class=\"wp-image-136840\" width=\"597\" height=\"367\"\/><\/a><figcaption>Diango Cissoko (PM sous le gouvernement de Transition 2013)<\/figcaption><\/figure>\n\n\n\n<p>Le 4 avril 2022, un autre grand homme se couchait pour de bon. Il s\u2019agit de Diango Cissoko, ancien Premier ministre de la Transition de 2012. Grand serviteur de la nation et fin connaisseur des rouages de l\u2019administration malienne, bourreau du travail bien fait et excellent enseignant, Diango Cissoko fut secr\u00e9taire g\u00e9n\u00e9ral de la pr\u00e9sidence et ministre de la Justice sous le g\u00e9n\u00e9ral Moussa Traor\u00e9. N\u00e9 \u00e0 Kita le 13 ao\u00fbt 1948, Diango Cissoko est un exemple de ce que l\u2019\u00e9cole malienne pouvait produire en qualit\u00e9. Dipl\u00f4m\u00e9 de l\u2019Ecole nationale d\u2019administration du Mali, il int\u00e9gra la fonction publique en 1971. Son intelligence au-dessus de la moyenne, son application et son ardeur au travail, ainsi que sa soif d\u2019apprendre ont attir\u00e9 l\u2019attention de ses collaborateurs et de sa hi\u00e9rarchie, qui ont vu en lui la graine de leader dont notre administration avait tant besoin. Aussi, restera-t-il \u00e0 jamais une \u00e9cole pour beaucoup de cadres de l\u2019administration publique gr\u00e2ce \u00e0 ses ouvrages sur l\u2019initiation \u00e0 la r\u00e9daction administrative.<\/p>\n\n\n\n<p>Commandeur de l\u2019Ordre national du Mali, Diango Cissoko repose au cimeti\u00e8re de Dj\u00e9libougou.<\/p>\n\n\n\n<p><strong>Cheickna Traor\u00e9 dit Kolo national (8 avril 2022)<\/strong><\/p>\n\n\n\n<p>N\u00e9 en 1940 \u00e0 Kayes, Cheickna Traor\u00e9 \u00e0 l\u2019\u00e9tat-civil, d\u00e9bute la pratique du football dans la ville de Kayes, dans les ann\u00e9es 50. Il se fait remarquer lors des comp\u00e9titions inter quartiers entre le Plateau et le Khasso. Parall\u00e8lement \u00e0 la pratique du football, il sert comme agent de sant\u00e9 \u00e0 l\u2019h\u00f4pital de Kayes. Au d\u00e9but des ann\u00e9es 60, il atterrit \u00e0 Bamako et pose ses valises au Djoliba AC, dont il deviendra le capitaine quelques ann\u00e9es plus tard, tout en continuant \u00e0 exercer au centre m\u00e9dico-scolaire de la capitale.<\/p>\n\n\n\n<figure class=\"wp-block-image alignleft\" id=\"attachment_2972742\"><a href=\"https:\/\/www.maliweb.net\/wp-content\/news\/images\/2022\/04\/Kolo-national.jpg\" data-rel=\"penci-gallery-image-content\" ><img decoding=\"async\" src=\"https:\/\/www.maliweb.net\/wp-content\/news\/images\/2022\/04\/Kolo-national.jpg\" alt=\"\" class=\"wp-image-2972742\"\/><\/a><figcaption>Cheickna Traor\u00e9 dit Kolo National<\/figcaption><\/figure>\n\n\n\n<p>En 1965, il porte le brassard de capitaine de la s\u00e9lection nationale, lors des Jeux africains de Brazzaville, comp\u00e9tition au cours de laquelle, le Mali obtient la m\u00e9daille d\u2019argent. En 1972, malgr\u00e9 le poids des ans, il est retenu parmi les 22 joueurs qui disputent la 8e Can au Cameroun. Lors du premier match contre le Togo, il se casse 3 c\u00f4tes en extrayant une balle qui se dirigeait vers les filets maliens. Il r\u00e9appara\u00eet en demi-finale contre le Za\u00efre o\u00f9 suite \u00e0 un choc avec un attaquant adverse, il quitte d\u00e9finitivement la comp\u00e9tition.<\/p>\n\n\n\n<p>Apr\u00e8s&nbsp;<strong>\u201cYaound\u00e9-72\u201d<\/strong>, il est nomm\u00e9 directeur du stade Omnisports Modibo K\u00e9ita. Apr\u00e8s cette exp\u00e9rience, il se reconvertit dans le domaine du transport.<\/p>\n\n\n\n<p>Passionn\u00e9 de football, il s\u2019implique dans la gestion de son club (Djoliba AC), dont il sera vice-pr\u00e9sident pendant une dizaine d\u2019ann\u00e9es. A la m\u00eame p\u00e9riode (du d\u00e9but des ann\u00e9es 90 \u00e0 celui des ann\u00e9es 2000), il occupe la vice-pr\u00e9sidence de la F\u00e9d\u00e9ration malienne de football. Juste apr\u00e8s,&nbsp;<strong>\u201cKolo National\u201d<\/strong>&nbsp;comme on le surnommait, contribue \u00e0 de nombreuses reprises, \u00e0 aplanir les diff\u00e9rends entre les acteurs du football malien.<\/p>\n\n\n\n<p>Cheickna Karamoko Bonzi Traor\u00e9 est d\u00e9c\u00e9d\u00e9 \u00e0 Bamako, le matin du vendredi 8 avril 2022 \u00e0 l\u2019\u00e2ge de 82 ans.&nbsp; Il est le 10e joueur de la Can-72 \u00e0 nous quitter apr\u00e8s Bassirou Diamout\u00e9n\u00e9, Ousmane Traor\u00e9 Ousmanebl\u00e9ni, Moussa Diakit\u00e9 UTA, Bassidiki dit Bakoroba Tour\u00e9, Moussa Traor\u00e9 Gigla, Mamadou K\u00e9ita Capi, S\u00e9kou Sangar\u00e9, Moctar Ma\u00efga Charly et Idrissa Coulibaly entra\u00eeneur. Sans oublier l\u2019entra\u00eeneur allemand Karl Heinz Weigang.<\/p>\n\n\n\n<p>La lev\u00e9e du corps a eu lieu le dimanche 10 avril 2022, \u00e0 son domicile de la Cit\u00e9 des sportifs \u00e0 Tomikorobougou.<\/p>\n\n\n\n<p>La c\u00e9r\u00e9monie fun\u00e8bre s\u2019est d\u00e9roul\u00e9e sur le terrain de football de la Commune III du district de Bamako, en pr\u00e9sence de Mamoutou Tour\u00e9 dit Bavieux, pr\u00e9sident de la F\u00e9d\u00e9ration malienne de football ; Tidiane M\u00e9dian Niamb\u00e9l\u00e9, pr\u00e9sident du Djoliba AC ; Soumana Sako, ancien Premier ministre ; Jeamille Bittar, homme politique ; Mamadou Kaloga, journaliste et proche ami du d\u00e9funt ; Blaise Sangar\u00e9, ancien d\u00e9put\u00e9 \u00e9lu \u00e0 Bougouni ; les responsables du Conseil malien des chargeurs ; Mme Traor\u00e9 Zeinabou Diop, ancienne ministre ainsi que plusieurs amis de l\u2019illustre disparu.<\/p>\n\n\n\n<p>Dans son oraison fun\u00e8bre, la s\u0153ur cadette du d\u00e9funt, Mme Diarra Safiatou Traor\u00e9, qui repr\u00e9sentait la famille, a indiqu\u00e9 que Kolo National n\u2019a cess\u00e9 d\u2019inculquer \u00e0 la famille des valeurs cl\u00e9s comme la notion de la famille.&nbsp;<em>\u201cUne notion sacr\u00e9e qui exclut la d\u00e9sunion, la jalousie et qui regroupe tous ceux et celles unis par le sang, le lien sacr\u00e9 du mariage et par amiti\u00e9. La solidarit\u00e9, l\u2019entente, la coh\u00e9sion entre tous les membres de la famille doivent \u00eatre de r\u00e8gle, et cela dans l\u2019harmonie et le partage. Il aimait beaucoup les enfants et organisait des comp\u00e9titions sportives entre les enfants du quartier et ceux des communes de Bamako. Le respect r\u00e9ciproque tout en donnant \u00e0 l\u2019a\u00een\u00e9 le sens de l\u2019autorit\u00e9 et de l\u2019exemple. Cette valeur lui a donn\u00e9 des surnoms tels que Hail\u00e9 S\u00e9lassi\u00e9, Le Chef. Il avait horreur des compromissions, du vol, du racisme, de l\u2019homosexualit\u00e9 et de la d\u00e9mission. Le patriotisme et le respect des autorit\u00e9s au prix de l\u2019honneur, de la justice et de la paix \u00e9taient rigoureux. Notre patriarche avait l\u2019horreur de la petitesse, du bavardage car le chef de famille doit avoir un sens aigu des responsabilit\u00e9s et du devoir accompli. Je ne saurai clore ce discours sans esquisser sa passion pour le football et l\u2019amiti\u00e9, le sens du sacrifice au prix des douleurs physiques et morales lui valut le surnom Kolo National et cela pour la d\u00e9fense de l\u2019honneur, de l\u2019excellence et du m\u00e9rite\u201d<\/em>, a-t-elle laiss\u00e9 entendre.<\/p>\n\n\n\n<p>Au cours de la m\u00eame c\u00e9r\u00e9monie fun\u00e8bre, le pr\u00e9sident du Djoliba AC, Tidiane M\u00e9dian Niamb\u00e9l\u00e9, a rendu un vibrant hommage \u00e0 l\u2019ancien capitaine des Rouges de Bamako, pour tout ce qu\u2019il a fait pour le sport malien. En ces termes :&nbsp;<em>\u201cGrand fr\u00e8re, cher ami, tu as gard\u00e9 le sourire et entretenu l\u2019amour du prochain ; tes \u00e9pouses, joyeuses et bienveillantes, ont fait de ta maison le nid douillet de g\u00e9n\u00e9rations nombreuses de footballeurs ; tu as communiqu\u00e9 ton amabilit\u00e9 \u00e0 tous ceux qui t\u2019ont approch\u00e9 ; tu as communiqu\u00e9 ta combativit\u00e9 \u00e0 ton club et \u00e0 l\u2019\u00e9quipe nationale du Mali. Tu as port\u00e9 la nation. Nous faisons la promesse d\u2019entretenir la flamme de cet engagement. Homme de rire et de sourire, homme de grande sociabilit\u00e9, tu fus le combattant intr\u00e9pide du temps de gloire de notre football. Que cela soit su et salu\u00e9. Nous ne voulons pas te pleurer, parce qu\u2019en quittant ici-bas tu ne perds que les captures d\u2019ombre d\u2019un monde d\u2019illusions ; en quittant ici-bas tu trouves l\u2019immortalit\u00e9 en restant pour l\u2019\u00e9ternit\u00e9 dans les pages de l\u2019histoire du football malien. Ensemble, associons nos pri\u00e8res et que le Mis\u00e9ricordieux les accepte comme il a accept\u00e9 le sacrifice d\u2019Abraham. Amen\u201d<\/em>.<\/p>\n\n\n\n<p><strong>Moussa Sanogo (20 avril 2022)<\/strong><\/p>\n\n\n\n<figure class=\"wp-block-image alignright is-resized\"><a href=\"https:\/\/www.maliweb.net\/wp-content\/news\/images\/2021\/06\/DG-Moussa-Sanogo.jpg\" data-rel=\"penci-gallery-image-content\" ><img loading=\"lazy\" decoding=\"async\" src=\"https:\/\/www.maliweb.net\/wp-content\/news\/images\/2021\/06\/DG-Moussa-Sanogo-300x300.jpg\" alt=\"\" class=\"wp-image-2932698\" width=\"562\" height=\"562\"\/><\/a><\/figure>\n\n\n\n<p>Parti \u00e0 la fleur de l\u2019\u00e2ge le 20 avril 2022, Dr. Moussa Sanogo, pharmacien de formation, a \u00e9t\u00e9 pr\u00e9sident directeur g\u00e9n\u00e9ral \u00e0 la Pharmacie populaire du Mali, directeur adjoint de l\u2019h\u00f4pital du Point-G et de l\u2019h\u00f4pital Gabriel Tour\u00e9. Auteur de dizaines d\u2019articles scientifiques et de 2 livres, il s\u2019appr\u00eatait \u00e0 concourir pour le grade de ma\u00eetre de conf\u00e9rences au Cames et \u00e0 la Cnela. C\u2019\u00e9tait un jeune ambitieux et travailleur qui a marqu\u00e9 de son sceau son passage \u00e0 la direction g\u00e9n\u00e9rale de la Pharmacie populaire du Mali.<\/p>\n\n\n\n<p>En effet, il a ressuscit\u00e9 cette structure d\u2019Etat qui \u00e9tait pill\u00e9e et laiss\u00e9e pour compte depuis les premi\u00e8res heures de l\u2019ind\u00e9pendance. Il a tout fait pour remettre en selle cette entreprise qu\u2019il consid\u00e9rait comme un outil privil\u00e9gi\u00e9 en mati\u00e8re de mise en \u0153uvre de la politique pharmaceutique du Mali. Il s\u2019\u00e9tait attaqu\u00e9 au vieillissement du personnel, \u00e0 l\u2019absent\u00e9isme, au probl\u00e8me de ponctualit\u00e9, \u00e0 la sous-exploitation du personnel, au manque de motivation et au d\u00e9ficit de communication interne. Il avait h\u00e9rit\u00e9 d\u2019une structure ployant sous le poids de la dette \u00e0 coup de milliards aupr\u00e8s des banques et plus de 7 milliards et demi de F CFA d\u2019impay\u00e9s aupr\u00e8s des fournisseurs qu\u2019il a pu \u00e9ponger. Il avait un bel avenir, mais Dieu en a d\u00e9cid\u00e9 autrement.<\/p>\n\n\n\n<p><strong>Me Mamadou Gakou (26 juin 2022)<\/strong><\/p>\n\n\n\n<figure class=\"wp-block-image alignleft is-resized\"><a href=\"https:\/\/www.maliweb.net\/wp-content\/news\/images\/2022\/07\/Me-Gakou.medaille.jpg\" data-rel=\"penci-gallery-image-content\" ><img loading=\"lazy\" decoding=\"async\" src=\"https:\/\/www.maliweb.net\/wp-content\/news\/images\/2022\/07\/Me-Gakou.medaille-228x300.jpg\" alt=\"\" class=\"wp-image-2982201\" width=\"530\" height=\"697\"\/><\/a><\/figure>\n\n\n\n<p>Eminent homme de droit, ayant fait la fiert\u00e9 du Barreau malien pendant pr\u00e8s de quatre d\u00e9cennies, Me Gakou a tir\u00e9 sa r\u00e9v\u00e9rence le dimanche 26 juin 2022, \u00e0 l\u2019h\u00f4pital Gabriel Tour\u00e9. L\u2019enterrement a eu lieu le lendemain \u00e0 Banamba, o\u00f9 il a pass\u00e9 une bonne partie de son adolescence. Dans son oraison fun\u00e8bre, le b\u00e2tonnier de l\u2019Ordre des avocats du Mali, Me Moustapha Ciss\u00e9, a d\u00e9crit un homme p\u00e9tri de valeurs et d\u2019une densit\u00e9 intellectuelle&nbsp;remarquable. Me Mamadou Gakou fut un brillant avocat, enseignant et homme politique. Il a \u00e9t\u00e9 l\u2019un des p\u00e8res fondateurs de la jeune d\u00e9mocratie malienne.<\/p>\n\n\n\n<p>Apr\u00e8s son baccalaur\u00e9at en philo-lettres (lettres classiques) au lyc\u00e9e Askia Mohamed, en 1973, il s\u2019envola pour la France o\u00f9 il va cumuler des dipl\u00f4mes dans de prestigieuses universit\u00e9s. D\u2019abord, une licence en droit priv\u00e9, \u00e0 l\u2019Universit\u00e9 de Besan\u00e7on, puis une ma\u00eetrise \u00e0 l\u2019Universit\u00e9 de Grenoble. Il fait plus tard un DEA (dipl\u00f4me d\u2019\u00e9tudes approfondies) et un doctorat en droit priv\u00e9, \u00e0 l\u2019Universit\u00e9 Jean Moulin de Lyon, avant d\u2019obtenir un Certificat d\u2019aptitude \u00e0 la profession d\u2019avocat. Me Gakou est aussi dipl\u00f4m\u00e9 de l\u2019Institut politique de Grenoble, section \u00e9conomie et finance et titulaire d\u2019un dipl\u00f4me d\u2019\u00e9tudes g\u00e9n\u00e9rales en commerce et marketing. Me Mamadou Gakou fut \u00e9galement un homme politique, pr\u00e9sident de la COPP (Convention parti du peuple).<\/p>\n\n\n\n<p>En 1997, il fut d\u00e9put\u00e9 \u00e9lu \u00e0 Banamba \u00e0 l\u2019Assembl\u00e9e nationale du Mali o\u00f9 fut 4e vice-pr\u00e9sident.<\/p>\n\n\n\n<p><strong>Pr. Drissa Diakit\u00e9 (1er juillet 2022)<\/strong><\/p>\n\n\n\n<figure class=\"wp-block-image alignright\" id=\"attachment_2983690\"><a href=\"https:\/\/www.maliweb.net\/wp-content\/news\/images\/2022\/07\/Drissa-Diakite.jpg\" data-rel=\"penci-gallery-image-content\" ><img decoding=\"async\" src=\"https:\/\/www.maliweb.net\/wp-content\/news\/images\/2022\/07\/Drissa-Diakite.jpg\" alt=\"\" class=\"wp-image-2983690\"\/><\/a><figcaption>Pr. Drissa Diakit\u00e9<\/figcaption><\/figure>\n\n\n\n<p>Le Pr. Drissa Diakit\u00e9, membre du Parena, est d\u00e9c\u00e9d\u00e9 le 1er juillet 2022 \u00e0 l\u2019\u00e2ge de 70 ans des suites d\u2019une longue maladie. Un esprit brillant dont la disparition est une perte immense pour sa famille biologique, sa famille politique et pour le Mali. Historien, professeur d\u2019enseignement sup\u00e9rieur \u00e0 la retraite, Drissa Diakit\u00e9 a servi notre syst\u00e8me d\u2019enseignement en qualit\u00e9 d\u2019enseignant \u00e0 l\u2019EN Sup, de doyen de la Facult\u00e9 des lettres, langues, arts et sciences humaines de l\u2019Universit\u00e9 de Bamako (Flash) et de conseiller technique aupr\u00e8s des ministres en charge de l\u2019Enseignement sup\u00e9rieur et de la Recherche scientifique.<\/p>\n\n\n\n<p>Son engagement et ses travaux remarquables sur l\u2019histoire de notre pays ainsi que ses ouvrages lui ont valu une renomm\u00e9e internationale et d\u2019\u00eatre \u00e9lev\u00e9 au rang d\u2019officier de l\u2019Ordre national du Mali.<\/p>\n\n\n\n<p>Il a \u00e9t\u00e9 prim\u00e9 du prestigieux&nbsp;<strong>\u201cPrix Mansa Makan Diabat\u00e9\u201d<\/strong>&nbsp;pour son livre&nbsp;<strong>\u201cKuyat\u00e9, la force du serment\u201d<\/strong>&nbsp;(L\u2019Harmattan, 2009) et du&nbsp;<strong>\u201cPrix Moussa Sow\u201d<\/strong>&nbsp;pour le&nbsp;<strong>\u201cMansaya et soci\u00e9t\u00e9 mandingue\u201d<\/strong>&nbsp;(La Sah\u00e9lienne, 2021).<\/p>\n\n\n\n<p>La lev\u00e9e du corps du Pr. Diakit\u00e9 a eu lieu le lundi 4 juillet 2022 \u00e0 10 h chez lui m\u00eame \u00e0 Kalabancoura ACI (Djeliba ka carr\u00e9).<\/p>\n\n\n\n<p><strong>Contr\u00f4leur g\u00e9n\u00e9ral Joseph Doumbia (16 juillet 2022)<\/strong><\/p>\n\n\n\n<figure class=\"wp-block-image alignright\" id=\"attachment_2983770\"><a href=\"https:\/\/www.maliweb.net\/wp-content\/news\/images\/2022\/07\/Joseph-Doumbia.jpg\" data-rel=\"penci-gallery-image-content\" ><img decoding=\"async\" src=\"https:\/\/www.maliweb.net\/wp-content\/news\/images\/2022\/07\/Joseph-Doumbia.jpg\" alt=\"\" class=\"wp-image-2983770\"\/><\/a><figcaption>Joseph Doumbia<\/figcaption><\/figure>\n\n\n\n<p>La triste nouvelle est tomb\u00e9e le samedi 16 juillet au petit matin : le directeur de la police judiciaire, le contr\u00f4leur g\u00e9n\u00e9ral Joseph Doumbia, est d\u00e9c\u00e9d\u00e9. Ce policier \u00e9m\u00e9rite qui a tout donn\u00e9 \u00e0 la nation est mort \u00e0 la t\u00e2che. Pour preuve ? Il est d\u00e9c\u00e9d\u00e9 suite \u00e0 un malaise survenu dans son bureau. C\u2019est un pilier de la s\u00e9curit\u00e9 du pays, au-del\u00e0 de la seule police nationale, qui rendait ainsi d\u00e9finitivement les armes.<\/p>\n\n\n\n<p>Comp\u00e9tent, s\u00e9rieux et exp\u00e9riment\u00e9, Joseph Doumbia commun\u00e9ment Jo l\u2019\u00e9tait. Son parcours dans les rangs de la police l\u2019atteste \u00e9loquemment. Par ses qualit\u00e9s et surtout un d\u00e9sir permanent de se perfectionner, Jo a patiemment gravi les \u00e9chelons de la police avant de se hisser au sommet de la hi\u00e9rarchie. En sa qualit\u00e9 de directeur de la police judiciaire, il coiffait des brigades importantes telles que la Bij (Brigade d\u2019investigation judiciaire), Interpol ou encore la Brigade des stup\u00e9fiants.<\/p>\n\n\n\n<p>Les obs\u00e8ques du contr\u00f4leur g\u00e9n\u00e9ral, Joseph Doumbia ont eu lieu le dimanche 17 juillet 2022, \u00e0 l\u2019Ecole nationale de police.<\/p>\n\n\n\n<p>Ce jour-l\u00e0, la nation malienne lui a rendu un dernier hommage \u00e0 travers une c\u00e9r\u00e9monie pleine d\u2019\u00e9motions sous la pr\u00e9sidence du ministre de la S\u00e9curit\u00e9 et de la Protection civile, le g\u00e9n\u00e9ral de brigade Daoud Aly Mohammedine, en pr\u00e9sence de toute la hi\u00e9rarchie polici\u00e8re, sans oublier ses parents, amis, proches et ses camarades de promotion.<\/p>\n\n\n\n<p>D\u2019apr\u00e8s le commissaire divisionnaire Mamoutou Togola, qui a eu l\u2019insigne honneur de lire l\u2019oraison fun\u00e8bre, Joseph Doumbia fut un formateur, un fonctionnaire \u00e9m\u00e9rite, dot\u00e9 d\u2019une conscience professionnelle aigu\u00eb et d\u2019un sens tr\u00e8s \u00e9lev\u00e9 du devoir.<\/p>\n\n\n\n<p><em>\u201cIl a \u00e9t\u00e9 not\u00e9 et appr\u00e9ci\u00e9 ainsi qu\u2019il suit par ses diff\u00e9rents chefs hi\u00e9rarchiques : Excellent, cadre courageux, gros travailleur, disciplin\u00e9, d\u00e9vou\u00e9, ponctuel, courageux, courtois, laborieux, donne enti\u00e8re satisfaction\u201d,<\/em>&nbsp;dira-t-il. Le Mali tout entier a perdu un digne fils puisque de 1977 \u00e0 2022, soit 45 ans,&nbsp;<strong>\u201cJo\u201d<\/strong>&nbsp;a servi la patrie avec d\u00e9vouement, courage, abn\u00e9gation, discipline et dans la joie.<\/p>\n\n\n\n<p>N\u00e9 le 12 f\u00e9vrier 1960 \u00e0 Kati, Joseph est le fils de feus Georges et Antoinette Coulibaly. Apr\u00e8s ses \u00e9tudes fondamentales sanctionn\u00e9es par le dipl\u00f4me d\u2019\u00e9tudes fondamentales (DEF), session de juin 1977, Jo se pr\u00e9sente au concours direct de recrutement d\u2019\u00e9l\u00e8ves gardien de la paix.<\/p>\n\n\n\n<p>Admis, il est nomm\u00e9 \u00e9l\u00e8ve gardien de la paix suivant d\u00e9cision n\u00b04721\/DNSP du 14 ao\u00fbt 1981. Il fut successivement gardien de paix, 1er \u00e9chelon le 1er octobre 1984, puis sergent-stagiaire le 3 mars 1987 et sergent de police, le 20 juin 1988.<\/p>\n\n\n\n<p>P\u00e9tri de qualit\u00e9s, Joseph se pr\u00e9sente au concours professionnel d\u2019acc\u00e8s au corps des inspecteurs de police et l\u2019obtint le 19 mai 1995. Apr\u00e8s un stage probatoire dans les diff\u00e9rentes unit\u00e9s, il est nomm\u00e9 inspecteur de police le 20 juillet 1996.<\/p>\n\n\n\n<p>Assidu au travail, Joseph est nomm\u00e9 \u00e9l\u00e8ve-commissaire de police en janvier 2003. Apr\u00e8s un stage probatoire, il est titularis\u00e9 commissaire de police, 1er \u00e9chelon en 2004. De 2004 \u00e0 2022, il gravit les diff\u00e9rents \u00e9chelons jusqu\u2019au grade de contr\u00f4leur g\u00e9n\u00e9ral.<\/p>\n\n\n\n<p>Durant sa riche et longue carri\u00e8re, Joseph Doumbia a servi de 2005 \u00e0 2017, soit 12 ans, en qualit\u00e9 de commandant de la Brigade d\u2019investigation judiciaires (BIJ).<\/p>\n\n\n\n<p>C\u2019est le 9 f\u00e9vrier 2017 qu\u2019il a \u00e9t\u00e9 nomm\u00e9 directeur de la police judiciaire. Pour ce faire, il \u00e9tait charg\u00e9 de la coordination des enqu\u00eates de police non seulement au niveau des unit\u00e9s de s\u00e9curit\u00e9 publique, mais aussi au niveau des unit\u00e9s sp\u00e9cialis\u00e9es \u00e0 savoir la Brigade d\u2019investigations judiciaires (Bij), la Brigade des stup\u00e9fiants, la Brigade des m\u0153urs, le BCN Interpol et le Syst\u00e8me d\u2019information polici\u00e8re en Afrique de l\u2019Ouest (Sipao).<\/p>\n\n\n\n<p>Pour la petite histoire, le contr\u00f4leur g\u00e9n\u00e9ral Joseph Doumbia a effectu\u00e9 de nombreux stages, notamment sur la lutte contre le terrorisme et la criminalit\u00e9 transnationale organis\u00e9e, le financement du terrorisme et le blanchiment des capitaux, la lutte antidrogue, la cybercriminalit\u00e9.<\/p>\n\n\n\n<p>R\u00e9put\u00e9 \u00eatre un grand flic, Jo a aussi jou\u00e9 un r\u00f4le d\u00e9terminant dans le d\u00e9mentiellement des groupes d\u2019auteurs criminels durant son passage \u00e0 la Bij.<\/p>\n\n\n\n<p>Ayant servi avec honneur, loyaut\u00e9 et int\u00e9grit\u00e9, le contr\u00f4leur g\u00e9n\u00e9ral de la police Joseph Doumbia a \u00e9t\u00e9 d\u00e9cor\u00e9 au grade de chevalier de l\u2019Ordre national. Il est \u00e9galement m\u00e9daill\u00e9 d\u2019honneur de la police nationale.<\/p>\n\n\n\n<p>Selon de nombreux agents de la police, Joseph Doumbia m\u00e9rite d\u2019\u00eatre immortalis\u00e9 \u00e0 travers une rue baptis\u00e9e en son nom. Apr\u00e8s le c\u00e9r\u00e9monial fun\u00e8bre et la pri\u00e8re mortuaire, la d\u00e9pouille a \u00e9t\u00e9 conduite \u00e0 sa derni\u00e8re demeure, au cimeti\u00e8re de Sotuba. Les c\u00e9r\u00e9monies des sacrifices ont eu lieu \u00e0 l\u2019Hippodrome.<\/p>\n\n\n\n<p><strong>Mme Demb\u00e9l\u00e9 Oul\u00e9matou&nbsp;<\/strong><strong>Sow (3 ao\u00fbt 2022)<\/strong><\/p>\n\n\n\n<p>Elle \u00e9tait la pr\u00e9sidente de la Coordination des associations et organisations f\u00e9minines (Cafo). Mme Demb\u00e9l\u00e9 Oul\u00e9matou Sow est d\u00e9c\u00e9d\u00e9e le mercredi 3 ao\u00fbt, \u00e0 l\u2019\u00e2ge de 63 ans. L\u2019enterrement a eu lieu le lendemain jeudi \u00e0 16 h dans la famille Demb\u00e9l\u00e9 \u00e0 Faladi\u00e9-Sema, chez son \u00e9poux Moumouni Demb\u00e9l\u00e9, ancien directeur g\u00e9n\u00e9ral des douanes du Mali. Elle repose au cimeti\u00e8re de Faladi\u00e9-Niamakoro.<\/p>\n\n\n\n<figure class=\"wp-block-image alignright is-resized\" id=\"attachment_2879352\"><a href=\"https:\/\/www.maliweb.net\/wp-content\/news\/images\/2020\/06\/Oulematou-Sow.jpg\" data-rel=\"penci-gallery-image-content\" ><img loading=\"lazy\" decoding=\"async\" src=\"https:\/\/www.maliweb.net\/wp-content\/news\/images\/2020\/06\/Oulematou-Sow.jpg\" alt=\"\" class=\"wp-image-2879352\" width=\"514\" height=\"449\"\/><\/a><figcaption>Demb\u00e9l\u00e9 Oulematou Sow<\/figcaption><\/figure>\n\n\n\n<p>Avec son d\u00e9part, le Mali perd une grande femme battante. Elle s\u2019\u00e9tait beaucoup investie dans le combat contre la discrimination \u00e0 l\u2019\u00e9gard des femmes, la lutte pour l\u2019\u00e9mancipation des femmes, l\u2019autonomisation et l\u2019ind\u00e9pendance de celles-ci, le combat pour le respect des droits des femmes, l\u2019\u00e9galit\u00e9, la dignit\u00e9 et la justice.<\/p>\n\n\n\n<p>Avec les sanctions de la C\u00e9d\u00e9ao, elle appelait les Maliens \u00e0 l\u2019effort en ces termes :&nbsp;<strong>\u201cMaliennes et Maliens dignes descendants des vaillants guerriers, l\u2019heure est \u00e0 l\u2019appel sous le drapeau pour sauver la patrie ! Notre d\u00e9termination a \u00e9t\u00e9 enclench\u00e9e, il nous revient d\u2019\u00eatre perspicaces, coriaces et solidaires, unis, afin d\u2019\u00e9quilibrer nos relations avec nos partenaires dans la dignit\u00e9 et dans l\u2019honneur\u2026\u201d&nbsp;<\/strong>Dors en paix combattante de la libert\u00e9 ! Ton appel ne sera pas vain !<\/p>\n\n\n\n<p><strong>Ibrahima Souleymane Coulibaly (19 ao\u00fbt 2022)<\/strong><\/p>\n\n\n\n<figure class=\"wp-block-image alignleft\"><a href=\"https:\/\/www.maliweb.net\/wp-content\/news\/images\/2022\/08\/Ibrahima-Souleymane-Coulibaly.jpg\" data-rel=\"penci-gallery-image-content\" ><img decoding=\"async\" src=\"https:\/\/www.maliweb.net\/wp-content\/news\/images\/2022\/08\/Ibrahima-Souleymane-Coulibaly.jpg\" alt=\"\" class=\"wp-image-2989034\"\/><\/a><\/figure>\n\n\n\n<p>Un grand de l\u2019ORTM a \u00e9t\u00e9 arrach\u00e9 \u00e0 notre affection le vendredi 19 ao\u00fbt 2022. Il s\u2019agit d\u2019Ibrahim Souleymane Coulibaly, un pionner qui a \u00e9t\u00e9 v\u00e9ritablement le fer de lance de l\u2019information et du journal t\u00e9l\u00e9vis\u00e9 en langue bamanankan sur l\u2019ORTM, et cela durant plus de trois d\u00e9cennies.<\/p>\n\n\n\n<p>Sa voix calme et son maniement de la langue imposaient l\u2019\u00e9coute. Au-del\u00e0 du JT, il a assur\u00e9 la retransmission de plusieurs grands \u00e9v\u00e9nements et conduit plusieurs grandes interviews dans la langue qu\u2019il ma\u00eetrisait tant, le bamanankan.&nbsp; Ibrahim Souleymane Coulibaly a \u00e9t\u00e9 inhum\u00e9 le jour du d\u00e9c\u00e8s de son ancien coll\u00e8gue de service Samba Sidib\u00e9, le samedi 20 ao\u00fbt.<\/p>\n\n\n\n<p><strong>Samba Sidib\u00e9 (20 ao\u00fbt 2022)<\/strong><\/p>\n\n\n\n<p>Le monde des m\u00e9dias a \u00e9t\u00e9 longuement visit\u00e9 par la grande Faucheuse courant 2022. En effet, Samba Sidib\u00e9, qui s\u2019occupait de la langue nationale peule \u00e0 l\u2019ORTM fut rappel\u00e9 \u00e0 Dieu le samedi 20 ao\u00fbt 2022, \u00e0 Bamako, \u00e0 l\u2019\u00e2ge de 70 ans, des suites d\u2019une longue maladie. Il a servi \u00e0 l\u2019ORTM de 1976 \u00e0 2022 comme fonctionnaire (pendant 37 ans) et ensuite comme contractuel (9 ans durant).<\/p>\n\n\n\n<figure class=\"wp-block-image alignright is-resized\" id=\"attachment_2989094\"><a href=\"https:\/\/www.maliweb.net\/wp-content\/news\/images\/2022\/08\/Samba-Sidibe.jpg\" data-rel=\"penci-gallery-image-content\" ><img loading=\"lazy\" decoding=\"async\" src=\"https:\/\/www.maliweb.net\/wp-content\/news\/images\/2022\/08\/Samba-Sidibe-225x300.jpg\" alt=\"\" class=\"wp-image-2989094\" width=\"535\" height=\"713\"\/><\/a><figcaption>Samba Sidib\u00e9<\/figcaption><\/figure>\n\n\n\n<p>Il \u00e9tait devenu au fil de sa carri\u00e8re un as du micro sur Radio-Mali avec l\u2019envie de promouvoir sa langue maternelle. En effet, \u201cPo\u00ef kan Po\u00ef\u201d, l\u2019\u00e9mission radiophonique phare 8 h-10 h des ann\u00e9es 80 sur Radio-Mali ou encore les bulletins d\u2019information en langue peule \u00e0 la radio et \u00e0 la TV nationales, ont fait de Samba Sidib\u00e9 une ic\u00f4ne des m\u00e9dias au Mali et dans les terroirs \u201cpularphones\u201d du Mali et dans la sous-r\u00e9gion.<\/p>\n\n\n\n<p>Il venait de loin, puisqu\u2019il fut berger, tablier, planton, puis animateur de radio. Il est ensuite recrut\u00e9 comme transcripteur peul \u00e0 Radio-Mali avec tous les honneurs. Par la suite, il devient assistant de r\u00e9alisation \u00e0 la suite d\u2019un concours d\u2019avancement.<\/p>\n\n\n\n<p>Il a \u00e9t\u00e9 inhum\u00e9 au lendemain de son d\u00e9c\u00e8s.<\/p>\n\n\n\n<p><strong>Nabintou Diakit\u00e9 (4 septembre 2022)<\/strong><\/p>\n\n\n\n<figure class=\"wp-block-image alignleft is-resized\"><a href=\"https:\/\/www.maliweb.net\/wp-content\/news\/images\/2022\/09\/Nabintou-Diakite.jpg\" data-rel=\"penci-gallery-image-content\" ><img loading=\"lazy\" decoding=\"async\" src=\"https:\/\/www.maliweb.net\/wp-content\/news\/images\/2022\/09\/Nabintou-Diakite-157x300.jpg\" alt=\"\" class=\"wp-image-2990579\" width=\"365\" height=\"697\"\/><\/a><\/figure>\n\n\n\n<p>Une autre artiste de renom nous a quitt\u00e9s le 4 septembre 2022, \u00e0 savoir Nabintou Diakit\u00e9, moins d\u2019un an apr\u00e8s la sortie de son 3e album, \u00e0 Fana, o\u00f9 elle \u00e9tait en s\u00e9jour th\u00e9rapeutique dans sa belle-famille. Une immense perte pour la musique malienne d\u00e9sormais orpheline d\u2019une artiste talentueuse qui \u00e9tait promise \u00e0 une tr\u00e8s brillante carri\u00e8re ! Elle s\u2019est battue contre la maladie sans jamais baisser les bras, entour\u00e9e de ses proches, dont son \u00e9poux Bertin Coulibaly toujours aux petits soins pour son \u00e9pouse. Grande dame de la musique malienne qui \u00e9tait sur la sc\u00e8ne depuis l\u2019\u00e2ge de 10 ans, Nabintou a fait ses premiers pas dans la chanson en tant que choriste aux c\u00f4t\u00e9s de sa cousine, la diva Oumou Sangar\u00e9. Elle se lance dans la musique avec \u201cNadiara Miy\u00e9\u201d sorti entre 1998 et 1999 sous la houlette du maestro Massambou W\u00e9l\u00e9 Diallo. Un coup d\u2019essai qui fut un v\u00e9ritable coup de ma\u00eetre. En d\u00e9cembre 2017, elle revient avec un nouveau single, \u201cSimaya\u201d (Long\u00e9vit\u00e9), puis \u201cDounia\u201d en novembre 2021 !&nbsp; Nabintou repose au cimeti\u00e8re de Fana.<\/p>\n\n\n\n<p><strong>Me Djourt\u00e9 Fatimata Demb\u00e9l\u00e9<\/strong><\/p>\n\n\n\n<p><strong>&nbsp;(19 septembre 2022)<\/strong><\/p>\n\n\n\n<p>D\u00e9c\u00e9d\u00e9e le 19 septembre \u00e0 l\u2019\u00e2ge de 69 ans, Me Djourt\u00e9 Fatimata Demb\u00e9l\u00e9 \u00e9tait l\u2019\u00e9pouse de notre confr\u00e8re de Radio-Mali, le doyen Baba Djourt\u00e9. Personne&nbsp; ressource pour les organisations de d\u00e9fense des droits de la femme et de l\u2019enfant au Mali depuis 1987, consultante formatrice en droits humains et droits de la citoyennet\u00e9, experte sur les<\/p>\n\n\n\n<figure class=\"wp-block-image alignright is-resized\" id=\"attachment_2993292\"><a href=\"https:\/\/www.maliweb.net\/wp-content\/news\/images\/2022\/09\/Mme-Diourte.jpg\" data-rel=\"penci-gallery-image-content\" ><img loading=\"lazy\" decoding=\"async\" src=\"https:\/\/www.maliweb.net\/wp-content\/news\/images\/2022\/09\/Mme-Diourte-300x224.jpg\" alt=\"\" class=\"wp-image-2993292\" width=\"584\" height=\"436\"\/><\/a><figcaption>Djourt\u00e9 Fatimata Demb\u00e9l\u00e9<\/figcaption><\/figure>\n\n\n\n<p>questions de violences bas\u00e9es sur le genre, violences sexuelles et sexistes : analyse-plaidoyer-appui \u00e0 l\u2019assistance juridique et judiciaire, membre du Groupe de r\u00e9flexion sur les grandes orientations en vue de la r\u00e9forme du droit de la famille, r\u00e9dactrice principale de la loi n\u00b02015-052 du 18 d\u00e9cembre 2015 instituant des mesures pour promouvoir le genre dans l\u2019acc\u00e8s aux fonctions nominatives et \u00e9lectives sur le quota et les violences bas\u00e9es sur le genre, coordinatrice pour l\u2019\u00e9laboration d\u2019un guide juridique de protection de la femme et de l\u2019enfant du minist\u00e8re de la Justice\/Programme conjoint des droits humains, Me Djourt\u00e9 Fatimata Demb\u00e9l\u00e9 n\u2019a pas v\u00e9cu inutile. Elle a consacr\u00e9 toute sa vie \u00e0 l\u2019humanit\u00e9, c\u2019est-\u00e0-dire se rendre utile en aidant les autres.<\/p>\n\n\n\n<p>Me Djourt\u00e9 Fatimata Demb\u00e9l\u00e9 a d\u00e9croch\u00e9 son baccalaur\u00e9at en 1973 au lyc\u00e9e Notre Dame du Niger, option philo-langues. Elle b\u00e9n\u00e9ficie d\u2019une bourse et s\u2019envole pour l\u2019Universit\u00e9 des sciences sociales de Toulouse-Facult\u00e9 de droit. Elle y passa huit ans (1973-1981), date \u00e0 laquelle elle obtient son Certificat d\u2019aptitude \u00e0 la profession d\u2019avocat (Capa). Alors commen\u00e7a pour cette passionn\u00e9e du droit une longue et riche carri\u00e8re judiciaire diversifi\u00e9e avec comme pr\u00e9tention la d\u00e9fense des plus faibles, et toutes autres activit\u00e9s concourant \u00e0 la p\u00e9rennisation de ce combat qu\u2019elle a \u00e9pous\u00e9 d\u00e8s ses premi\u00e8res heures au Barreau malien.<\/p>\n\n\n\n<p>Son parcours professionnel est tr\u00e8s riche puisqu\u2019elle a cumul\u00e9 34 ans d\u2019exp\u00e9rience au Barreau, et 30 ans dans le domaine des droits humains.<\/p>\n\n\n\n<p>Nous retenons essentiellement qu\u2019elle fut commissaire des droits de l\u2019Homme \u00e0 la Commission nationale des droits de l\u2019Homme (CNDH), expert pour l\u2019\u00e9laboration des rapports p\u00e9riodiques pr\u00e9sent\u00e9s aux organes des trait\u00e9s, pr\u00e9sidente du Groupe de travail sur les droits cat\u00e9goriels \u00e0 la CNDH (femmes, enfants et autres personnes vuln\u00e9rables), membre de la sous-commission protection des droits de l\u2019Homme, membre du comit\u00e9 technique du projet&nbsp;<strong>\u201cStop War on Children\u201d<\/strong>, membre du comit\u00e9 de pilotage du Projet d\u2019appui \u00e0 la protection des enfants victimes, membre du Conseil de l\u2019Ordre des avocats du Mali ( 1988-1994), experte de l\u2019Union interparlementaire pour la formation des parlementaires africains dans les pays en situation de post conflit sur les droits humains, droit des femmes et des enfants, les violences faites aux femmes : Burundi, Mali, RD Congo, Burkina Faso, vice-pr\u00e9sidente du comit\u00e9 de pilotage pour la r\u00e9forme du droit de la famille.<\/p>\n\n\n\n<p>En plus, Me Djourt\u00e9 Fatimata Demb\u00e9l\u00e9 a particip\u00e9 \u00e0 une vingtaine de formations \u00e0 l\u2019\u00e9tranger sur divers th\u00e8mes. Elle fut directrice de la Maison de la femme et de l\u2019Enfant pendant cinq ans, de 2011-2016.<\/p>\n\n\n\n<p>A son d\u00e9c\u00e8s, le Barreau malien lui a rendu un vibrant hommage dans une oraison fun\u00e8bre.&nbsp;&nbsp;<em>\u201cNous avons collabor\u00e9 \u00e0 la CNDH, elle est une femme exceptionnelle qui incarnait la bont\u00e9, c\u2019est-\u00e0-dire qu\u2019elle n\u2019\u00e9tait \u00e0 l\u2019aise qu\u2019en venant en aide aux autres. Certes la mort est in\u00e9vitable, mais Me Djourt\u00e9 aurait d\u00fb encore rest\u00e9e. Parce qu\u2019elle avait le don du social\u201d<\/em>, avait t\u00e9moign\u00e9 un \u00e9minent avocat \u00e0 propos de Me Djourt\u00e9.<\/p>\n\n\n\n<p><strong>Younoussi Tour\u00e9 (17 octobre 2022)<\/strong><\/p>\n\n\n\n<p>Younoussi Tour\u00e9 est d\u00e9c\u00e9d\u00e9 le 17 octobre 2022 \u00e0 Paris, en France, des suites de maladie \u00e0 l\u2019\u00e2ge de 81 ans. La terrible nouvelle fut annonc\u00e9e par son parti politique, l\u2019URD.<\/p>\n\n\n\n<figure class=\"wp-block-image alignleft is-resized\"><a href=\"https:\/\/www.maliweb.net\/wp-content\/news\/images\/2022\/10\/Younoussi-Toure-1.jpg\" data-rel=\"penci-gallery-image-content\" ><img loading=\"lazy\" decoding=\"async\" src=\"https:\/\/www.maliweb.net\/wp-content\/news\/images\/2022\/10\/Younoussi-Toure-1-268x300.jpg\" alt=\"\" class=\"wp-image-2995934\" width=\"518\" height=\"580\"\/><\/a><\/figure>\n\n\n\n<p>N\u00e9 le 1er janvier 1941 \u00e0 Niodougou, Younoussi Tour\u00e9, apr\u00e8s des \u00e9tudes primaires et secondaire \u00e0 Niafunk\u00e9, passe par l\u2019Ecole des artisans soudanais, l\u2019Ecole normale de S\u00e9var\u00e9, l\u2019Ecole normale de Katibougou. Il commence ses \u00e9tudes universitaires en 1963 \u00e0 l\u2019Universit\u00e9 d\u2019Abidjan, d\u2019o\u00f9 il sort en juin 1965 avec le dipl\u00f4me d\u2019\u00e9tudes \u00e9conomiques g\u00e9n\u00e9rales (DEEG). Il continue ses \u00e9tudes \u00e0 l\u2019Universit\u00e9 de Dakar \u00e0 l\u2019Ecole de formation technique de la Banque de France.<\/p>\n\n\n\n<p>Il est titulaire d\u2019un dipl\u00f4me d\u2019\u00e9tudes sup\u00e9rieures sp\u00e9cialis\u00e9es en sciences \u00e9conomiques. A l\u2019Universit\u00e9 de Dakar, il est secr\u00e9taire g\u00e9n\u00e9ral de l\u2019Association des \u00e9tudiants et stagiaires maliens \u00e0 Dakar (AESMD).<\/p>\n\n\n\n<p>Il a travaill\u00e9 \u00e0 la Banque centrale du Mali dont il a \u00e9t\u00e9 le directeur g\u00e9n\u00e9ral, avant de devenir, plus tard, conseiller sp\u00e9cial du gouverneur de la Banque centrale des Etats de l\u2019Afrique de l\u2019Ouest (Bc\u00e9ao).<\/p>\n\n\n\n<p>Tout premier Premier ministre de l\u2019\u00e8re d\u00e9mocratique du 9 juin 1992 au 12 avril 1993, Younoussi Tour\u00e9 fut membre fondateur de l\u2019URD dont il pr\u00e9sidera la destin\u00e9e pendant onze ans (2003-2014) et dont il \u00e9tait pr\u00e9sident d\u2019honneur jusqu\u2019\u00e0 son d\u00e9c\u00e8s.<\/p>\n\n\n\n<p>Grand commis de l\u2019Etat, Younoussi Tour\u00e9 fut une personnalit\u00e9 politique de premier plan, dont la contribution \u00e0 la r\u00e9conciliation nationale, \u00e0 la coh\u00e9sion sociale et au rassemblement des forces vives du pays a \u00e9t\u00e9 tr\u00e8s importante. Travailleur acharn\u00e9, loyal, fid\u00e8le, mod\u00e8le achev\u00e9 de comp\u00e9tence et de d\u00e9vouement \u00e0 la cause nationale, il a \u00e9t\u00e9 1er vice-pr\u00e9sident de l\u2019Assembl\u00e9e nationale et pr\u00e9sident d\u00e9sign\u00e9 de la m\u00eame institution suite \u00e0 l\u2019investiture de Dioncounda comme pr\u00e9sident de la Transition de 2012.<\/p>\n\n\n\n<p>Younoussi fut \u00e9galement \u00e9crivain \u00e0 ses temps libres. Il est l\u2019auteur du livre&nbsp;<em>\u201cL\u2019enfant du lac Takiti au Mali\u201d.<\/em>&nbsp;Dans ce r\u00e9cit biographique de 360 pages, paru en mars 2017, l\u2019auteur se fait conteur pour partager le film de sa vie,&nbsp;<em>\u201ccet enfant qui a saisi la balle au rebond de l\u2019histoire avec courage et curiosit\u00e9 depuis son village natal de Niodougou\u201d.<\/em><\/p>\n\n\n\n<p>A l\u2019annonce de sa disparition, le monde politique d\u2019ici et d\u2019ailleurs, sa grande famille politique, l\u2019URD, et l\u2019ensemble du peuple malien ont accueilli cette perte comme un coup dur pour la nation tant furent \u00e9normes les \u0153uvres de Younoussi pour son pays.<\/p>\n\n\n\n<p><em>\u201cA sa famille durement \u00e9plor\u00e9e et \u00e0 la section URD de Niafunk\u00e9, le Pr. Salikou Sanogo et l\u2019ensemble des membres du BEN URD pr\u00e9sentent leurs sinc\u00e8res condol\u00e9ances. Dors en paix Monsieur le Pr\u00e9sident, le peuple URD ne t\u2019oubliera jamais !\u201d<\/em>, a r\u00e9agi son parti. L\u2019Ad\u00e9ma\/PASJ a salu\u00e9 la m\u00e9moire d\u2019<em>\u201cun grand serviteur de l\u2019Etat, une personnalit\u00e9 politique de premier plan, dont la contribution \u00e0 la r\u00e9conciliation nationale, \u00e0 la coh\u00e9sion sociale et au rassemblement des forces vives du pays a \u00e9t\u00e9 tr\u00e8s importante\u201d.<\/em><\/p>\n\n\n\n<p>De son c\u00f4t\u00e9, Me Demba Traor\u00e9, membre du BEN-URD et tr\u00e8s proche du d\u00e9funt, couche sur papier un t\u00e9moignage \u00e9mouvant :&nbsp;<em>\u201cQue d\u2019\u00e9preuves pour le peuple de l\u2019URD ! Le choc est terrible, indescriptible. Oh quelle tristesse de te voir perdre l\u2019ultime bataille contre la maladie \u00e0 un moment o\u00f9 la nouvelle g\u00e9n\u00e9ration avait encore besoin de ton immense exp\u00e9rience d\u2019homme d\u2019Etat plein de sagesse, de militant \u00e9m\u00e9rite, de dirigeant exemplaire et respect\u00e9 qui a d\u00e9di\u00e9 son combat politique \u00e0 la r\u00e9conciliation nationale, \u00e0 la justice et au d\u00e9veloppement de son pays, le Mali. Tu as dirig\u00e9 des institutions nationales et sous-r\u00e9gionales avec honneur et dignit\u00e9. Cadre d\u2019une comp\u00e9tence et d\u2019une probit\u00e9 morale irr\u00e9prochables, tu as marqu\u00e9 toutes et tous par ta simplicit\u00e9, ton humanit\u00e9, ta grande sagesse. Comment pourrais-je oublier ton humilit\u00e9, ta grande capacit\u00e9 d\u2019\u00e9coute et le respect que tu as toujours vou\u00e9 aux autres ? Tu as dirig\u00e9 notre parti, l\u2019URD, avec courage, loyaut\u00e9, fid\u00e9lit\u00e9 sans jamais t\u2019\u00e9loigner des r\u00e8gles du jeu d\u00e9mocratique, avec comme seul br\u00e9viaire la v\u00e9rit\u00e9, rien que la v\u00e9rit\u00e9. Ton leadership, ta carri\u00e8re et ta collaboration unanimement appr\u00e9ci\u00e9s et admir\u00e9s, ta complicit\u00e9 sinon ta compl\u00e9mentarit\u00e9 avec ton d\u00e9funt et inoubliable fr\u00e8re Souma\u00efla Ciss\u00e9, ont fait de l\u2019URD le parti le mieux structur\u00e9, le mieux implant\u00e9 et le plus envi\u00e9 sur l\u2019\u00e9chiquier politique national. Oh que de sacrifices consentis ! Je t\u2019ai vu arpenter les couloirs et les salles de r\u00e9union de l\u2019Assembl\u00e9e nationale pour t\u2019acquitter, dans les r\u00e8gles de l\u2019art, de tes devoirs de parlementaire, je t\u2019ai vu faire le tour du Mali pour visiter tes camarades de l\u2019int\u00e9rieur, parfois dans des conditions de voyage tr\u00e8s difficiles, mais avec enthousiasme et d\u00e9termination\u201d.<\/em><\/p>\n\n\n\n<p>Un dernier hommage a \u00e9t\u00e9 rendu \u00e0 Younoussi \u00e0 l\u2019Hippodrome le vendredi 21 octobre \u00e0 16 h avant qu\u2019il ne soit conduit \u00e0 sa derni\u00e8re demeure au cimeti\u00e8re de Sotuba.<\/p>\n\n\n\n<p><strong>Salif Sangar\u00e9 (30 novembre 2022)<\/strong><\/p>\n\n\n\n<figure class=\"wp-block-image alignleft is-resized\"><a href=\"https:\/\/www.maliweb.net\/wp-content\/news\/images\/2023\/01\/Salif-Sangare.jpg\" data-rel=\"penci-gallery-image-content\" ><img loading=\"lazy\" decoding=\"async\" src=\"https:\/\/www.maliweb.net\/wp-content\/news\/images\/2023\/01\/Salif-Sangare-241x300.jpg\" alt=\"\" class=\"wp-image-3007641\" width=\"365\" height=\"454\"\/><\/a><\/figure>\n\n\n\n<p><strong>Un journaliste hors pair ayant fait la notori\u00e9t\u00e9 du journal \u201cLe Soir de Bamako\u201d, Salif Sangar\u00e9 \u00e9tait un homme qui aimait son m\u00e9tier et qui \u00e9crivait avec objectivit\u00e9.<\/strong><\/p>\n\n\n\n<p>Apr\u00e8s l\u2019aventure de \u201cLe Soir de Bamako\u201d, il cr\u00e9a l\u2019hebdomadaire d\u2019information \u201cLe Regard\u201d. Grand d\u00e9fenseur des sans voix, Salif Sangar\u00e9 apportait son expertise en mati\u00e8re de droit aux plus faibles, et nous l\u2019avons vu \u00e0 l\u2019\u0153uvre sur ce chantier \u00e0 plusieurs reprises. Discret et humble, il a tir\u00e9 sa r\u00e9v\u00e9rence en toute discr\u00e9tion et dans la dignit\u00e9 le 30 novembre 2022. Repose en paix, cher Directeur !<\/p>\n\n\n\n<p><strong>Yehia Ould Zarawana<\/strong><strong>&nbsp;(27 octobre 2022)<\/strong><\/p>\n\n\n\n<p>Un autre grand avocat du Barreau malien, l\u2019ancien secr\u00e9taire g\u00e9n\u00e9ral du bureau de coordination nationale de l\u2019Association des \u00e9l\u00e8ves et \u00e9tudiants du Mali (AEEM) de 1993 \u00e0 1995, Yahia Oud Zarawana, est d\u00e9c\u00e9d\u00e9 dans la nuit du jeudi 27 octobre 2022 \u00e0 Bamako, Kalabancoura, suite \u00e0 une courte maladie. Ses obs\u00e8ques ont eu lieu chez son ami Abdoulaye Ma\u00efga d\u2019o\u00f9 il fut conduit au cimeti\u00e8re de Kalabancoura.<\/p>\n\n\n\n<figure class=\"wp-block-image alignright is-resized\" id=\"attachment_2996694\"><a href=\"https:\/\/www.maliweb.net\/wp-content\/news\/images\/2022\/10\/Yahia-Oud-Zarawana.jpeg\" data-rel=\"penci-gallery-image-content\" ><img loading=\"lazy\" decoding=\"async\" src=\"https:\/\/www.maliweb.net\/wp-content\/news\/images\/2022\/10\/Yahia-Oud-Zarawana-300x240.jpeg\" alt=\"\" class=\"wp-image-2996694\" width=\"519\" height=\"415\"\/><\/a><figcaption>Yahia Oud Zarawana<\/figcaption><\/figure>\n\n\n\n<p>Leader charismatique de la p\u00e9riode d\u2019apr\u00e8s le Mouvement d\u00e9mocratique, Yahia Zarawana a \u00e9t\u00e9 arr\u00eat\u00e9 par les forces de l\u2019ordre au fort moment de la lutte syndicale sous le r\u00e9gime de l\u2019ancien pr\u00e9sident Alpha Oumar Konar\u00e9 pour avoir r\u00e9clam\u00e9 de meilleures conditions d\u2019\u00e9tudes pour les \u00e9l\u00e8ves et \u00e9tudiants du Mali.<\/p>\n\n\n\n<p>Juriste de formation, Yahia Oud Zarawana \u00e9tait titulaire d\u2019un dipl\u00f4me d\u2019\u00e9tudes approfondies (DEA) en droit obtenu \u00e0 l\u2019Universit\u00e9 de Grenoble en France, avant de passer le concours d\u2019aptitude \u00e0 la profession d\u2019avocat (Capa) \u00e0 l\u2019Ecole des avocats de Lyon en 2005. Il s\u2019inscrit alors comme avocat au Barreau de Paris.<\/p>\n\n\n\n<p>Apr\u00e8s son retour au Mali en 2007, il servira dans l\u2019administration publique malienne notamment au minist\u00e8re des Affaires religieuses et du Culte en 2014 en qualit\u00e9 de charg\u00e9 de mission, ainsi qu\u2019\u00e0 la pr\u00e9sidence de la R\u00e9publique.<\/p>\n\n\n\n<p><strong>Mah Kouyat\u00e9 N\u00b02 (7 novembre 2022)<\/strong><\/p>\n\n\n\n<figure class=\"wp-block-image alignleft is-resized\"><a href=\"https:\/\/www.maliweb.net\/wp-content\/news\/images\/2016\/10\/sddefault-19.jpg\" data-rel=\"penci-gallery-image-content\" ><img loading=\"lazy\" decoding=\"async\" src=\"https:\/\/www.maliweb.net\/wp-content\/news\/images\/2016\/10\/sddefault-19-300x225.jpg\" alt=\"Mah kouyate\" class=\"wp-image-1839512\" width=\"515\" height=\"386\"\/><\/a><\/figure>\n\n\n\n<p>2022 fut une ann\u00e9e \u00e9prouvante pour le monde des arts et de la culture, avec la disparition de Mah Kouyat\u00e9 N\u00b02, le lundi 7 novembre 2022 des suites de maladie \u00e0 l\u2019\u00e2ge de 46 ans. La nouvelle de cette disparition brusque a cr\u00e9\u00e9 l\u2019\u00e9moi dans l\u2019opinion publique nationale. Durant sa brillante carri\u00e8re, Konat\u00e9 Mah Kouyat\u00e9 a \u00e9t\u00e9 une artiste exemplaire pour son sens \u00e9lev\u00e9 d\u2019humilit\u00e9.<\/p>\n\n\n\n<p>Avec une trentaine d\u2019\u0153uvres, dont 11 albums dans sa discographie de 1996 \u00e0 son d\u00e9c\u00e8s, elle n\u2019a jamais \u00e9t\u00e9 m\u00eal\u00e9e \u00e0 un quelconque scandale, contrairement \u00e0 bon nombre de jeunes artistes. Elle \u00e9tait la m\u00e8re de 4 enfants. Elle n\u2019a jamais fait myst\u00e8re de sa frustration face au manque de reconnaissance nationale \u00e0 son immense contribution \u00e0 la musique malienne et \u00e0 son engagement pour la patrie. La preuve de cet engagement, c\u2019est Me Mamadou Isma\u00efla Konat\u00e9, avocat et ancien ministre, qui a su le dire le mieux en apprenant son d\u00e9c\u00e8s :&nbsp;<em>\u201cUne superbe diva de la musique mandingue cesse d\u00e9sormais de donner de la voix ! Elle ne chantera plus l\u2019amour, le pardon, les vertus de la sagesse et de l\u2019amiti\u00e9 ! Elle ne parlera plus \u00e0 ses djatiguiw, ne chantera plus leurs louanges !\u201d<\/em>&nbsp;Elle repose depuis le mardi 8 novembre 2022 au cimeti\u00e8re de Faladi\u00e9-Niamakoro o\u00f9 elle a \u00e9t\u00e9 conduite par une foule d\u2019amis, de parents et de proches collaborateurs.<\/p>\n\n\n\n<p>Aux obs\u00e8ques, qui ont eu lieu dans la grande famille Kouyat\u00e9 \u00e0 Banankabougou, le ministre en charge de la Culture, Andogoly Guindo, et son coll\u00e8gue d\u00e9l\u00e9gu\u00e9 aupr\u00e8s du ministre de la Sant\u00e9 et du D\u00e9veloppement social, charg\u00e9 de l\u2019Action humanitaire, Oumarou Diarra \u00e9taient pr\u00e9sents. A l\u2019occasion, S\u00e9kouba Kouyat\u00e9 dit Donsoba, fr\u00e8re a\u00een\u00e9 de la d\u00e9funte, a remerci\u00e9 tous ceux qui ont effectu\u00e9 le d\u00e9placement pour assister aux fun\u00e9railles de sa s\u0153ur :&nbsp;<em>\u201cDu Mali au Burkina en passant par le S\u00e9n\u00e9gal et la Guin\u00e9e-Conakry, je salue tout le monde. Mah \u00e9tait une femme extraordinaire, tr\u00e8s humble, courageuse, une bonne m\u00e8re et une bonne s\u0153ur. Nous prions pour elle. Humble, gentille et courtoise, Mah Kouyat\u00e9 N\u00b02 l\u2019a \u00e9t\u00e9 durant toute la vie\u201d.<\/em><\/p>\n\n\n\n<p>Pour Andogoly Guindo, ministre de la Culture, Mah Kouyat\u00e9 N\u00b02 \u00e9tait une grande voix :&nbsp;<em>\u201cElle a apport\u00e9 une contribution immense \u00e0 la promotion de la culture malienne \u00e0 travers la musique manding. Nous prions pour le repos de son \u00e2me et nous prions aussi pour que ses \u0153uvres puissent servir d\u2019exemple aux g\u00e9n\u00e9rations montantes. Sa famille et celle de son \u00e9poux l\u2019ont fait savoir lors des t\u00e9moignages. Ses collaborateurs n\u2019ont pas tari d\u2019\u00e9loge \u00e0 son \u00e9gard\u201d.<\/em>&nbsp;Abdoulaye Diabat\u00e9, chanteur-musicien, dira que c\u2019\u00e9tait une tr\u00e8s grande griotte.&nbsp;<em>\u201cMah \u00e9tait une artiste, une griotte de valeur et de classe. Elle a fait la promotion du griotisme durant toute sa vie\u201d.<\/em><\/p>\n\n\n\n<p>Pour Cheick Tidiane Seck, auteur compositeur,&nbsp;<em>\u201celle \u00e9tait l\u00e0 comme de l\u2019or pur. C\u2019\u00e9tait une battante qui r\u00e9pondait \u00e0 tout\u201d.<\/em><\/p>\n\n\n\n<p><strong>Mall\u00e9 Diakit\u00e9&nbsp;<\/strong><strong>(29 novembre 2022)<\/strong><\/p>\n\n\n\n<p>Dans la nuit du 28 au 29 novembre 2022, Mall\u00e9 Diakit\u00e9, ce magistrat de haut rang que les Maliens ont r\u00e9ellement d\u00e9couvert lors du proc\u00e8s crimes de sang du g\u00e9n\u00e9ral Moussa Traor\u00e9, a d\u00e9finitivement d\u00e9pos\u00e9 sa toge de magistrat, en r\u00e9pondant \u00e0 l\u2019appel Dieu. Il avait 74 ans.<\/p>\n\n\n\n<p>Au terme du proc\u00e8s \u201cCrimes de sang\u201d (1992-1993), la Cour d\u2019assises, sous la pr\u00e9sidence de Mall\u00e9 Diakit\u00e9, a rendu un verdict sans complaisance : l\u2019ex-pr\u00e9sident Moussa Traor\u00e9 et trois de ses proches, tous tenus pour responsables de la mort de cent six (106) personnes lors des \u00e9meutes de mars 1991 \u00e0 Bamako, ont \u00e9t\u00e9 condamn\u00e9s \u00e0 la peine capitale. Vingt-huit (28) autres accus\u00e9s, anciens ministres et dignitaires de l\u2019ex-parti unique, l\u2019Union d\u00e9mocratique du peuple malien (UDPM), ont \u00e9t\u00e9 acquitt\u00e9s.<\/p>\n\n\n\n<figure class=\"wp-block-image alignright is-resized\"><a href=\"https:\/\/www.maliweb.net\/wp-content\/news\/images\/2023\/01\/Sekouba-Kone.jpg\" data-rel=\"penci-gallery-image-content\" ><img loading=\"lazy\" decoding=\"async\" src=\"https:\/\/www.maliweb.net\/wp-content\/news\/images\/2023\/01\/Sekouba-Kone-169x300.jpg\" alt=\"\" class=\"wp-image-3007644\" width=\"345\" height=\"612\"\/><\/a><\/figure>\n\n\n\n<p><strong>S\u00e9kouba Kon\u00e9, garde du corps d\u2019IBK (26 octobre 2022)<\/strong><\/p>\n\n\n\n<p>Le capitaine S\u00e9kouba Kon\u00e9, ancien garde de corps de tout le temps de feu le pr\u00e9sident Ibrahim Boubacar K\u00e9ita, est d\u00e9c\u00e9d\u00e9 le mercredi 26 octobre 2022 \u00e0 Bamako. La lev\u00e9e du corps a eu lieu le jeudi 27 octobre au Camp II de la gendarmerie nationale \u00e0 14 h.<\/p>\n\n\n\n<p><strong>Mme Demb\u00e9l\u00e9 Dj\u00e9n\u00e9ba Tour\u00e9 (14 septembre 2022)<\/strong><\/p>\n\n\n\n<figure class=\"wp-block-image alignleft is-resized\"><a href=\"https:\/\/www.maliweb.net\/wp-content\/news\/images\/2023\/01\/Mme-Dembele-Djeneba-Toure.jpg\" data-rel=\"penci-gallery-image-content\" ><img loading=\"lazy\" decoding=\"async\" src=\"https:\/\/www.maliweb.net\/wp-content\/news\/images\/2023\/01\/Mme-Dembele-Djeneba-Toure-300x269.jpg\" alt=\"\" class=\"wp-image-3007635\" width=\"322\" height=\"289\"\/><\/a><\/figure>\n\n\n\n<p>Mme Demb\u00e9l\u00e9 Dj\u00e9n\u00e9ba Tour\u00e9 est d\u00e9c\u00e9d\u00e9 le 14 septembre 2022. Epouse de feu le Pr. Mamadou Demb\u00e9l\u00e9 (ancien Premier ministre) Mme Demb\u00e9l\u00e9 fit ses \u00e9tudes primaires \u00e0 l\u2019\u00e9cole de la R\u00e9publique \u00e0 Bagadadji, puis au lyc\u00e9e des Jeunes filles. Elle a fait ses \u00e9tudes de sage-femme \u00e0 Nancy (France).<\/p>\n\n\n\n<p>Rentr\u00e9e au Mali avec son \u00e9poux en 1967, elle a servi comme sage-femme \u00e0 la maternit\u00e9 de l\u2019h\u00f4pital du Point-G, puis \u00e0 la PMI centrale \u00e0 Bamako-Coura, pour terminer comme responsable de la maternit\u00e9 du Cabinet m\u00e9dical de la Pharmacie populaire.&nbsp; Mme Demb\u00e9l\u00e9 est aussi la pionni\u00e8re dans la prise en charge des femmes dans le cadre du planning familial \u00e0 la PMI de Niar\u00e9la qui \u00e9tait un centre pilote. Mme Demb\u00e9l\u00e9 a aussi enseign\u00e9 durant plusieurs ann\u00e9es \u00e0 l\u2019\u00e9cole de sages-femmes du Mali. Beaucoup d\u2019enfants du Mali sont pass\u00e9s entre ses mains entre 1967-1990. C\u2019est en 1990 qu\u2019elle a pris une disponibilit\u00e9 pour suive son mari dans sa carri\u00e8re \u00e0 l\u2019Organisation mondiale de la sant\u00e9 (OMS).<\/p>\n\n\n\n<p>Mme Demb\u00e9l\u00e9 n\u2019a jamais re\u00e7u de distinction honorifique au Mali, malgr\u00e9 son immense carri\u00e8re. Mme Demb\u00e9l\u00e9 c\u2019\u00e9tait juste une maman et une grand-m\u00e8re aimante. Elle repose d\u00e9sormais au cimeti\u00e8re de Hamdallaye aux c\u00f4t\u00e9s de son \u00e9poux.<\/p>\n\n\n\n<p><strong>Salif Gaoussou Diarra<\/strong><strong>&nbsp;(2 novembre 2022)<\/strong><\/p>\n\n\n\n<p>Le monde du football et de la s\u00e9curit\u00e9 sociale a appris le d\u00e9c\u00e8s, le soir du 2 novembre 2022, de Salif Gaoussou Diarra, un monument du football malien et de la presse sportive du Mali.&nbsp; V\u00e9ritable autodidacte, Salif Gaoussou Diarra d\u00e9croche le CEP en 1949 \u00e0 l\u2019Ecole Jean-Louis Monaud. Apr\u00e8s un an et demi au lyc\u00e9e Terrasson de Foug\u00e8res, il est victime<\/p>\n\n\n\n<figure class=\"wp-block-image alignright is-resized\" id=\"attachment_2997751\"><a href=\"https:\/\/www.maliweb.net\/wp-content\/news\/images\/2022\/11\/Gaoussou-Diarra.jpg\" data-rel=\"penci-gallery-image-content\" ><img loading=\"lazy\" decoding=\"async\" src=\"https:\/\/www.maliweb.net\/wp-content\/news\/images\/2022\/11\/Gaoussou-Diarra-225x300.jpg\" alt=\"\" class=\"wp-image-2997751\" width=\"515\" height=\"687\"\/><\/a><figcaption>Salif Gaoussou Diarra<\/figcaption><\/figure>\n\n\n\n<p>d\u2019une circulaire de l\u2019administration coloniale qui d\u00e9cida de l\u2019exclusion de tous les auditeurs libres. Il retourna \u00e0 la maison le c\u0153ur meurtri. Pour apaiser sa douleur, le vieux Gaoussou Diarra recruta un enseignant pour lui dispenser des cours \u00e0 domicile.<\/p>\n\n\n\n<p>Devenu un intellectuel sans dipl\u00f4me (le seul CEP \u00e9tait insuffisant pour d\u00e9crocher un emploi), son p\u00e8re, par ses relations, le fit recruter aux Etablissements Peyrissac et Compagnie comme commis aux \u00e9critures en 1955. C\u2019est de l\u00e0 que son oncle le pla\u00e7a \u00e0 l\u2019INPS, le 1er juillet 1957. Apr\u00e8s 20 ans de service, il est nomm\u00e9 agent comptable en 1977, un poste qu\u2019il ne quittera qu\u2019\u00e0 sa retraite en 1990. A partir de ces temps, il se concentra sur la gestion des ressources financi\u00e8res du football malien, en sa qualit\u00e9 de tr\u00e9sorier g\u00e9n\u00e9ral. Passionn\u00e9 de football, il a aussi \u00e9t\u00e9 membre de l\u2019\u00e9quipe dirigeante du Djoliba AC.<\/p>\n\n\n\n<p>Entre-temps, il a \u00e9t\u00e9 collaborateur ext\u00e9rieur de Radio-Mali de 1958 \u00e0 1981. En 1972, il \u00e9tait l\u2019Envoy\u00e9 sp\u00e9cial de la Radio \u00e0 Yaound\u00e9 lors de la Can. La lev\u00e9e du corps de Salif Gaoussou Diarra a eu lieu, le vendredi 4 novembre \u00e0 M\u00e9dina-Coura (Bamako), apr\u00e8s la pri\u00e8re du vendredi.<\/p>\n\n\n\n<p><strong>Issa Yattassaye dit Lech&nbsp;<\/strong><strong>(12 novembre 2022)<\/strong><\/p>\n\n\n\n<figure class=\"wp-block-image alignleft is-resized\"><a href=\"https:\/\/www.maliweb.net\/wp-content\/news\/images\/2023\/01\/Issa-Yattassaye.jpg\" data-rel=\"penci-gallery-image-content\" ><img loading=\"lazy\" decoding=\"async\" src=\"https:\/\/www.maliweb.net\/wp-content\/news\/images\/2023\/01\/Issa-Yattassaye-266x300.jpg\" alt=\"\" class=\"wp-image-3007623\" width=\"512\" height=\"577\"\/><\/a><\/figure>\n\n\n\n<p>Ancien joueur du Stade malien de Bamako, Issa Yattassaye dit Lech nous a quitt\u00e9s le 12 novembre 2022. Il est le 12e Aigle du Mali de&nbsp;<strong>\u201cYaound\u00e9-72\u201d<\/strong>&nbsp;qui laisse ce monde bas. Il rejoint aux cieux Bassirou Diamout\u00e9n\u00e9, Ousmane Traor\u00e9 Ousmanebleny, Moussa Diakit\u00e9 UTA, Bassidiki dit Bakoroba Tour\u00e9, Moussa Traor\u00e9&nbsp;<strong>\u201cGigla\u201d<\/strong>, Mamadou K\u00e9ita dit Capi, S\u00e9kou Sangar\u00e9, Moctar Ma\u00efga, Idrissa Kant\u00e9 dit Gorgui, Idrissa Coulibaly dit Entraineur et&nbsp;Cheickna Traor\u00e9 alias Kolo National.<\/p>\n\n\n\n<p>Issu du&nbsp;<strong>\u201cJardin d\u2019enfants\u201d<\/strong>&nbsp;de Ben Oumar Sy, il d\u00e9bute sa carri\u00e8re au Stade malien de Bamako au d\u00e9but des ann\u00e9es 1970. Gr\u00e2ce \u00e0 sa technique et la pr\u00e9cision chirurgicale de ses passes, il est s\u00e9lectionn\u00e9 par Karl Heinz Weigang, pour la 8e Coupe d\u2019Afrique des nations en 1972 au Cameroun. Jug\u00e9 trop fr\u00eale et jeune, il est le seul joueur de champ \u00e0 n\u2019avoir disput\u00e9 la moindre minute. Juste apr\u00e8s, il travaillera dur et devient titulaire indiscutable en \u00e9quipe nationale, jusqu\u2019\u00e0 son d\u00e9part en France en 1974.<\/p>\n\n\n\n<p>Le public se souviendra longtemps du match qu\u2019il a disput\u00e9 contre la Tunisie, le 7 mai 1972 \u00e0 Bamako et de son but ce jour (le second des Aigles). En France, il a \u00e9volu\u00e9 de 1974 \u00e0 1985, \u00e0 Troyes, Grand Alpes et Noisy-Le-Grand. Revenu au pays en 1996, il \u00e9voluait dans le monde des affaires. Le 12 novembre dernier, il d\u00e9c\u00e8de en France, des suites de maladie.<\/p>\n\n\n\n<p><strong>Boubacar H. Diallo et Douba Demb\u00e9l\u00e9 (21 d\u00e9cembre 2022)<\/strong><\/p>\n\n\n\n<figure class=\"wp-block-image alignright is-resized\"><a href=\"https:\/\/www.maliweb.net\/wp-content\/news\/images\/2023\/01\/Boubacar-H-Diallo.jpg\" data-rel=\"penci-gallery-image-content\" ><img loading=\"lazy\" decoding=\"async\" src=\"https:\/\/www.maliweb.net\/wp-content\/news\/images\/2023\/01\/Boubacar-H-Diallo-227x300.jpg\" alt=\"\" class=\"wp-image-3007625\" width=\"487\" height=\"644\"\/><\/a><\/figure>\n\n\n\n<p>Deux confr\u00e8res arrach\u00e9s \u00e0 l\u2019affection des leurs le m\u00eame jour fatidique, \u00e0 savoir le mercredi 21 d\u00e9cembre 20122. Il s\u2019agit de Boubacar H. Diallo alias Tonton B ou encore Boubou et Douba Demb\u00e9l\u00e9.<\/p>\n\n\n\n<p>Le premier \u00e9tait animateur-pr\u00e9sentateur au Groupe Renouveau. Au niveau de la Radio Renouveau, il avait la responsabilit\u00e9 de deux \u00e9missions, le feuilleton radiophonique (Baroni) et l\u2019\u00e9mission sur le foncier (Duguk\u00f4l\u00f4k\u00f4).<\/p>\n\n\n\n<p>Dans un communiqu\u00e9, le Groupe Renouveau rappelait que le d\u00e9funt \u00e9tait&nbsp;<em>\u201cun travailleur engag\u00e9, un homme fait d\u2019un m\u00e9tal rare, avec une voix radiophonique envo\u00fbtante, son sens de l\u2019humour faisait de lui un rassembleur\u201d<\/em>. Boubacar H. Diallo a \u00e9galement jou\u00e9 le r\u00f4le de Boubou dans le film\u2026 Il repose au cimeti\u00e8re de Sotuba depuis le 22 d\u00e9cembre dernier.<\/p>\n\n\n\n<p>Quant \u00e0 Douba Demb\u00e9l\u00e9, il \u00e9tait journaliste, charg\u00e9 de communication \u00e0 la mairie de S\u00e9gou, correspondant de plusieurs organes de presse de Bamako dans la Capitale des Balanzans, dont Radio Kledu. Comme Tonton B, il est d\u00e9c\u00e9d\u00e9 \u00e0 la suite d\u2019une longue maladie.<\/p>\n\n\n\n<p><\/p>\n","protected":false},"excerpt":{"rendered":"<p>L\u2019ann\u00e9e 2022 a \u00e9t\u00e9 marqu\u00e9e par la disparition de nombreuses sommit\u00e9s maliennes. Ancien pr\u00e9sident de la R\u00e9publique, ministres, hommes politiques, intellectuels, artistes et sportifs\u2026 les personnalit\u00e9s qui nous ont quitt\u00e9s&hellip;<\/p>\n","protected":false},"author":1,"featured_media":0,"comment_status":"open","ping_status":"closed","sticky":false,"template":"","format":"standard","meta":{"content-type":"","_lmt_disableupdate":"","_lmt_disable":"","_jetpack_memberships_contains_paid_content":false,"footnotes":"","jetpack_publicize_message":"","jetpack_publicize_feature_enabled":true,"jetpack_social_post_already_shared":true,"jetpack_social_options":{"image_generator_settings":{"template":"highway","default_image_id":0,"font":"","enabled":false},"version":2}},"categories":[19,37,21],"tags":[],"class_list":["post-11311","post","type-post","status-publish","format-standard","hentry","category-aujourdhui-mali","category-necrologie","category-societe"],"jetpack_publicize_connections":[],"featured_image_urls":{"full":"","thumbnail":"","medium":"","medium_large":"","large":"","1536x1536":"","2048x2048":"","penci-recipe-1200x1200":"","penci-recipe-1200x900":"","penci-recipe-1200x675":"","penci-single-full":"","penci-slider-full-thumb":"","penci-full-thumb":"","penci-slider-thumb":"","penci-magazine-slider":"","penci-thumb":"","penci-masonry-thumb":"","penci-thumb-square":"","penci-thumb-vertical":"","penci-thumb-small":""},"author_info":{"display_name":"Nandi","author_link":"https:\/\/nandi.info\/?author=1"},"category_info":"<a href=\"https:\/\/nandi.info\/?cat=19\" rel=\"category\">Aujourd\u2019hui Mali<\/a> <a href=\"https:\/\/nandi.info\/?cat=37\" rel=\"category\">N\u00e9crologie<\/a> <a href=\"https:\/\/nandi.info\/?cat=21\" rel=\"category\">Soci\u00e9t\u00e9<\/a>","tag_info":"Soci\u00e9t\u00e9","comment_count":"0","jetpack_featured_media_url":"","jetpack_sharing_enabled":true,"_links":{"self":[{"href":"https:\/\/nandi.info\/index.php?rest_route=\/wp\/v2\/posts\/11311","targetHints":{"allow":["GET"]}}],"collection":[{"href":"https:\/\/nandi.info\/index.php?rest_route=\/wp\/v2\/posts"}],"about":[{"href":"https:\/\/nandi.info\/index.php?rest_route=\/wp\/v2\/types\/post"}],"author":[{"embeddable":true,"href":"https:\/\/nandi.info\/index.php?rest_route=\/wp\/v2\/users\/1"}],"replies":[{"embeddable":true,"href":"https:\/\/nandi.info\/index.php?rest_route=%2Fwp%2Fv2%2Fcomments&post=11311"}],"version-history":[{"count":0,"href":"https:\/\/nandi.info\/index.php?rest_route=\/wp\/v2\/posts\/11311\/revisions"}],"wp:attachment":[{"href":"https:\/\/nandi.info\/index.php?rest_route=%2Fwp%2Fv2%2Fmedia&parent=11311"}],"wp:term":[{"taxonomy":"category","embeddable":true,"href":"https:\/\/nandi.info\/index.php?rest_route=%2Fwp%2Fv2%2Fcategories&post=11311"},{"taxonomy":"post_tag","embeddable":true,"href":"https:\/\/nandi.info\/index.php?rest_route=%2Fwp%2Fv2%2Ftags&post=11311"}],"curies":[{"name":"wp","href":"https:\/\/api.w.org\/{rel}","templated":true}]}}