{"id":11307,"date":"2023-01-20T17:51:48","date_gmt":"2023-01-20T16:51:48","guid":{"rendered":"https:\/\/nandi.info\/?p=11307"},"modified":"2023-01-20T17:51:48","modified_gmt":"2023-01-20T16:51:48","slug":"colonel-abdoulaye-maiga-matd-noumoubougou-nest-pas-une-decharge-mais-un-depotoir-anarchique","status":"publish","type":"post","link":"https:\/\/nandi.info\/?p=11307","title":{"rendered":"Colonel Abdoulaye Ma\u00efga, MATD : \u201cNoumoubougou n\u2019est pas une d\u00e9charge mais un d\u00e9potoir anarchique\u201d\ufffc"},"content":{"rendered":"\n<p><strong><em>Le ministre d\u2019Etat, ministre de l\u2019Administration territoriale et de la D\u00e9centralisation, le colonel Abdoulaye Ma\u00efga et ses coll\u00e8gues de l\u2019Environnement, de l\u2019Assainissement et du D\u00e9veloppement durable, Modibo Kon\u00e9, des Transports et des Infrastructures, Mme Demb\u00e9l\u00e9 Madina Sissoko, ont visit\u00e9 le lundi 19 d\u00e9cembre 2022 la d\u00e9charge finale d\u2019ordures de Noumoubougou pour voir de visu l\u2019\u00e9tat des lieux de la r\u00e9alisation de cette infrastructure. Sur le terrain, le constat \u00e9tait d\u00e9solant et alarmant : la d\u00e9charge dont le co\u00fbt de r\u00e9alisation est estim\u00e9 \u00e0 7 milliards F CFA n\u2019est pas termin\u00e9e et elle est en train de polluer tous les villages environnants. Le ministre Abdoulaye Ma\u00efga n\u2019a pas cach\u00e9 sa d\u00e9ception : \u201cNoumoubougou n\u2019est pas une d\u00e9charge mais un d\u00e9potoir anarchique\u2026\u201d, a-t-il confi\u00e9 \u00e0 la presse.<\/em><\/strong><\/p>\n\n\n\n<p class=\"has-drop-cap\">Apr\u00e8s la visite de la d\u00e9charge dont la superficie est de 51 ha et d\u2019une capacit\u00e9 de stockage de 440 000 m3 d\u2019ordures, le ministre Abdoulaye Ma\u00efga et ses coll\u00e8gues ont constat\u00e9 que l\u2019infrastructure est loin d\u2019\u00eatre termin\u00e9e. Elle se trouve dans sa premi\u00e8re phase d\u2019ex\u00e9cution sur trois phases. Et le ministre de confier que Noumoubougou dont le co\u00fbt de r\u00e9alisation est estim\u00e9 \u00e0 7 milliards F CFA est loin d\u2019\u00eatre une d\u00e9charge moderne initialement pr\u00e9vue dans le cahier de charges de sa construction.&nbsp;<em>\u201cEn venant sur le site de la d\u00e9charge de Noumoubougou, c\u2019\u00e9tait une occasion pour nous de voir de visu l\u2019ampleur des d\u00e9g\u00e2ts. Ce que nous avons vu \u00e0 Noumoubougou ne peut pas \u00eatre qualifi\u00e9 de d\u00e9charge d\u2019ordures. A mon humble avis, ce que nous avons \u00e0 Noumoubougou est plus un d\u00e9p\u00f4t d\u2019ordures anarchique qu\u2019une d\u00e9charge moderne. Il n\u2019y a pas d\u2019\u00e9quipements et il y a beaucoup de nuisances. [\u2026] Mais gr\u00e2ce aux efforts du ministre de l\u2019Economie et des Finances, un financement a \u00e9t\u00e9 acquis aupr\u00e8s de la Banque mondiale \u00e0 hauteur de 168 milliards F CFA pour terminer les travaux de la d\u00e9charge finale de Noumoubougou et construire une nouvelle d\u00e9charge finale \u00e0 Mountougoula et d\u2019autres travaux d\u2019investissement dans le cadre de l\u2019assainissement de Bamako\u201d,<\/em>&nbsp;a-t-il confi\u00e9.<\/p>\n\n\n\n<p>Apr\u00e8s avoir constat\u00e9 l\u2019\u00e9tat de nuisance du d\u00e9p\u00f4t d\u2019ordures, le ministre Ma\u00efga a pr\u00e9sent\u00e9, au nom des plus hautes autorit\u00e9s, ses sinc\u00e8res excuses \u00e0 la population riveraine du d\u00e9p\u00f4t anarchique et qui souffre \u00e0 cause de l\u2019absence d\u2019investissement r\u00e9alis\u00e9 \u00e0 Noumoubougou. Il a rappel\u00e9 que l\u2019Etat a officiellement d\u00e9bours\u00e9 7 milliards F CFA pour construire une d\u00e9charge moderne \u00e0 Noumoubougou.&nbsp;<em>\u201cAujourd\u2019hui, les r\u00e9sultats sont l\u00e0. Nous ne pouvons pas qualifier Noumoubougou de d\u00e9charge. Ce qui, forc\u00e9ment, se ressent sur le plan de la salubrit\u00e9 \u00e0 Bamako. Je voudrais vraiment rassurer les populations de Bamako et de Noumoubougou d\u2019\u00eatre un peu indulgentes. Les r\u00e9ponses sont en cours. Malheureusement, il ne s\u2019agit de r\u00e9ponses instantan\u00e9es parce que le probl\u00e8me de la salubrit\u00e9 est un probl\u00e8me beaucoup plus exhaustif. Donc, forc\u00e9ment, les solutions demanderont un peu de temps. L\u2019argent \u00e9tant le nerf de la guerre, il nous pla\u00eet de rappeler que le financement de la reconstruction de Noumoubougou est acquis. Il reste l\u2019\u00e9tape de la reconstruction. Dans les mois \u00e0 venir, je suis convaincu que tout ce que nous venons de constater comme d\u00e9sagr\u00e9ment ne constitueront qu\u2019un mauvais souvenir\u201d,<\/em>&nbsp;a-t-il promis.<\/p>\n\n\n\n<p>A la suite du ministre Ma\u00efga, le ministre de l\u2019Environnement, de l\u2019Assainissement et du D\u00e9veloppement durable, Modibo Kon\u00e9, a indiqu\u00e9 que de dispositions sont en train d\u2019\u00eatre prises. Il a rappel\u00e9 que le financement de la Banque mondiale, \u00e0 hauteur de 168 milliards F CFA, va permettre la gestion des cha\u00eenes de valeurs des d\u00e9chets dans Bamako et Kati.<\/p>\n\n\n\n<p><em>\u201cDans ce montage financier avec la Banque mondiale, il y a une coordination qui est assur\u00e9e par le Projet d\u2019urbanisation de Bamako et Kati. Dans ce projet, il y a le financement de deux d\u00e9charges, la r\u00e9habilitation de la d\u00e9charge de Noumoubougou, la construction d\u2019une 2e d\u00e9charge finale \u00e0 M\u00e9dine et \u00e0 Mountougoula, la construction de 25 nouveaux d\u00e9p\u00f4ts d\u2019ordures \u00e0 Bamako pour faciliter le transport des d\u00e9chets au niveau des d\u00e9charges finales, la construction des deux stations de vidange des d\u00e9chets liquides traiter les eaux us\u00e9es\u201d,<\/em>&nbsp;a-t-il pr\u00e9cis\u00e9.<\/p>\n\n\n\n<p><strong>Le d\u00e9p\u00f4t de transit des ordures de M\u00e9dine en pleine construction<\/strong><\/p>\n\n\n\n<p>Apr\u00e8s la d\u00e9charge de Noumoubougou, les trois ministres ont visit\u00e9 le site du nouveau d\u00e9p\u00f4t de transit des ordures en construction au flanc de la colline \u00e0 c\u00f4t\u00e9 de la gare routi\u00e8re de M\u00e9dina-Coura. Occupant un espace de 5500 m2, ce d\u00e9p\u00f4t de transit est en pleine construction. Les travaux avancent \u00e0 hauteur de souhait. Sur ce site, la ministre des Transports et des Infrastructures, Mme Demb\u00e9l\u00e9 Madina Sissoko a fait savoir que le d\u00e9p\u00f4t de transit de M\u00e9dine sera am\u00e9nag\u00e9 pour recevoir les ordures en lieu et place de l\u2019ancien d\u00e9p\u00f4t de transit situ\u00e9 en face du stade Omnisports Modibo K\u00e9ita, qui sera ferm\u00e9.&nbsp;<em>\u201cJe me suis impliqu\u00e9e personnellement pour retenir ce site de M\u00e9dine. Il est pr\u00e9vu de b\u00e9tonner le nouveau site avec des ch\u00e9neaux pour pouvoir \u00e9vacuer l\u2019eau de la colline. Il est pr\u00e9vu un ouvrage qui va recueillir ces eaux pour les amener vers les collecteurs. Un forage \u00e9quip\u00e9, un syst\u00e8me d\u2019\u00e9clairage et des blocs latrines sont pr\u00e9vus\u201d<\/em>, a-t-elle confi\u00e9.<\/p>\n\n\n\n<p>Seulement, il y a de nouvelles constructions anarchiques \u00e0 c\u00f4t\u00e9 du chantier qui risquent d\u2019obstruer le d\u00e9p\u00f4t. Le ministre de d\u2019Etat, ministre de l\u2019Administration territoriale a ordonn\u00e9 au gouverneur du district de d\u00e9molir ces installations anarchiques.<\/p>\n\n\n\n<p><strong>&nbsp;Siaka Doumbia<\/strong><\/p>\n\n\n\n<p><strong>Am\u00e9nagement de la d\u00e9charge de Noumoubougou<\/strong>&nbsp;:<\/p>\n\n\n\n<p><strong>Le ministre d\u2019Etat Abdoulaye Ma\u00efga salue le patriotisme de la Soci\u00e9t\u00e9 Erickos Inter Force One<\/strong><\/p>\n\n\n\n<p><strong><em>Dans le cadre d\u2019une visite d\u2019inspection de la d\u00e9charge de Noumoubougou, localit\u00e9 situ\u00e9e entre Bamako et Koulikoro, le ministre d\u2019Etat, ministre de l\u2019Administration du territoire et de la D\u00e9centralisation, le colonel Abdoulaye Ma\u00efga s\u2019est rendu en d\u00e9but de semaine sur le site. Il \u00e9tait accompagn\u00e9 du ministre des Transports des Infrastructures, du maire de la ville de Bamako, Adama Sangar\u00e9, du gouverneur de Koulikoro, des services techniques de l\u2019administration et du patron de la soci\u00e9t\u00e9 Erickos Inter Force One.<\/em><\/strong><\/p>\n\n\n\n<figure class=\"wp-block-image alignleft is-resized\"><a href=\"https:\/\/www.maliweb.net\/wp-content\/news\/images\/2023\/01\/Noumoubougou.jpg\" data-rel=\"penci-gallery-image-content\" ><img fetchpriority=\"high\" decoding=\"async\" src=\"https:\/\/www.maliweb.net\/wp-content\/news\/images\/2023\/01\/Noumoubougou.jpg\" alt=\"\" class=\"wp-image-3007632\" width=\"314\" height=\"236\"\/><\/a><\/figure>\n\n\n\n<p>Au terme de cette visite de terrain, le ministre d\u2019Etat Abdoulaye Ma\u00efga n\u2019a pas manqu\u00e9 de relever l\u2019importance que les plus hautes autorit\u00e9s du pays accordent \u00e0 la gestion des d\u00e9chets. A l\u2019en croire la question de l\u2019environnement est une question politique suivie au premier chef par le pr\u00e9sident de la Transition le colonel Assimi Go\u00efta.&nbsp;<em>\u201cLe constat \u00e9tait alarmant apr\u00e8s notre premi\u00e8re visite sur le site mais aujourd\u2019hui gr\u00e2ce \u00e0 l\u2019effort des pouvoir publics, des autorit\u00e9s de la mairie du district et des diff\u00e9rentes mairies de Bamako, on sent une am\u00e9lioration. Cela ne veut pas dire que le probl\u00e8me est r\u00e9gl\u00e9, nous avons encore quelques difficult\u00e9s dont la fum\u00e9e des d\u00e9charges qui d\u00e9range beaucoup la population de Noumoubougou. Il est important pour nous de poursuivre nos efforts afin de soulager cette population, car la question de la salubrit\u00e9 de Bamako ne doit pas se faire au d\u00e9triment de la population de Noumoubougou. Cette d\u00e9charge doit \u00eatre bien g\u00e9r\u00e9e\u201d<\/em>, a laiss\u00e9 entendre le ministre d\u2019Etat. Il a saisi l\u2019occasion pour remercier le patron de la soci\u00e9t\u00e9 Erickos Inter Force One qui intervient dans plusieurs domaines comme le nettoyage pour l\u2019embellissement des lieux.<\/p>\n\n\n\n<p><em>\u201cAuparavant, les ordures \u00e9taient d\u00e9vers\u00e9es de fa\u00e7on anarchique. Il \u00e9tait difficile d\u2019avoir acc\u00e8s au site. Mais la soci\u00e9t\u00e9 Erickos Inter Force One en plus de nettoyer l\u2019int\u00e9rieur et la devanture du site a am\u00e9nag\u00e9 aussi les voies d\u2019acc\u00e8s\u201d<\/em>, a t\u00e9moign\u00e9 un responsable des services techniques.<\/p>\n\n\n\n<p>Des travaux constat\u00e9s de visu par le ministre d\u2019Etat qui a salu\u00e9 le patriotisme de la soci\u00e9t\u00e9 Erickos Inter Force One. Pour d\u00e9montrer encore son d\u00e9vouement \u00e0 la nation malienne, le PDG de la soci\u00e9t\u00e9 Erickos Inter Force One a remis un troph\u00e9e de reconnaissance au ministre d\u2019Etat Abdoulaye Ma\u00efga floqu\u00e9 de son effigie.<\/p>\n\n\n\n<p>Pour la gestion de la d\u00e9charge de Noumoubougou, Erickos souhaite un partenariat public-priv\u00e9 car pour le responsable de cette entreprise, il faut un suivi obligatoire de la d\u00e9charge.&nbsp;<em>\u201cNous souhaitons que l\u2019assainissement soit associ\u00e9 \u00e0 la s\u00e9curit\u00e9 car si cette d\u00e9charge n\u2019est pas bien g\u00e9r\u00e9e du point de vue s\u00e9curitaire, elle sera un danger pour les populations et une charge consid\u00e9rable pour l\u2019Etat\u201d,<\/em>&nbsp;a laiss\u00e9 entendre le responsable de la soci\u00e9t\u00e9.<\/p>\n\n\n\n<p>A la question de savoir si Erickos Inter Force One a les moyens de relever le d\u00e9fi de la gestion de cette d\u00e9charge, le PDG a r\u00e9pondu en ces termes :&nbsp;<em>\u201cIl ne s\u2019agit pas seulement d\u2019avoir les moyens, mais il faut surtout avoir la d\u00e9termination et l\u2019engagement pour relever ce d\u00e9fi car nous souhaitons accompagner les plus hautes autorit\u00e9s dans l\u2019accomplissement de cette mission au b\u00e9n\u00e9fice des populations et du pays tout entier\u201d.<\/em><\/p>\n\n\n\n<p>Notons que dans le cadre de la sensibilisation pour l\u2019assainissement et la lutte contre le paludisme dans les villages environs de la d\u00e9charge du village de Noumoubougou dans la Commune de Tienfala, la soci\u00e9t\u00e9 Erickos Inter Force a fait r\u00e9cemment un important don \u00e0 la marie de la Commune rurale de Tienfala. Ces dons sont compos\u00e9s de 200 moustiquaires impr\u00e9gn\u00e9es, de produits sanitaires, des gadgets avec logos et surtout des panneaux de signalisation sur lesquels nous pouvons lire :&nbsp;<em>\u201cNon \u00e0 tout d\u00e9p\u00f4t anarchique, sous quelle que forme que ce soit. Tout d\u00e9p\u00f4t anarchique sur le site fera l\u2019objet de poursuite, ensemble \u00e9radiquons l\u2019incivisme\u201d, \u201cNotre cellule est une d\u00e9charge et non un d\u00e9p\u00f4t\u201d ou \u201cInterdiction formelle de fumer sur le site, un m\u00e9got de cigarette peut \u00eatre la cause d\u2019un incendie majeur\u201d.<\/em><\/p>\n\n\n\n<p>La remise de ces mat\u00e9riels a \u00e9t\u00e9 appr\u00e9ci\u00e9e \u00e0 sa juste valeur par le maire de la Commune rurale de Tienfala N\u2019Fa Diabat\u00e9 et le res<\/p>\n\n\n\n<p>ponsable des jeunes.&nbsp;&nbsp;&nbsp;&nbsp;<strong>&nbsp;&nbsp;&nbsp;&nbsp;&nbsp;<\/strong><\/p>\n\n\n\n<p><strong>Kassoum Th\u00e9ra<\/strong><\/p>\n","protected":false},"excerpt":{"rendered":"<p>Le ministre d\u2019Etat, ministre de l\u2019Administration territoriale et de la D\u00e9centralisation, le colonel Abdoulaye Ma\u00efga et ses coll\u00e8gues de l\u2019Environnement, de l\u2019Assainissement et du D\u00e9veloppement durable, Modibo Kon\u00e9, des Transports&hellip;<\/p>\n","protected":false},"author":1,"featured_media":8580,"comment_status":"open","ping_status":"closed","sticky":false,"template":"","format":"standard","meta":{"content-type":"","_lmt_disableupdate":"","_lmt_disable":"","_jetpack_memberships_contains_paid_content":false,"footnotes":"","jetpack_publicize_message":"","jetpack_publicize_feature_enabled":true,"jetpack_social_post_already_shared":true,"jetpack_social_options":{"image_generator_settings":{"template":"highway","default_image_id":0,"font":"","enabled":false},"version":2}},"categories":[19,36],"tags":[],"class_list":["post-11307","post","type-post","status-publish","format-standard","has-post-thumbnail","hentry","category-aujourdhui-mali","category-environnement"],"jetpack_publicize_connections":[],"featured_image_urls":{"full":"","thumbnail":"","medium":"","medium_large":"","large":"","1536x1536":"","2048x2048":"","penci-recipe-1200x1200":"","penci-recipe-1200x900":"","penci-recipe-1200x675":"","penci-single-full":"","penci-slider-full-thumb":"","penci-full-thumb":"","penci-slider-thumb":"","penci-magazine-slider":"","penci-thumb":"","penci-masonry-thumb":"","penci-thumb-square":"","penci-thumb-vertical":"","penci-thumb-small":""},"author_info":{"display_name":"Nandi","author_link":"https:\/\/nandi.info\/?author=1"},"category_info":"<a href=\"https:\/\/nandi.info\/?cat=19\" rel=\"category\">Aujourd\u2019hui Mali<\/a> <a href=\"https:\/\/nandi.info\/?cat=36\" rel=\"category\">Environnement<\/a>","tag_info":"Environnement","comment_count":"0","jetpack_featured_media_url":"","jetpack_sharing_enabled":true,"_links":{"self":[{"href":"https:\/\/nandi.info\/index.php?rest_route=\/wp\/v2\/posts\/11307","targetHints":{"allow":["GET"]}}],"collection":[{"href":"https:\/\/nandi.info\/index.php?rest_route=\/wp\/v2\/posts"}],"about":[{"href":"https:\/\/nandi.info\/index.php?rest_route=\/wp\/v2\/types\/post"}],"author":[{"embeddable":true,"href":"https:\/\/nandi.info\/index.php?rest_route=\/wp\/v2\/users\/1"}],"replies":[{"embeddable":true,"href":"https:\/\/nandi.info\/index.php?rest_route=%2Fwp%2Fv2%2Fcomments&post=11307"}],"version-history":[{"count":0,"href":"https:\/\/nandi.info\/index.php?rest_route=\/wp\/v2\/posts\/11307\/revisions"}],"wp:featuredmedia":[{"embeddable":true,"href":"https:\/\/nandi.info\/index.php?rest_route=\/"}],"wp:attachment":[{"href":"https:\/\/nandi.info\/index.php?rest_route=%2Fwp%2Fv2%2Fmedia&parent=11307"}],"wp:term":[{"taxonomy":"category","embeddable":true,"href":"https:\/\/nandi.info\/index.php?rest_route=%2Fwp%2Fv2%2Fcategories&post=11307"},{"taxonomy":"post_tag","embeddable":true,"href":"https:\/\/nandi.info\/index.php?rest_route=%2Fwp%2Fv2%2Ftags&post=11307"}],"curies":[{"name":"wp","href":"https:\/\/api.w.org\/{rel}","templated":true}]}}