{"id":11283,"date":"2023-01-19T15:51:37","date_gmt":"2023-01-19T14:51:37","guid":{"rendered":"https:\/\/nandi.info\/?p=11283"},"modified":"2023-01-19T15:51:37","modified_gmt":"2023-01-19T14:51:37","slug":"journee-de-la-souverainete-nationale-pour-des-maliens-la-presence-massive-des-forces-internationales-au-mali-est-une-serieuse-entorse-a-la-souverainete-du-pays","status":"publish","type":"post","link":"https:\/\/nandi.info\/?p=11283","title":{"rendered":"Journ\u00e9e de la souverainet\u00e9 nationale : Pour des maliens : \u00ab la pr\u00e9sence massive des forces internationales au Mali, est une s\u00e9rieuse entorse \u00e0 la souverainet\u00e9 du pays\u2026 \u00bb"},"content":{"rendered":"\n<p><strong>Les annales de l\u2019histoire du Mali sont assez claires. C\u2019est le 22 septembre 1960 que le pays acc\u00e9dait officiellement \u00e0 la souverainet\u00e9 internationale, mais cette date pourrait d\u00e9sormais \u00eatre \u00e9cras\u00e9e, dans le calendrier national, par le 14 Janvier, comme pour exalter ce jour de janvier 2022 qui a laiss\u00e9 aux Maliens, le souvenir imp\u00e9rissable d\u2019une rare communion qui avait fait presqu\u2019oublier les frictions fratricides qui d\u00e9chirent le pays depuis 2012.<\/strong><\/p>\n\n\n\n<p class=\"has-drop-cap\">Selon les autorit\u00e9s de la transition, ce 14 Janvier 2022 marque, en effet, un acte fondateur de r\u00e9sistance populaire et de r\u00e9silience du peuple malien face aux pressions ext\u00e9rieures, notamment aux sanctions d\u00e9cr\u00e9t\u00e9es par la CEDEAO, le 9 janvier 2022, contre le pays apr\u00e8s le dernier coup d\u2019\u00c9tat d\u2019Assimi Go\u00efta.<\/p>\n\n\n\n<p>Le choix de cette date est donc dict\u00e9 par la volont\u00e9 des autorit\u00e9s de la transition, de clore symboliquement l\u2019inf\u00e2me parenth\u00e8se de plusieurs d\u00e9cennies de soumission et de courbettes face \u00e0 la France et \u00e0 ses \u00ab&nbsp;<em>sous-fifres&nbsp;<\/em>\u00bb de la CEDEAO, en reprenant en main le destin politique et \u00e9conomique du Mali, marquant ainsi le retour \u00e0 la vraie souverainet\u00e9 du pays.<\/p>\n\n\n\n<p>Quoi qu\u2019on dise, le pouvoir de transition de Bamako peut se targuer d\u2019avoir r\u00e9ussi son pari, celui de faire respecter ses choix strat\u00e9giques et de choisir librement ses partenaires, malgr\u00e9 les tirs de barrage de certaines puissances occidentales et de leurs porte-voix de la CEDEAO. \u00c0 vrai dire, personne ne vendait cher la peau du colonel \u00e0 la barbe de plus en plus abondante, apr\u00e8s les tirs group\u00e9s de la CEDEAO, de l\u2019UEMOA et de la communaut\u00e9 internationale contre son r\u00e9gime, mais voil\u00e0 qu\u2019un an apr\u00e8s, il est toujours \u00e0 son poste, alternant esbroufe, chantage et escalade verbale et diplomatique vis-\u00e0-vis de la \u00ab&nbsp;<em>junte fran\u00e7aise&nbsp;<\/em>\u00bb et de ses relais dans la sous-r\u00e9gion.<\/p>\n\n\n\n<p><strong>Les \u2018\u2019<em>Go\u00eftaphiles\u2019<\/em>\u2019 ne veulent pas entendre de voix dissonantes<\/strong><\/p>\n\n\n\n<p>Il ne s\u2019en tire pas mal pour autant, puisqu\u2019en montrant qu\u2019il est intransigeant quand il s\u2019agit de d\u00e9fendre ce qu\u2019il consid\u00e8re comme \u00e9tant les int\u00e9r\u00eats du Mali, il a, du coup, renforc\u00e9 le sentiment patriotique des Maliens et accru sa popularit\u00e9 au point m\u00eame de susciter des vocations dans d\u2019autres pays de l\u2019espace communautaire. Quoi donc de plus normal que de c\u00e9l\u00e9brer cette date cl\u00e9 &nbsp;du 14 Janvier qui, faut-il le rappeler, marque aux yeux de nombreux Maliens, comme une nouvelle \u00e8re, celle de&nbsp;l\u2019ind\u00e9pendance totale vis-\u00e0-vis de l\u2019ogre fran\u00e7ais, et du&nbsp;<em>mano \u00e0 mano<\/em>&nbsp;avec certains chefs d\u2019\u00c9tat africains consid\u00e9r\u00e9s, \u00e0 tort ou \u00e0 raison, comme \u00e9tant \u00e0 la solde de l\u2019imp\u00e9rialisme occidental. M\u00eame les Maliens de l\u2019int\u00e9rieur qui sont soup\u00e7onn\u00e9s de flirter avec les ennemis de la transition ou de ramer \u00e0 contre-courant de cette \u00ab&nbsp;<em>souverainet\u00e9 retrouv\u00e9e<\/em>&nbsp;\u00bb, sont contraints au silence, pris \u00e0 partie s\u2019ils ne sont pas tout simplement ostracis\u00e9s. Et ce n\u2019est pas l\u2019Imam Mahmoud Dicko qui, dans son \u00ab&nbsp;<em>Manifeste pour la refondation du Mali&nbsp;<\/em>\u00bb publi\u00e9 r\u00e9cemment, a martel\u00e9 que \u00ab&nbsp;<em>l\u2019\u00c9tat qui gouverne le Mali n\u2019a plus de sens et qu\u2019il faut sauver le pays&nbsp;<\/em>\u00bb, qui dira le contraire, apr\u00e8s avoir inhal\u00e9 le gaz lacrymog\u00e8ne que la police a utilis\u00e9 pour disperser ses partisans qui sont all\u00e9s l\u2019accueillir \u00e0 son retour de La Mecque, samedi dernier.<\/p>\n\n\n\n<p>C\u2019est connu, les \u2018\u2019<em>Go\u00eftaphiles\u2019<\/em>\u2019 ne veulent pas entendre de voix dissonantes, surtout pas celles qui estiment qu\u2019il est ridicule de parler de \u00ab&nbsp;<em>souverainet\u00e9 retrouv\u00e9e&nbsp;<\/em>\u00bb quand on ne contr\u00f4le que 20% de son territoire, quand on a un Produit int\u00e9rieur brut et qu\u2019en terme de partenariat, on n\u2019a fait que remplacer le diable par sa m\u00e8re, en parlant de la France et de la Russie.<\/p>\n\n\n\n<p>Les \u2018\u2019<em>Go\u00eftaphobes\u2019<\/em>\u2019 estiment, en effet, que rien que la pr\u00e9sence massive des forces internationales de maintien de la paix au Mali, est une s\u00e9rieuse entorse \u00e0 la souverainet\u00e9 du pays, et fustigent davantage celle des sulfureux mercenaires russes de&nbsp;<em>Wagner<\/em>&nbsp;qui se fichent \u00e9perdument des propos de l\u2019homme d\u2019affaires humaniste suisse, Henri Dunan, selon lesquels la \u00ab&nbsp;<em>guerre est une horreur qui doit \u00eatre r\u00e9glement\u00e9e&nbsp;<\/em>\u00bb. Les inqui\u00e9tudes et les enjeux de ce groupe paramilitaire priv\u00e9 dans un pays pr\u00e9tendument souverain, rappellent, selon ses pourfendeurs, l\u2019assaut de Fallu Jah et la torture des prisonniers \u00e0 Abu Ghra\u00eeb en 2004, en Irak, auxquels avaient activement pris part&nbsp;<em>Blackwater<\/em>, une soci\u00e9t\u00e9 militaire priv\u00e9e am\u00e9ricaine bas\u00e9e en Caroline du Nord.<\/p>\n\n\n\n<p>Mais comme la fin justifie les moyens, les autorit\u00e9s de la transition maliennes n\u2019\u00e9coutent pas ces cris d\u2019orfraie pouss\u00e9s, selon elles, par la France et relay\u00e9s par ses laquais locaux, surtout qu\u2019il ne s\u2019agirait pas, ici, de mercenaires comme le pr\u00e9tendent ces derniers, mais d\u2019instructeurs russes appel\u00e9s librement \u00e0 la rescousse pour aider \u00e0 sauver le Mali, au nom du multilat\u00e9ralisme et de la\u2026\u00ab<em>souverainet\u00e9 retrouv\u00e9e&nbsp;<\/em>\u00bb et assum\u00e9e.<\/p>\n\n\n\n<p><strong>Arouna Traor\u00e9<\/strong><\/p>\n","protected":false},"excerpt":{"rendered":"<p>Les annales de l\u2019histoire du Mali sont assez claires. C\u2019est le 22 septembre 1960 que le pays acc\u00e9dait officiellement \u00e0 la souverainet\u00e9 internationale, mais cette date pourrait d\u00e9sormais \u00eatre \u00e9cras\u00e9e,&hellip;<\/p>\n","protected":false},"author":1,"featured_media":11054,"comment_status":"open","ping_status":"closed","sticky":false,"template":"","format":"standard","meta":{"content-type":"","_lmt_disableupdate":"","_lmt_disable":"","_jetpack_memberships_contains_paid_content":false,"footnotes":"","jetpack_publicize_message":"","jetpack_publicize_feature_enabled":true,"jetpack_social_post_already_shared":true,"jetpack_social_options":{"image_generator_settings":{"template":"highway","default_image_id":0,"font":"","enabled":false},"version":2}},"categories":[81,21],"tags":[],"class_list":["post-11283","post","type-post","status-publish","format-standard","has-post-thumbnail","hentry","category-le-nouveau-reveil","category-societe"],"jetpack_publicize_connections":[],"featured_image_urls":{"full":"","thumbnail":"","medium":"","medium_large":"","large":"","1536x1536":"","2048x2048":"","penci-recipe-1200x1200":"","penci-recipe-1200x900":"","penci-recipe-1200x675":"","penci-single-full":"","penci-slider-full-thumb":"","penci-full-thumb":"","penci-slider-thumb":"","penci-magazine-slider":"","penci-thumb":"","penci-masonry-thumb":"","penci-thumb-square":"","penci-thumb-vertical":"","penci-thumb-small":""},"author_info":{"display_name":"Nandi","author_link":"https:\/\/nandi.info\/?author=1"},"category_info":"<a href=\"https:\/\/nandi.info\/?cat=81\" rel=\"category\">Le Nouveau R\u00e9veil<\/a> <a href=\"https:\/\/nandi.info\/?cat=21\" rel=\"category\">Soci\u00e9t\u00e9<\/a>","tag_info":"Soci\u00e9t\u00e9","comment_count":"0","jetpack_featured_media_url":"","jetpack_sharing_enabled":true,"_links":{"self":[{"href":"https:\/\/nandi.info\/index.php?rest_route=\/wp\/v2\/posts\/11283","targetHints":{"allow":["GET"]}}],"collection":[{"href":"https:\/\/nandi.info\/index.php?rest_route=\/wp\/v2\/posts"}],"about":[{"href":"https:\/\/nandi.info\/index.php?rest_route=\/wp\/v2\/types\/post"}],"author":[{"embeddable":true,"href":"https:\/\/nandi.info\/index.php?rest_route=\/wp\/v2\/users\/1"}],"replies":[{"embeddable":true,"href":"https:\/\/nandi.info\/index.php?rest_route=%2Fwp%2Fv2%2Fcomments&post=11283"}],"version-history":[{"count":0,"href":"https:\/\/nandi.info\/index.php?rest_route=\/wp\/v2\/posts\/11283\/revisions"}],"wp:featuredmedia":[{"embeddable":true,"href":"https:\/\/nandi.info\/index.php?rest_route=\/"}],"wp:attachment":[{"href":"https:\/\/nandi.info\/index.php?rest_route=%2Fwp%2Fv2%2Fmedia&parent=11283"}],"wp:term":[{"taxonomy":"category","embeddable":true,"href":"https:\/\/nandi.info\/index.php?rest_route=%2Fwp%2Fv2%2Fcategories&post=11283"},{"taxonomy":"post_tag","embeddable":true,"href":"https:\/\/nandi.info\/index.php?rest_route=%2Fwp%2Fv2%2Ftags&post=11283"}],"curies":[{"name":"wp","href":"https:\/\/api.w.org\/{rel}","templated":true}]}}