{"id":11280,"date":"2023-01-19T13:59:55","date_gmt":"2023-01-19T12:59:55","guid":{"rendered":"https:\/\/nandi.info\/?p=11280"},"modified":"2023-01-19T13:59:55","modified_gmt":"2023-01-19T12:59:55","slug":"accord-pour-la-paix-et-la-reconciliation-le-mali-demande-a-lalgerie-de-redoubler-defforts-pour-rapprocher-les-parties","status":"publish","type":"post","link":"https:\/\/nandi.info\/?p=11280","title":{"rendered":"Accord pour la paix et la r\u00e9conciliation : Le Mali demande \u00e0 l\u2019Alg\u00e9rie de \u00ab redoubler d\u2019efforts pour rapprocher les parties \u00bb"},"content":{"rendered":"\n<p><strong>Dans le cadre du renforcement des relations entre la R\u00e9publique du Mali et la R\u00e9publique de l\u2019Alg\u00e9rie, deux ministres maliens se sont rendus, le dimanche 15 janvier 2023, \u00e0 Alger pour une visite de travail et d\u2019amiti\u00e9 de 48 heures. Il s\u2019agit notamment du chef de la diplomatie malienne, SEM Abdoulaye Diop et son coll\u00e8gue de la R\u00e9conciliation, de la Paix et de la Coh\u00e9sion nationale, charg\u00e9 de l\u2019Accord pour la Paix et la R\u00e9conciliation nationale, le colonel Isma\u00ebl Wagu\u00e9.<\/strong><\/p>\n\n\n\n<p class=\"has-drop-cap\">Une semaine apr\u00e8s la visite du ministre alg\u00e9rien des Affaires \u00c9trang\u00e8res, Ramtane Lamamra, au Mali, le pr\u00e9sident de la Transition malienne, le colonel Assimi Goita a d\u00e9p\u00each\u00e9 deux ministres \u00e0 Alger, la capitale alg\u00e9rienne. Il s\u2019agit du ministre des Affaires \u00c9trang\u00e8res et de la Coop\u00e9ration internationale, SEM Abdoulaye Diop et son coll\u00e8gue de la R\u00e9conciliation, de la Paix et de la Coh\u00e9sion nationale, charg\u00e9 de l\u2019Accord pour la Paix et la R\u00e9conciliation nationale, le colonel Isma\u00ebl Wagu\u00e9. Porteur d\u2019un message du pr\u00e9sident Assimi Goita, Le chef de la diplomatie malienne accompagn\u00e9 de son coll\u00e8gue de la R\u00e9conciliation, de la Paix et de la Coh\u00e9sion nationale, charg\u00e9 de l\u2019Accord pour la Paix et la R\u00e9conciliation nationale a \u00e9t\u00e9 re\u00e7u par le pr\u00e9sident de la R\u00e9publique alg\u00e9rienne, Abdelmadjid Tebboune, le lundi 16 janvier dernier.<\/p>\n\n\n\n<p>Les \u00e9changes entre les deux envoy\u00e9s sp\u00e9ciaux du chef de l\u2019\u00c9tat malien et le pr\u00e9sident alg\u00e9rien ont port\u00e9, entre autres, \u00ab&nbsp;<em>sur les relations bilat\u00e9rales entre les deux pays et les perspectives de redynamisation et de renforcement de la cadence de mise en \u0153uvre de l\u2019Accord de paix et de r\u00e9conciliation en \u00e9troite collaboration avec toutes les parties maliennes dans le cadre des m\u00e9canismes de suivi de la mise en \u0153uvre de l\u2019Accord dont l\u2019Alg\u00e9rie est le chef de file de la m\u00e9diation depuis la signature de l\u2019APR en 2015<\/em>&nbsp;\u00bb, a inform\u00e9 le minist\u00e8re en charge de la R\u00e9conciliation sur sa page Facebook.<\/p>\n\n\n\n<p>Le ministre Diop a exprim\u00e9 au nom du pr\u00e9sident Go\u00efta, le souhait de voir l\u2019Alg\u00e9rie redoubler plus d\u2019efforts pour rapprocher toutes les parties maliennes en vue de mettre fin cette longue crise politique qui dure depuis plus d\u2019une d\u00e9cennie. En outre, le chef de la diplomatie n\u2019a pas manqu\u00e9 de saluer le \u00ab&nbsp;r\u00f4le pr\u00e9pond\u00e9rant \u00bb que joue l\u2019Alg\u00e9rie dans l\u2019instauration de la paix et de la r\u00e9conciliation au Mali, depuis la signature de l\u2019Accord pour la paix et la r\u00e9conciliation issu du processus d\u2019Alger en 2015. Le ministre Diop a aussi, indiqu\u00e9 que l\u2019entretien avec le pr\u00e9sident Tebboune s\u2019est d\u00e9roul\u00e9 avec \u00ab&nbsp;beaucoup de franchise et de sinc\u00e9rit\u00e9&nbsp;\u00bb.<\/p>\n\n\n\n<p>Pour rappel, le chef de la diplomatie alg\u00e9rienne, Ramtane Lamamra a effectu\u00e9 lui aussi, la semaine derni\u00e8re, une visite au Mali. Une visite au cours de laquelle, il a \u00e9t\u00e9 re\u00e7u par le pr\u00e9sident de la Transition, le colonel Asimi Go\u00efta, \u00ab&nbsp;\u00e0 qui il a transmis un message de son fr\u00e8re le Pr\u00e9sident Tebboune, dans le cadre des efforts continus en vue de renforcer les relations fraternelles et la coop\u00e9ration entre les deux pays fr\u00e8res, et d\u2019acc\u00e9l\u00e9rer la cadence de mise en \u0153uvre de l\u2019Accord de paix et de r\u00e9conciliation issu du Processus d\u2019Alger, compte tenu de son extr\u00eame importance dans la pr\u00e9servation de l\u2019unit\u00e9, de la souverainet\u00e9 et de la stabilit\u00e9 de la R\u00e9publique du Mali et de la r\u00e9gion enti\u00e8re&nbsp;\u00bb.<\/p>\n\n\n\n<p>Outre cela, les deux pays ont tenu aussi \u00e0 renforcer leur coop\u00e9ration militaire lors des travaux de la 16\u00e8me session du Comit\u00e9 Mixte Alg\u00e9ro-malien, charg\u00e9 du suivi de la coop\u00e9ration Militaire et Technique, qui ont pris fin, le vendredi 13 janvier 2023, dans l\u2019enceinte du Minist\u00e8re de la D\u00e9fense et des Anciens Combattants.<\/p>\n\n\n\n<p><strong>Ibrahim Djitteye<\/strong><\/p>\n","protected":false},"excerpt":{"rendered":"<p>Dans le cadre du renforcement des relations entre la R\u00e9publique du Mali et la R\u00e9publique de l\u2019Alg\u00e9rie, deux ministres maliens se sont rendus, le dimanche 15 janvier 2023, \u00e0 Alger&hellip;<\/p>\n","protected":false},"author":1,"featured_media":11281,"comment_status":"open","ping_status":"closed","sticky":false,"template":"","format":"standard","meta":{"content-type":"","_lmt_disableupdate":"","_lmt_disable":"","_jetpack_memberships_contains_paid_content":false,"footnotes":"","jetpack_publicize_message":"","jetpack_publicize_feature_enabled":true,"jetpack_social_post_already_shared":true,"jetpack_social_options":{"image_generator_settings":{"template":"highway","default_image_id":0,"font":"","enabled":false},"version":2}},"categories":[105,71,21],"tags":[],"class_list":["post-11280","post","type-post","status-publish","format-standard","has-post-thumbnail","hentry","category-diplomatie","category-le-pays","category-societe"],"jetpack_publicize_connections":[],"featured_image_urls":{"full":"","thumbnail":"","medium":"","medium_large":"","large":"","1536x1536":"","2048x2048":"","penci-recipe-1200x1200":"","penci-recipe-1200x900":"","penci-recipe-1200x675":"","penci-single-full":"","penci-slider-full-thumb":"","penci-full-thumb":"","penci-slider-thumb":"","penci-magazine-slider":"","penci-thumb":"","penci-masonry-thumb":"","penci-thumb-square":"","penci-thumb-vertical":"","penci-thumb-small":""},"author_info":{"display_name":"Nandi","author_link":"https:\/\/nandi.info\/?author=1"},"category_info":"<a href=\"https:\/\/nandi.info\/?cat=105\" rel=\"category\">Diplomatie<\/a> <a href=\"https:\/\/nandi.info\/?cat=71\" rel=\"category\">Le Pays<\/a> <a href=\"https:\/\/nandi.info\/?cat=21\" rel=\"category\">Soci\u00e9t\u00e9<\/a>","tag_info":"Soci\u00e9t\u00e9","comment_count":"0","jetpack_featured_media_url":"","jetpack_sharing_enabled":true,"_links":{"self":[{"href":"https:\/\/nandi.info\/index.php?rest_route=\/wp\/v2\/posts\/11280","targetHints":{"allow":["GET"]}}],"collection":[{"href":"https:\/\/nandi.info\/index.php?rest_route=\/wp\/v2\/posts"}],"about":[{"href":"https:\/\/nandi.info\/index.php?rest_route=\/wp\/v2\/types\/post"}],"author":[{"embeddable":true,"href":"https:\/\/nandi.info\/index.php?rest_route=\/wp\/v2\/users\/1"}],"replies":[{"embeddable":true,"href":"https:\/\/nandi.info\/index.php?rest_route=%2Fwp%2Fv2%2Fcomments&post=11280"}],"version-history":[{"count":0,"href":"https:\/\/nandi.info\/index.php?rest_route=\/wp\/v2\/posts\/11280\/revisions"}],"wp:featuredmedia":[{"embeddable":true,"href":"https:\/\/nandi.info\/index.php?rest_route=\/"}],"wp:attachment":[{"href":"https:\/\/nandi.info\/index.php?rest_route=%2Fwp%2Fv2%2Fmedia&parent=11280"}],"wp:term":[{"taxonomy":"category","embeddable":true,"href":"https:\/\/nandi.info\/index.php?rest_route=%2Fwp%2Fv2%2Fcategories&post=11280"},{"taxonomy":"post_tag","embeddable":true,"href":"https:\/\/nandi.info\/index.php?rest_route=%2Fwp%2Fv2%2Ftags&post=11280"}],"curies":[{"name":"wp","href":"https:\/\/api.w.org\/{rel}","templated":true}]}}