{"id":11226,"date":"2023-01-16T10:37:00","date_gmt":"2023-01-16T09:37:00","guid":{"rendered":"https:\/\/nandi.info\/?p=11226"},"modified":"2023-01-16T10:37:00","modified_gmt":"2023-01-16T09:37:00","slug":"edito-candidature-a-la-presidentielle-assimi-goita-va-t-il-ceder-aux-sons-de-sirene-des-opportunistes","status":"publish","type":"post","link":"https:\/\/nandi.info\/?p=11226","title":{"rendered":"Edito : Candidature \u00e0 la pr\u00e9sidentielle, Assimi Go\u00efta va-t-il c\u00e9der aux sons de sir\u00e8ne des opportunistes ?"},"content":{"rendered":"\n<p class=\"has-drop-cap\">Tout porte \u00e0 croire que le Pr\u00e9sident de la transition, chef de l\u2019Etat, le Colonel Assimi Go\u00efta est d\u00e9sormais acquis \u00e0 la cause de ses partisans qui souhaitent le voir se pr\u00e9senter&nbsp; \u00e0 la prochaine \u00e9lection pr\u00e9sidentielle, pr\u00e9vue en F\u00e9vrier- mars 2024. Le colonel est sans nul doute tomb\u00e9 sous le charme, voir dans le pi\u00e8ge &nbsp;des z\u00e9lateurs, des laudateurs et autres opportunistes qui loin d\u2019approuver un quelconque projet de soci\u00e9t\u00e9 ou vision dont il est porteur, se battent plut\u00f4t pour leurs int\u00e9r\u00eats \u00e9go\u00efstes. Pour rappel, ceux qui &nbsp;mettent Assimi Go\u00efta au rang de la divinit\u00e9 aujourd\u2019hui, \u00e9taient ceux-l\u00e0 m\u00eame qui adulaient IBK avant de l\u2019abandonner en plein vol. A-t-on besoin de rappeler qu\u2019ils &nbsp;\u00e9taient \u00e9galement ceux qui poussaient ATT \u00e0 briguer un troisi\u00e8me mandat avant de lui tourner le dos quand il a \u00e9t\u00e9 chass\u00e9 par le capitaine Amadou Haya Sanogo&nbsp;? En effet, si jusque-l\u00e0 le Colonel Assimi Go\u00efta n\u2019a dit \u00e0 personne qu\u2019il serait candidat, ses faits et gestes tout comme ceux de ses partisans le prouvent \u00e0 suffisance. On pourrait citer entre autres la mise \u00e0 la disposition d\u2019une partie de son fonds de souverainet\u00e9 \u00e0 un comit\u00e9 pour des \u0153uvres humanitaires, ensuite la pause de la premi\u00e8re pierre de certaines infrastructures publiques et enfin&nbsp; cette communication tous azimuts sur les diff\u00e9rentes prouesses r\u00e9alis\u00e9es par les FAMA tout comme l\u2019institutionnalisation du 14 janvier comme journ\u00e9e de la souverainet\u00e9 retrouv\u00e9e.<\/p>\n\n\n\n<p>En effet, s\u2019il est l\u00e9gitime d\u2019avoir des ambitions, celle relative \u00e0 la candidature \u00e0 la&nbsp; pr\u00e9sidentielle &nbsp;du Colonel Assimi Go\u00efta n\u2019est-elle pas pr\u00e9matur\u00e9e dans le contexte actuel du Mali&nbsp;? &nbsp;A-t-il analys\u00e9 tous les param\u00e8tres avant de prendre une quelconque&nbsp; d\u00e9cision&nbsp;? Il ne doit nullement prendre le risque &nbsp;de descendre dans le dangereux marigot politique malien. Pour se faire il est attendu \u00e0&nbsp; ses bons et d\u00e9sint\u00e9ress\u00e9s conseillers de le dissuader&nbsp; \u00e0 prendre part aux joutes \u00e9lectorales, pour ne pas courir trois risques majeurs en faisant acte de candidature. Le premier serait de pr\u00eater le flanc aux critiques les plus acerbes de ses concurrents qui passeront au peigne fin sa gestion, qui n\u2019est malheureusement &nbsp;pas exempte de reproches. Le deuxi\u00e8me risque est celui de perdre la pr\u00e9sidentielle. Cette \u00e9ventualit\u00e9 n\u2019est gu\u00e8re \u00e0 \u00e9carter quand on sait que sa popularit\u00e9 d\u00e9gringole tous les jours. En effet, Il est d\u2019usage que plus une transition dure, plus les bourdes &nbsp;se multiplient, tout comme les attentes seront d\u00e9\u00e7ues. Ce qui, \u00e0 coup s\u00fbr, fragiliserait le candidat Assimi, qui m\u00eame si par extraordinaire&nbsp; il venait \u00e0 remporter les \u00e9lections, il gouvernera avec toutes les difficult\u00e9s car sa l\u00e9gitimit\u00e9 ne sera pas grande. Il pourrait m\u00eame &nbsp;\u00eatre battu \u00e0 plate couture par un candidat cr\u00e9dible et qui serait porteur d\u2019un programme prenant en compte les grandes aspirations du peuple, surtout si les jeux son transparents.<\/p>\n\n\n\n<p>Le troisi\u00e8me risque est le probable l\u00e2chage, pour ne pas dire trahison de celui qui aura \u00e0 assurer l\u2019int\u00e9rim en cas de vacance de poste de pr\u00e9sident et qui aura la lourde &nbsp;responsabilit\u00e9 de g\u00e9rer le pays pour le reste de la transition. Il est \u00e0 parier &nbsp;que le Pr\u00e9sident par int\u00e9rim &nbsp;pourrait faire l\u2019objet de toutes les attentions et pourrait &nbsp;c\u00e9der \u00e0 la tentation des grands lobbies qui lui proposeraient un avenir radieux contre le l\u00e2chage ou du moins contre une bonne organisation de la pr\u00e9sidentielle en mettant tous les candidats au m\u00eame pied d\u2019\u00e9galit\u00e9 ce qui d\u00e9favoriserait le Colonel Assimi Go\u00efta, qui aura d\u00e9j\u00e0 perdu sa popularit\u00e9 du 14 janvier 2022. Car sans nul doute la crise sociale affaiblirait le Colonel Assimi Go\u00efta et pourrait \u00eatre \u00e0 la base de sa d\u00e9faite.<\/p>\n\n\n\n<p>En somme, mon colonel aura tout \u00e0 gagner en renon\u00e7ant \u00e0 une \u00e9ventuelle candidature \u00e0 la pr\u00e9sidentielle, surtout dans le contexte actuel marqu\u00e9 par une crise sociopolitique, voire s\u00e9curitaire. Donc il vaudrait mieux qu\u2019il fasse comme ATT, pour ne pas \u00eatre comme Yaya Jameh de la Gambie qui a \u00e9t\u00e9 battu par le plus faible des candidats, \u00e0 savoir Adama Barrow.<\/p>\n\n\n\n<p><strong>&nbsp;&nbsp;&nbsp;&nbsp;&nbsp;&nbsp;&nbsp;&nbsp;&nbsp;&nbsp;&nbsp;&nbsp;&nbsp;&nbsp;&nbsp;&nbsp;&nbsp;&nbsp;&nbsp;&nbsp;&nbsp;&nbsp;&nbsp;&nbsp;&nbsp;&nbsp;&nbsp;&nbsp;&nbsp;&nbsp;&nbsp;&nbsp;&nbsp;&nbsp;&nbsp;&nbsp;&nbsp;&nbsp;&nbsp;&nbsp;&nbsp;&nbsp;&nbsp;&nbsp;&nbsp;&nbsp;&nbsp;&nbsp;&nbsp;&nbsp;&nbsp;&nbsp;&nbsp;&nbsp;&nbsp;&nbsp;&nbsp;&nbsp;&nbsp;&nbsp;&nbsp;&nbsp;&nbsp;&nbsp;&nbsp;&nbsp;&nbsp;&nbsp;&nbsp;&nbsp;&nbsp;&nbsp;&nbsp;&nbsp;&nbsp;&nbsp;&nbsp;&nbsp;&nbsp;&nbsp;&nbsp;&nbsp;&nbsp;&nbsp;&nbsp;&nbsp;&nbsp;&nbsp;&nbsp;&nbsp;&nbsp;&nbsp;&nbsp;&nbsp;&nbsp;&nbsp;&nbsp;&nbsp;&nbsp;&nbsp;&nbsp;&nbsp;&nbsp;&nbsp;&nbsp;&nbsp;&nbsp;&nbsp;&nbsp;&nbsp;&nbsp;&nbsp;&nbsp;&nbsp;&nbsp;&nbsp;&nbsp;&nbsp;&nbsp;&nbsp;&nbsp;&nbsp;&nbsp;&nbsp;&nbsp;&nbsp; Youssouf Sissoko<\/strong><\/p>\n\n\n\n<p><strong>L&rsquo;Alternance<\/strong><\/p>\n","protected":false},"excerpt":{"rendered":"<p>Tout porte \u00e0 croire que le Pr\u00e9sident de la transition, chef de l\u2019Etat, le Colonel Assimi Go\u00efta est d\u00e9sormais acquis \u00e0 la cause de ses partisans qui souhaitent le voir&hellip;<\/p>\n","protected":false},"author":1,"featured_media":4856,"comment_status":"open","ping_status":"closed","sticky":false,"template":"","format":"standard","meta":{"content-type":"","_lmt_disableupdate":"","_lmt_disable":"","_jetpack_memberships_contains_paid_content":false,"footnotes":"","jetpack_publicize_message":"","jetpack_publicize_feature_enabled":true,"jetpack_social_post_already_shared":true,"jetpack_social_options":{"image_generator_settings":{"template":"highway","default_image_id":0,"font":"","enabled":false},"version":2}},"categories":[34],"tags":[],"class_list":["post-11226","post","type-post","status-publish","format-standard","has-post-thumbnail","hentry","category-editorial"],"jetpack_publicize_connections":[],"featured_image_urls":{"full":["https:\/\/nandi.info\/wp-content\/uploads\/2022\/04\/Youssouf-Sissoko-dirpub.jpg",480,640,false],"thumbnail":["https:\/\/nandi.info\/wp-content\/uploads\/2022\/04\/Youssouf-Sissoko-dirpub-150x150.jpg",150,150,true],"medium":["https:\/\/nandi.info\/wp-content\/uploads\/2022\/04\/Youssouf-Sissoko-dirpub-225x300.jpg",225,300,true],"medium_large":["https:\/\/nandi.info\/wp-content\/uploads\/2022\/04\/Youssouf-Sissoko-dirpub.jpg",480,640,false],"large":["https:\/\/nandi.info\/wp-content\/uploads\/2022\/04\/Youssouf-Sissoko-dirpub.jpg",480,640,false],"1536x1536":["https:\/\/nandi.info\/wp-content\/uploads\/2022\/04\/Youssouf-Sissoko-dirpub.jpg",480,640,false],"2048x2048":["https:\/\/nandi.info\/wp-content\/uploads\/2022\/04\/Youssouf-Sissoko-dirpub.jpg",480,640,false],"penci-recipe-1200x1200":["https:\/\/nandi.info\/wp-content\/uploads\/2022\/04\/Youssouf-Sissoko-dirpub.jpg",480,640,false],"penci-recipe-1200x900":["https:\/\/nandi.info\/wp-content\/uploads\/2022\/04\/Youssouf-Sissoko-dirpub.jpg",480,640,false],"penci-recipe-1200x675":["https:\/\/nandi.info\/wp-content\/uploads\/2022\/04\/Youssouf-Sissoko-dirpub.jpg",480,640,false],"penci-single-full":["https:\/\/nandi.info\/wp-content\/uploads\/2022\/04\/Youssouf-Sissoko-dirpub.jpg",480,640,false],"penci-slider-full-thumb":["https:\/\/nandi.info\/wp-content\/uploads\/2022\/04\/Youssouf-Sissoko-dirpub.jpg",480,640,false],"penci-full-thumb":["https:\/\/nandi.info\/wp-content\/uploads\/2022\/04\/Youssouf-Sissoko-dirpub.jpg",480,640,false],"penci-slider-thumb":["https:\/\/nandi.info\/wp-content\/uploads\/2022\/04\/Youssouf-Sissoko-dirpub.jpg",480,640,false],"penci-magazine-slider":["https:\/\/nandi.info\/wp-content\/uploads\/2022\/04\/Youssouf-Sissoko-dirpub.jpg",387,516,false],"penci-thumb":["https:\/\/nandi.info\/wp-content\/uploads\/2022\/04\/Youssouf-Sissoko-dirpub.jpg",293,390,false],"penci-masonry-thumb":["https:\/\/nandi.info\/wp-content\/uploads\/2022\/04\/Youssouf-Sissoko-dirpub.jpg",480,640,false],"penci-thumb-square":["https:\/\/nandi.info\/wp-content\/uploads\/2022\/04\/Youssouf-Sissoko-dirpub.jpg",439,585,false],"penci-thumb-vertical":["https:\/\/nandi.info\/wp-content\/uploads\/2022\/04\/Youssouf-Sissoko-dirpub.jpg",480,640,false],"penci-thumb-small":["https:\/\/nandi.info\/wp-content\/uploads\/2022\/04\/Youssouf-Sissoko-dirpub.jpg",131,175,false]},"author_info":{"display_name":"Nandi","author_link":"https:\/\/nandi.info\/?author=1"},"category_info":"<a href=\"https:\/\/nandi.info\/?cat=34\" rel=\"category\">Editorial<\/a>","tag_info":"Editorial","comment_count":"0","jetpack_featured_media_url":"https:\/\/nandi.info\/wp-content\/uploads\/2022\/04\/Youssouf-Sissoko-dirpub.jpg","jetpack_sharing_enabled":true,"_links":{"self":[{"href":"https:\/\/nandi.info\/index.php?rest_route=\/wp\/v2\/posts\/11226","targetHints":{"allow":["GET"]}}],"collection":[{"href":"https:\/\/nandi.info\/index.php?rest_route=\/wp\/v2\/posts"}],"about":[{"href":"https:\/\/nandi.info\/index.php?rest_route=\/wp\/v2\/types\/post"}],"author":[{"embeddable":true,"href":"https:\/\/nandi.info\/index.php?rest_route=\/wp\/v2\/users\/1"}],"replies":[{"embeddable":true,"href":"https:\/\/nandi.info\/index.php?rest_route=%2Fwp%2Fv2%2Fcomments&post=11226"}],"version-history":[{"count":0,"href":"https:\/\/nandi.info\/index.php?rest_route=\/wp\/v2\/posts\/11226\/revisions"}],"wp:featuredmedia":[{"embeddable":true,"href":"https:\/\/nandi.info\/index.php?rest_route=\/wp\/v2\/media\/4856"}],"wp:attachment":[{"href":"https:\/\/nandi.info\/index.php?rest_route=%2Fwp%2Fv2%2Fmedia&parent=11226"}],"wp:term":[{"taxonomy":"category","embeddable":true,"href":"https:\/\/nandi.info\/index.php?rest_route=%2Fwp%2Fv2%2Fcategories&post=11226"},{"taxonomy":"post_tag","embeddable":true,"href":"https:\/\/nandi.info\/index.php?rest_route=%2Fwp%2Fv2%2Ftags&post=11226"}],"curies":[{"name":"wp","href":"https:\/\/api.w.org\/{rel}","templated":true}]}}