{"id":11196,"date":"2023-01-16T10:08:00","date_gmt":"2023-01-16T09:08:00","guid":{"rendered":"https:\/\/nandi.info\/?p=11196"},"modified":"2023-01-16T10:08:00","modified_gmt":"2023-01-16T09:08:00","slug":"le-ministre-detat-abdoulaye-maiga-le-gouvernement-na-pas-pour-mission-de-surseoir-au-projet-de-referendum","status":"publish","type":"post","link":"https:\/\/nandi.info\/?p=11196","title":{"rendered":"Le Ministre d\u2019Etat Abdoulaye Ma\u00efga : \u00ab Le gouvernement n\u2019a pas pour mission de surseoir au projet de referendum\u00bb"},"content":{"rendered":"\n<p><strong><em>Dans le souci du bon d\u00e9roulement de l\u2019\u00e9lection r\u00e9f\u00e9rendaire suivant une d\u00e9marche consensuelle et inclusive, le ministre de l\u2019Administration Territoriale et de la D\u00e9centralisation le Colonel Abdoulaye Ma\u00efga a convoqu\u00e9 le jeudi 12 janvier au Centre de Formation des Collectivit\u00e9s Territoriales (CFCT), les partis politiques pour \u00e9changer sur les pistes meilleures de l\u2019organisation de ce scrutin.<\/em><\/strong><\/p>\n\n\n\n<p class=\"has-drop-cap\">Le jeudi 12 janvier le ministre de l\u2019Administration Territoriale et de la D\u00e9centralisation, le Colonel Abdoulaye Ma\u00efga, accompagn\u00e9 de ses homologues en charge de la Refondation de l\u2019Etat, charg\u00e9 des Relations avec les Institutions Ibrahim Ikassa Ma\u00efga et le ministre d\u00e9l\u00e9gu\u00e9 aupr\u00e8s du Premier ministre, charg\u00e9 des Reformes Politiques et Institutionnelles, Mme Fatoumata S\u00e9kou Dicko a rencontr\u00e9 les repr\u00e9sentants des partis politiques et de la soci\u00e9t\u00e9 civile dans le but de trouver une d\u00e9marche consensuelle et inclusive dans le cadre de la tenue du prochain r\u00e9f\u00e9rendum.<\/p>\n\n\n\n<p>Sur un total de 281 partis politiques saisis pour apporter des propositions et des suggestions, seulement 50 ont r\u00e9pondu, soit un taux de 17, 79% et sur 50 r\u00e9ponses re\u00e7ues, 24 ont fait des propositions ayant permis de disposer de 48 suggestions dont 6 options principales,&nbsp; a r\u00e9v\u00e9l\u00e9 le ministre d\u2019Etat&nbsp; Ma\u00efga.<\/p>\n\n\n\n<p>Selon lui, les propositions des partis politiques sont entre autres&nbsp;: l\u2019organisation d\u2019une vaste campagne aupr\u00e8s des populations pour qu\u2019elles adh\u00e8rent \u00e0 la cause. De renforcer le dispositif s\u00e9curitaire pour la tenue&nbsp; du referendum, et de chercher le maximum de consensus autour de l\u2019avant-projet de Constitution. Mais aussi, de faire une large diffusion du projet de la Constitution en impliquant les partis politiques, les organisations de la soci\u00e9t\u00e9 civile, les chefs coutumiers, la Diaspora, les r\u00e9fugi\u00e9s et personnes d\u00e9plac\u00e9es.<\/p>\n\n\n\n<p>Certaines propositions recommandent aussi de surseoir au processus du referendum. En r\u00e9ponse, le chef du d\u00e9partement charg\u00e9 des \u00e9lections a indiqu\u00e9 que ces propositions sont toutes bien not\u00e9es, d\u2019o\u00f9 la n\u00e9cessit\u00e9 pour lui de communiquer et de vulgariser le projet de Constitution. De m\u00eame, renforcer la s\u00e9curit\u00e9, et de prendre en compte des aspects techniques c\u2019est-\u00e0-dire le processus de la carte d\u2019identit\u00e9 biom\u00e9trique en cours. A ses dires, le Gouvernement est conscient pour la mise en place rapide des d\u00e9membrements de l\u2019AIGE et une r\u00e9flexion est en cours au niveau des autorit\u00e9s de la transition et les discussions sont pr\u00e9vues avec l\u2019autorit\u00e9 ind\u00e9pendante de gestion des \u00e9lections pour savoir dans quelle mesure le d\u00e9lai de 6 mois peut \u00eatre r\u00e9duit.<\/p>\n\n\n\n<p>Il a fait savoir que son d\u00e9partement en collaboration avec le Minist\u00e8re de la Refondation de l\u2019Etat et celui d\u00e9l\u00e9gu\u00e9 aupr\u00e8s du Premier ministre charg\u00e9 des Reformes Politiques et Institutionnelles a toujours privil\u00e9gi\u00e9 ce cadre d\u2019\u00e9changes avec les partis politiques et la soci\u00e9t\u00e9 civile afin de recueillir leur avis avant toute prise de d\u00e9cisions sur les r\u00e9formes politiques et \u00e9lectorales. Avant d\u2019ajouter que l\u2019\u00e9laboration et l\u2019adoption d\u2019une nouvelle Constitution est une priorit\u00e9 des plus hautes de la transition. C\u2019est pourquoi, il a rappel\u00e9 que le Pr\u00e9sident de la transition, le colonel Assimi Go\u00efta a mis en place une commission de r\u00e9daction de la nouvelle Constitution le 10 juin 2022 par d\u00e9cret n\u00b0 2022- 0342\/PT-RM.&nbsp; Que cette commission a proc\u00e9d\u00e9 \u00e0 la remise officielle de l\u2019avant-projet au pr\u00e9sident de la transition, suivie des s\u00e9ances de restitution au Gouvernement, \u00e0 la Cour Supr\u00eame, au Conseil national de transition, \u00e0 la soci\u00e9t\u00e9 civile et aux partis politiques. En effet, pour prendre en charge les diff\u00e9rentes observations faites par ces acteurs, le pr\u00e9sident de la transition a encore mis en place \u00e0 travers le D\u00e9cret n\u00b0 2022-0777\/PT-RM du 19 d\u00e9cembre 2022, une commission pour finaliser le texte constitutionnel afin de doter notre pays d\u2019une loi fondamentale conforme aux aspirations du peuple.<\/p>\n\n\n\n<p>A en croire le ministre d\u2019Etat, le gouvernement n\u2019a pas pour mission de surseoir au projet de referendum. \u00ab&nbsp;Nous avons un objectif c\u2019est d\u2019organiser le referendum. Ce qui pense qu\u2019il faut surseoir ce referendum c\u2019est hors mandat, c\u2019est pas du tout dans mes attributions je ne me prononcerai pas sur ce genre de sujet&nbsp;\u00bb a-t-il clarifi\u00e9. Selon lui l\u2019id\u00e9e d\u2019avoir une nouvelle Constitution ou r\u00e9vis\u00e9e la Constitution est ant\u00e9rieure \u00e0 la transition et le projet est pilot\u00e9 par le chef de l\u2019Etat.<\/p>\n\n\n\n<p><strong>Par Fatoumata Coulibaly<\/strong><\/p>\n","protected":false},"excerpt":{"rendered":"<p>Dans le souci du bon d\u00e9roulement de l\u2019\u00e9lection r\u00e9f\u00e9rendaire suivant une d\u00e9marche consensuelle et inclusive, le ministre de l\u2019Administration Territoriale et de la D\u00e9centralisation le Colonel Abdoulaye Ma\u00efga a convoqu\u00e9&hellip;<\/p>\n","protected":false},"author":1,"featured_media":7957,"comment_status":"open","ping_status":"closed","sticky":false,"template":"","format":"standard","meta":{"content-type":"","_lmt_disableupdate":"","_lmt_disable":"","_jetpack_memberships_contains_paid_content":false,"footnotes":"","jetpack_publicize_message":"","jetpack_publicize_feature_enabled":true,"jetpack_social_post_already_shared":true,"jetpack_social_options":{"image_generator_settings":{"template":"highway","default_image_id":0,"font":"","enabled":false},"version":2}},"categories":[67,23],"tags":[],"class_list":["post-11196","post","type-post","status-publish","format-standard","has-post-thumbnail","hentry","category-le-sursaut","category-politique"],"jetpack_publicize_connections":[],"featured_image_urls":{"full":"","thumbnail":"","medium":"","medium_large":"","large":"","1536x1536":"","2048x2048":"","penci-recipe-1200x1200":"","penci-recipe-1200x900":"","penci-recipe-1200x675":"","penci-single-full":"","penci-slider-full-thumb":"","penci-full-thumb":"","penci-slider-thumb":"","penci-magazine-slider":"","penci-thumb":"","penci-masonry-thumb":"","penci-thumb-square":"","penci-thumb-vertical":"","penci-thumb-small":""},"author_info":{"display_name":"Nandi","author_link":"https:\/\/nandi.info\/?author=1"},"category_info":"<a href=\"https:\/\/nandi.info\/?cat=67\" rel=\"category\">Le Sursaut<\/a> <a href=\"https:\/\/nandi.info\/?cat=23\" rel=\"category\">Politique<\/a>","tag_info":"Politique","comment_count":"0","jetpack_featured_media_url":"","jetpack_sharing_enabled":true,"_links":{"self":[{"href":"https:\/\/nandi.info\/index.php?rest_route=\/wp\/v2\/posts\/11196","targetHints":{"allow":["GET"]}}],"collection":[{"href":"https:\/\/nandi.info\/index.php?rest_route=\/wp\/v2\/posts"}],"about":[{"href":"https:\/\/nandi.info\/index.php?rest_route=\/wp\/v2\/types\/post"}],"author":[{"embeddable":true,"href":"https:\/\/nandi.info\/index.php?rest_route=\/wp\/v2\/users\/1"}],"replies":[{"embeddable":true,"href":"https:\/\/nandi.info\/index.php?rest_route=%2Fwp%2Fv2%2Fcomments&post=11196"}],"version-history":[{"count":0,"href":"https:\/\/nandi.info\/index.php?rest_route=\/wp\/v2\/posts\/11196\/revisions"}],"wp:featuredmedia":[{"embeddable":true,"href":"https:\/\/nandi.info\/index.php?rest_route=\/"}],"wp:attachment":[{"href":"https:\/\/nandi.info\/index.php?rest_route=%2Fwp%2Fv2%2Fmedia&parent=11196"}],"wp:term":[{"taxonomy":"category","embeddable":true,"href":"https:\/\/nandi.info\/index.php?rest_route=%2Fwp%2Fv2%2Fcategories&post=11196"},{"taxonomy":"post_tag","embeddable":true,"href":"https:\/\/nandi.info\/index.php?rest_route=%2Fwp%2Fv2%2Ftags&post=11196"}],"curies":[{"name":"wp","href":"https:\/\/api.w.org\/{rel}","templated":true}]}}