{"id":11194,"date":"2023-01-16T10:01:00","date_gmt":"2023-01-16T09:01:00","guid":{"rendered":"https:\/\/nandi.info\/?p=11194"},"modified":"2023-01-16T10:01:00","modified_gmt":"2023-01-16T09:01:00","slug":"lecole-de-guerre-du-mali-les-stagiaires-a-lecole-du-chef-detat-major-de-la-garde-nationale-du-mali","status":"publish","type":"post","link":"https:\/\/nandi.info\/?p=11194","title":{"rendered":"L\u2019\u00e9cole de guerre du Mali : Les stagiaires \u00e0 l\u2019\u00e9cole du chef d\u2019\u00e9tat-major de la Garde nationale du Mali"},"content":{"rendered":"\n<p><strong><em>Dans le cadre du module Capacit\u00e9 et Emploi des Arm\u00e9es et Service, les Chefs d\u2019Etat-major et Directeurs de Services animent des conf\u00e9rences \u00e0 tour de r\u00f4le \u00e0 l\u2019Ecole de Guerre du Mali (EGM) sise \u00e0 Badalabougou.<\/em><\/strong><\/p>\n\n\n\n<p><strong><em>C\u2019est dans ce cadre que le Chef d\u2019Etat-major de la Garde Nationale du Mali, le G\u00e9n\u00e9ral de Brigade Elis\u00e9e Jean DAO a \u00e9t\u00e9 accueilli &nbsp;le lundi 9 janviers 2023 \u00e0 l\u2019EGM par son Directeur, le G\u00e9n\u00e9ral de Division Oumar DAO en compagnie de ses cadres pour animer une conf\u00e9rence sur les Capacit\u00e9s Op\u00e9rationnelles et l\u2019Emploi de la Garde Nationale.<\/em><\/strong><\/p>\n\n\n\n<p class=\"has-drop-cap\">Cette s\u00e9rie de conf\u00e9rences a pour but de renforcer les connaissances interarm\u00e9es des auditeurs qui entament une scolarit\u00e9 de haut niveau. Un autre objectif de ces \u00e9changes est d\u2019ouvrir une fen\u00eatre permettant aux futurs brevet\u00e9s de se faire une id\u00e9e de la complexit\u00e9 des t\u00e2ches ex\u00e9cut\u00e9es par ces chefs militaires, de hauts grad\u00e9s ayant presque \u00ab blanchi sous le harnais \u00bb.<\/p>\n\n\n\n<p>Pour la circonstance, le CEM GNM \u00e9tait accompagn\u00e9 par le Colonel Abdrahamane KEITA, Inspecteur en Chef, le Colonel Moussa DIALLO, Sous-CEM Finance, le Colonel Mamady N\u2019Fani DIAKITE, Sous-CEM Op\u00e9ration et le Colonel Abdrahamane GUINDO, Sous-CEM des Ressources Humaines, tous brevet\u00e9s d\u2019Ecole de Guerre respectivement du Mali, de Russie, des Etats Unis et de la Mauritanie.*<\/p>\n\n\n\n<p>A, l\u2019entame de la conf\u00e9rence, le Lieutenant-colonel Oumarou BERTHE porte-parole des auditeurs apr\u00e8s les mots de bienvenue, a fait une pr\u00e9sentation succincte du conf\u00e9rencier.<\/p>\n\n\n\n<p>Le G\u00e9n\u00e9ral de Brigade Elis\u00e9e Jean DAO s\u2019est dit heureux et honor\u00e9 de pouvoir prendre la parole dans cette prestigieuse \u00e9cole et surtout d\u2019apporter sa modeste contribution \u00e0 la formation de cette \u00e9lite de notre arm\u00e9e.<\/p>\n\n\n\n<p>En effet, l\u2019EGM est un v\u00e9ritable creuset de la pens\u00e9e militaire, o\u00f9 germent des id\u00e9es originales devant permettre au Chef d\u2019Etat Major G\u00e9n\u00e9ral des Arm\u00e9es ou au niveau politique de prendre des d\u00e9cisions \u00e9clair\u00e9es. C\u2019est un v\u00e9ritable laboratoire, si\u00e8ge de r\u00e9flexion critique, qui entend produire des officiers capables d\u2019impacter positivement les pratiques comme outil v\u00e9ritables de pr\u00e9paration de l\u2019avenir dans notre contexte de guerre asym\u00e9trique. C\u2019est pourquoi, des questions importantes sont diss\u00e9qu\u00e9es, observ\u00e9es et analys\u00e9es sous des angles, g\u00e9opolitique, strat\u00e9gique et historique. L\u2019int\u00e9r\u00eat national est l\u2019\u00e9l\u00e9ment principale de la grille d\u2019analyse pour ces aspirants aux hautes fonctions civiles et militaires.<\/p>\n\n\n\n<p>Ainsi, apr\u00e8s un rappel sur l\u2019historique de la Garde Nationale et de ses missions, le conf\u00e9rencier a mis en exergue :<\/p>\n\n\n\n<p>\u2013 Les contrats op\u00e9rationnels et les capacit\u00e9s op\u00e9rationnelles ;<\/p>\n\n\n\n<p>\u2013 La restructuration organique et op\u00e9rationnelle ;<\/p>\n\n\n\n<p>\u2013 La doctrine d\u2019emploi et le processus Pr\u00e9paration Op\u00e9rationnelle Avant Deploiment ;<\/p>\n\n\n\n<p>\u2013 Enfin les d\u00e9fis et perspectives de la Garde Nationale.<\/p>\n\n\n\n<p>A la fin de la pr\u00e9sentation, le G\u00e9n\u00e9ral a encourag\u00e9 les vingt-cinq (25) auditeurs de la 2\u00e8me Promotion de l\u2019EG issus des Arm\u00e9es et Directions des Forces Arm\u00e9es Maliennes dont onze (11) de l\u2019Arm\u00e9e de Terre, deux (02) de l\u2019Arm\u00e9e de l\u2019Air, trois (03) de la Garde Nationale du Mali, quatre (04) de la Gendarmerie, trois du G\u00e9nie Militaire, un (01) de la Transmission et un (01) de la DMHTA \u00e0 continuer \u00e0 lire, lire beaucoup, d\u00e9couvrir comment nos d\u00e9fis actuels sont pens\u00e9s et r\u00e9solus sous d\u2019autres cieux, en un mot s\u2019inscrire profond\u00e9ment dans la voie de la recherche, apr\u00e8s la s\u00e9ance des questions.<\/p>\n\n\n\n<p>Apr\u00e8s que le G\u00e9n\u00e9ral DAO ait r\u00e9pondu aux nombreuses questions Le Colonel El Hassan MAIGA, faisant la synth\u00e8se de l\u2019expos\u00e9 au nom de ses camarades a remerci\u00e9 le conf\u00e9rencier du jour pour la clart\u00e9 de ses propos.<\/p>\n\n\n\n<p>Enfin, le Directeur des Etudes Sup\u00e9rieures Interarm\u00e9es de D\u00e9fense, le Colonel-major Yacouba SANOGO a remerci\u00e9 le G\u00e9n\u00e9ral Elis\u00e9e pour la qualit\u00e9 de son expos\u00e9 et la clairvoyance des id\u00e9es avanc\u00e9es qui d\u2019ailleurs attestent \u00e0 suffisance ses exp\u00e9riences op\u00e9rationnelles.<\/p>\n\n\n\n<p>Une photo de famille a \u00e9t\u00e9 prise pour immortaliser l\u2019\u00e9v\u00e8nement.<\/p>\n\n\n\n<p><strong>Cellule de Communication de la Garde Nationale<\/strong><\/p>\n\n\n\n<p><strong>&nbsp;Titre&nbsp;: R\u00e9daction du SURSAUT<\/strong><\/p>\n","protected":false},"excerpt":{"rendered":"<p>Dans le cadre du module Capacit\u00e9 et Emploi des Arm\u00e9es et Service, les Chefs d\u2019Etat-major et Directeurs de Services animent des conf\u00e9rences \u00e0 tour de r\u00f4le \u00e0 l\u2019Ecole de Guerre&hellip;<\/p>\n","protected":false},"author":1,"featured_media":0,"comment_status":"open","ping_status":"closed","sticky":false,"template":"","format":"standard","meta":{"content-type":"","_lmt_disableupdate":"","_lmt_disable":"","_jetpack_memberships_contains_paid_content":false,"footnotes":"","jetpack_publicize_message":"","jetpack_publicize_feature_enabled":true,"jetpack_social_post_already_shared":true,"jetpack_social_options":{"image_generator_settings":{"template":"highway","default_image_id":0,"font":"","enabled":false},"version":2}},"categories":[65,67,21],"tags":[],"class_list":["post-11194","post","type-post","status-publish","format-standard","hentry","category-armee","category-le-sursaut","category-societe"],"jetpack_publicize_connections":[],"featured_image_urls":{"full":"","thumbnail":"","medium":"","medium_large":"","large":"","1536x1536":"","2048x2048":"","penci-recipe-1200x1200":"","penci-recipe-1200x900":"","penci-recipe-1200x675":"","penci-single-full":"","penci-slider-full-thumb":"","penci-full-thumb":"","penci-slider-thumb":"","penci-magazine-slider":"","penci-thumb":"","penci-masonry-thumb":"","penci-thumb-square":"","penci-thumb-vertical":"","penci-thumb-small":""},"author_info":{"display_name":"Nandi","author_link":"https:\/\/nandi.info\/?author=1"},"category_info":"<a href=\"https:\/\/nandi.info\/?cat=65\" rel=\"category\">Arm\u00e9e<\/a> <a href=\"https:\/\/nandi.info\/?cat=67\" rel=\"category\">Le Sursaut<\/a> <a href=\"https:\/\/nandi.info\/?cat=21\" rel=\"category\">Soci\u00e9t\u00e9<\/a>","tag_info":"Soci\u00e9t\u00e9","comment_count":"0","jetpack_featured_media_url":"","jetpack_sharing_enabled":true,"_links":{"self":[{"href":"https:\/\/nandi.info\/index.php?rest_route=\/wp\/v2\/posts\/11194","targetHints":{"allow":["GET"]}}],"collection":[{"href":"https:\/\/nandi.info\/index.php?rest_route=\/wp\/v2\/posts"}],"about":[{"href":"https:\/\/nandi.info\/index.php?rest_route=\/wp\/v2\/types\/post"}],"author":[{"embeddable":true,"href":"https:\/\/nandi.info\/index.php?rest_route=\/wp\/v2\/users\/1"}],"replies":[{"embeddable":true,"href":"https:\/\/nandi.info\/index.php?rest_route=%2Fwp%2Fv2%2Fcomments&post=11194"}],"version-history":[{"count":0,"href":"https:\/\/nandi.info\/index.php?rest_route=\/wp\/v2\/posts\/11194\/revisions"}],"wp:attachment":[{"href":"https:\/\/nandi.info\/index.php?rest_route=%2Fwp%2Fv2%2Fmedia&parent=11194"}],"wp:term":[{"taxonomy":"category","embeddable":true,"href":"https:\/\/nandi.info\/index.php?rest_route=%2Fwp%2Fv2%2Fcategories&post=11194"},{"taxonomy":"post_tag","embeddable":true,"href":"https:\/\/nandi.info\/index.php?rest_route=%2Fwp%2Fv2%2Ftags&post=11194"}],"curies":[{"name":"wp","href":"https:\/\/api.w.org\/{rel}","templated":true}]}}