{"id":11175,"date":"2023-01-13T13:29:03","date_gmt":"2023-01-13T12:29:03","guid":{"rendered":"https:\/\/nandi.info\/?p=11175"},"modified":"2023-01-13T13:29:03","modified_gmt":"2023-01-13T12:29:03","slug":"me-mountaga-tall-a-la-presentation-des-voeux-du-parti-cnid-fyt-hier-en-presence-des-autres-nous-rasions-les-murs-aujourdhui-nous-sommes-envies-et-magnifies","status":"publish","type":"post","link":"https:\/\/nandi.info\/?p=11175","title":{"rendered":"Me Mountaga Tall \u00e0 la pr\u00e9sentation des v\u0153ux du parti CNID-FYT : \u00ab Hier, en pr\u00e9sence des autres nous rasions les murs. Aujourd\u2019hui nous sommes envi\u00e9s et magnifi\u00e9s \u00bb"},"content":{"rendered":"\n<p><strong><em>Le mercredi 11 janvier 2023, s\u2019est tenue&nbsp;\u00e0 la maison de&nbsp;la presse, la&nbsp;24\u00e8me&nbsp;\u00e9dition de la pr\u00e9sentation des v\u0153ux \u00e0 la presse de Me&nbsp;Mountaga&nbsp;Tall,&nbsp;pr\u00e9sident du parti Congr\u00e8s National&nbsp;d\u2019Initiative D\u00e9mocratique&nbsp;CNID-Faso&nbsp;Yiriwa&nbsp;Ton.&nbsp;<\/em><\/strong>En pr\u00e9sence de beaucoup de fa\u00eeti\u00e8res de la presse,&nbsp;<strong><em>Me&nbsp;Mountaga&nbsp;Tall a exprim\u00e9 la dignit\u00e9 retrouv\u00e9e par les maliens suite \u00e0 leur combat pour la souverainet\u00e9.&nbsp;<\/em><\/strong>\u00ab&nbsp;Hier, en pr\u00e9sence des autres nous rasions les murs. Aujourd\u2019hui nous sommes envi\u00e9s et magnifi\u00e9 \u00bb s\u2019est-t-il r\u00e9joui.<\/p>\n\n\n\n<p class=\"has-drop-cap\">A l\u2019entame de ces propos le Me&nbsp;Mountaga&nbsp;Tall, a d\u2019abord tenu \u00e0 pr\u00e9ciser que cette rencontre avec la presse chaque ann\u00e9e, est uniquement un espace d\u2019\u00e9changes qui, certes utile, mais qui n\u2019a aucune pr\u00e9tention d\u2019apporter des propositions de solutions \u00e0 tous les probl\u00e8mes et d\u00e9fis que rencontre le Mali surtout dans un contexte aussi sensible comme aujourd\u2019hui.<\/p>\n\n\n\n<p>D\u2019ailleurs, il soutiendra que l\u2019ann\u00e9e 2022 qui vient de s\u2019achever, ne pouvait qu\u2019\u00eatre difficile pour le Mali et ses compatriotes en raison de la volont\u00e9 unanime et in\u00e9branlable de reconqu\u00e9rir leur souverainet\u00e9. \u00ab Une telle qu\u00eate, qui \u00e9videmment n\u2019a pas de prix, exige un don de soi individuel et collectif. S\u2019il n\u2019a pas de prix, le co\u00fbt de cette dignit\u00e9 retrouv\u00e9e, particuli\u00e8rement \u00e9lev\u00e9, a \u00e9t\u00e9 pay\u00e9 par les Maliennes et les Maliens qui ont beaucoup soufferts, et ont tout&nbsp;support\u00e9&nbsp;de fa\u00e7on quasi-sto\u00efque.&nbsp;Gloire \u00e0 eux&nbsp;! \u00bb a relat\u00e9, le pr\u00e9sident du CNID-FYT, Me Mountaga Tall.<\/p>\n\n\n\n<p>Pour lui, l\u2019embargo \u00e9conomique, financier et diplomatique de la CEDEAO et de l\u2019UEMOA avec ses cons\u00e9quences in\u00e9branlable sur le quotidien faisait partie de la ran\u00e7on \u00e0 payer pour cette conqu\u00eate. \u00ab&nbsp;Nul ne peut, aujourd\u2019hui, contester un acquis important, inestimable de la transition, \u00e0 savoir, la fiert\u00e9 retrouv\u00e9e d\u2019\u00eatre Malienne ou Malien. Hier, en pr\u00e9sence ce des autres, nous rasions les murs. Aujourd\u2019hui nous sommes envi\u00e9s et magnifi\u00e9s&nbsp;\u00bb s\u2019est r\u00e9joui Me Moutaga Tall.<\/p>\n\n\n\n<p>Ce qui a \u00e9t\u00e9 regrettable durant cette p\u00e9riode, selon le partisan du Front pour la Sauvegarde de la D\u00e9mocratie (FSD), c\u2019est qu\u2019au moment o\u00f9 l\u2019amour de la patrie et la solidarit\u00e9 devaient \u00eatre les ma\u00eetres mots, des comportements inacceptables ont aggrav\u00e9 les souffrances des compatriotes \u00ab&nbsp;il s\u2019agit notamment de certains sp\u00e9culateurs, qui n\u2019ont pas h\u00e9sit\u00e9 \u00e0 empocher les subventions de l\u2019Etat tout en maintenant les prix des produits de premi\u00e8re n\u00e9cessit\u00e9 \u00e0 des prix prohibitifs&nbsp;\u00bb a d\u00e9plor\u00e9 Me Mountaga Tall.<\/p>\n\n\n\n<p>Sur la n\u00e9buleuse question de l\u2019organisation des \u00e9lections, Me Mountaga Tall souligne que bon nombre des compatriotes \u00e9mettent des doutes sur la capacit\u00e9 des autorit\u00e9s du Mali \u00e0 organiser tous les scrutins pr\u00e9vus. \u00ab Nous devons d\u2019abord travailler pour mettre de notre c\u00f4t\u00e9 tous les atouts pour une bonne organisation des&nbsp;diff\u00e9rents \u00e9ch\u00e9ances&nbsp;\u00e9lectorales. Il faut \u00e0 cet \u00e9gard d\u2019abord et avant tout rendre l\u2019AIGE&nbsp;rapidement op\u00e9rationnelle \u00bb a-t- appel\u00e9 tout en r\u00e9it\u00e9r\u00e9 son engagement et celui de son parti&nbsp;CNID&nbsp;FYT, \u00e0 accompagner la transition, jusqu\u2019au bout tout en restant sur la voix de droiture et de l\u2019honneur.<\/p>\n\n\n\n<p>Quant au pr\u00e9sident de la maison de la presse M.&nbsp;Bandiougou&nbsp;Dant\u00e9, il a pour sa part remerci\u00e9 Me&nbsp;Moutaga&nbsp;Tall&nbsp;et ses militants pour l\u2019int\u00e9r\u00eat qu\u2019ils portent aux fa\u00eeti\u00e8res des m\u00e9dias et en retour, il a aussi formul\u00e9 des v\u0153ux pour le parti&nbsp;CNID- FYT.<\/p>\n\n\n\n<p><strong>Tioumb\u00e8 Adeline Tolofoudi\u00e9<\/strong><\/p>\n","protected":false},"excerpt":{"rendered":"<p>Le mercredi 11 janvier 2023, s\u2019est tenue&nbsp;\u00e0 la maison de&nbsp;la presse, la&nbsp;24\u00e8me&nbsp;\u00e9dition de la pr\u00e9sentation des v\u0153ux \u00e0 la presse de Me&nbsp;Mountaga&nbsp;Tall,&nbsp;pr\u00e9sident du parti Congr\u00e8s National&nbsp;d\u2019Initiative D\u00e9mocratique&nbsp;CNID-Faso&nbsp;Yiriwa&nbsp;Ton.&nbsp;En pr\u00e9sence de beaucoup&hellip;<\/p>\n","protected":false},"author":1,"featured_media":11176,"comment_status":"open","ping_status":"closed","sticky":false,"template":"","format":"standard","meta":{"content-type":"","_lmt_disableupdate":"","_lmt_disable":"","_jetpack_memberships_contains_paid_content":false,"footnotes":"","jetpack_publicize_message":"","jetpack_publicize_feature_enabled":true,"jetpack_social_post_already_shared":true,"jetpack_social_options":{"image_generator_settings":{"template":"highway","default_image_id":0,"font":"","enabled":false},"version":2}},"categories":[71,23],"tags":[],"class_list":["post-11175","post","type-post","status-publish","format-standard","has-post-thumbnail","hentry","category-le-pays","category-politique"],"jetpack_publicize_connections":[],"featured_image_urls":{"full":"","thumbnail":"","medium":"","medium_large":"","large":"","1536x1536":"","2048x2048":"","penci-recipe-1200x1200":"","penci-recipe-1200x900":"","penci-recipe-1200x675":"","penci-single-full":"","penci-slider-full-thumb":"","penci-full-thumb":"","penci-slider-thumb":"","penci-magazine-slider":"","penci-thumb":"","penci-masonry-thumb":"","penci-thumb-square":"","penci-thumb-vertical":"","penci-thumb-small":""},"author_info":{"display_name":"Nandi","author_link":"https:\/\/nandi.info\/?author=1"},"category_info":"<a href=\"https:\/\/nandi.info\/?cat=71\" rel=\"category\">Le Pays<\/a> <a href=\"https:\/\/nandi.info\/?cat=23\" rel=\"category\">Politique<\/a>","tag_info":"Politique","comment_count":"0","jetpack_featured_media_url":"","jetpack_sharing_enabled":true,"_links":{"self":[{"href":"https:\/\/nandi.info\/index.php?rest_route=\/wp\/v2\/posts\/11175","targetHints":{"allow":["GET"]}}],"collection":[{"href":"https:\/\/nandi.info\/index.php?rest_route=\/wp\/v2\/posts"}],"about":[{"href":"https:\/\/nandi.info\/index.php?rest_route=\/wp\/v2\/types\/post"}],"author":[{"embeddable":true,"href":"https:\/\/nandi.info\/index.php?rest_route=\/wp\/v2\/users\/1"}],"replies":[{"embeddable":true,"href":"https:\/\/nandi.info\/index.php?rest_route=%2Fwp%2Fv2%2Fcomments&post=11175"}],"version-history":[{"count":0,"href":"https:\/\/nandi.info\/index.php?rest_route=\/wp\/v2\/posts\/11175\/revisions"}],"wp:featuredmedia":[{"embeddable":true,"href":"https:\/\/nandi.info\/index.php?rest_route=\/"}],"wp:attachment":[{"href":"https:\/\/nandi.info\/index.php?rest_route=%2Fwp%2Fv2%2Fmedia&parent=11175"}],"wp:term":[{"taxonomy":"category","embeddable":true,"href":"https:\/\/nandi.info\/index.php?rest_route=%2Fwp%2Fv2%2Fcategories&post=11175"},{"taxonomy":"post_tag","embeddable":true,"href":"https:\/\/nandi.info\/index.php?rest_route=%2Fwp%2Fv2%2Ftags&post=11175"}],"curies":[{"name":"wp","href":"https:\/\/api.w.org\/{rel}","templated":true}]}}