{"id":11169,"date":"2023-01-13T10:35:00","date_gmt":"2023-01-13T09:35:00","guid":{"rendered":"https:\/\/nandi.info\/?p=11169"},"modified":"2023-01-13T10:35:00","modified_gmt":"2023-01-13T09:35:00","slug":"constitution-de-1992-des-partis-politiques-jettent-toutes-leurs-forces-dans-la-bataille","status":"publish","type":"post","link":"https:\/\/nandi.info\/?p=11169","title":{"rendered":"Constitution de 1992 : Des partis politiques jettent toutes leurs forces dans la bataille"},"content":{"rendered":"\n<p class=\"has-drop-cap\">Apr\u00e8s avoir boycott\u00e9 les Assises nationales de la refondation, des partis politiques et organisations de la soci\u00e9t\u00e9 civile m\u00e8nent un combat acharn\u00e9 contre l\u2019\u00e9criture d\u2019une nouvelle Constitution. La pire crainte de ces hommes politiques est que le projet constitutionnel les emp\u00eache de revenir aux affaires. On a d\u2019abord vu les sympathisants de l\u2019imam Mahmoud Dicko monter au cr\u00e9neau pour demander l\u2019abandon du projet de nouvelle Constitution. Leur mentor qui a boycott\u00e9 les Assises de la refondation a refus\u00e9 de participer une nouvelle fois \u00e0 la rencontre entre le pr\u00e9sident de la transition et les chefs coutumiers et religieux \u00e0 l\u2019occasion du nouvel an.<\/p>\n\n\n\n<p>On connait le lien entre l\u2019imam Dicko et les partis politiques qui tiennent \u00e0 la Constitution de 992 comme \u00e0 la prunelle de leurs yeux. Aujourd\u2019hui, il y a une action coordonn\u00e9e entre ces partis politiques. Dans la m\u00eame logique, le Bureau politique national de le Convention nationale pour une Afrique Solidaire (CNAS-Faso H\u00e8r\u00e8) s\u2019est r\u00e9uni en session ordinaire le 07 janvier 202. Apr\u00e8s une analyse approfondie des derniers d\u00e9veloppements de la crise multidimensionnelle qui secoue le Mali depuis de trop longues ann\u00e9es d\u00e9j\u00e0, la direction du parti a r\u00e9affirm\u00e9 sa ferme opposition \u00e0 toute tentative de remise en cause de la Constitution du 12 janvier 1992.<\/p>\n\n\n\n<p>Selon le parti de Soumana Sacko, le peuple militant du Mali n\u2019a pas besoin d\u2019une \u201cconstitution octroy\u00e9e\u201d. Pour le parti, le r\u00e9gime issu du double coup d\u2019Etat militaire du 18 ao\u00fbt 2020 et du 25 mai 2021 n\u2019a re\u00e7u du peuple malien aucun mandat pour lui offrir une Constitution. Donc la CNAS-Faso H\u00e8r\u00e8 a indiqu\u00e9 qu\u2019elle n\u2019allait pas participer \u00e0 la r\u00e9union programm\u00e9e pour le 12 janvier 2023 par le minist\u00e8re de l\u2019Administration territoriale. La direction du parti note que le choix de la date du 12 janvier n\u2019est pas une simple co\u00efncidence car \u00e9tant pr\u00e9cis\u00e9ment la date anniversaire du referendum \u00e0 l\u2019issue duquel le peuple malien a adopt\u00e9 sa Constitution issue de la Conf\u00e9rence Nationale tenue \u00e0 Bamako du 29 juillet au 12 ao\u00fbt 1991.<\/p>\n\n\n\n<p>Par la m\u00eame occasion, Soumana Sacko a invit\u00e9 \u00e0 nouveau les autorit\u00e9s \u00e0 renoncer d\u00e9finitivement et sans condition \u00e0 \u00ab leur entreprise antir\u00e9publicaine et antid\u00e9mocratique de d\u00e9molition de la Constitution d\u00e9mocratique dont le peuple malien s\u2019est librement dot\u00e9 au prix des larmes, de la sueur et du sang en tant qu\u2019acquis essentiel de la lutte de plusieurs g\u00e9n\u00e9rations contre la dictature CMLN\/UDPM \u00bb. Pour eux, le retour du Mali \u00e0 l\u2019ordre constitutionnel d\u00e9mocratique dans le cadre inchang\u00e9 de la Constitution du 12 janvier 1992, accompagn\u00e9 du retour de l\u2019Arm\u00e9e dans les casernes en harmonie avec les principes d\u2019une Arm\u00e9e r\u00e9publicaine, notamment celui de la subordination de l\u2019autorit\u00e9 militaire \u00e0 l\u2019autorit\u00e9 civile l\u00e9galement et d\u00e9finitivement constitu\u00e9e, doit \u00eatre la priorit\u00e9 absolue des autorit\u00e9s actuelles.<\/p>\n\n\n\n<p>Dans la m\u00eame veine, le parti Forces Alternatives pour le Renouveau et l\u2019\u00c9mergence (FARE AN KA WULI) a communiqu\u00e9. Modibo Sidib\u00e9 a rappel\u00e9 qu\u2019il avait d\u00e9j\u00e0 r\u00e9pondu \u00e0 l\u2019invitation du Pr\u00e9sident du Comit\u00e9 d\u2019Experts mis en place par le Pr\u00e9sident de la Transition pour la r\u00e9daction d\u2019une nouvelle constitution. A travers ce geste r\u00e9publicain et de courtoisie, le parti esp\u00e9rait avoir, \u00e0 cette occasion, des r\u00e9ponses \u00e0 des questions pr\u00e9cises en lien avec la d\u00e9marche de r\u00e9daction d\u2019une nouvelle constitution, telle que voulu par le Pr\u00e9sident de la transition.<\/p>\n\n\n\n<p>En somme, Modibo Sidib\u00e9, le patron des FARE se pose la question de savoir si les autorit\u00e9s de la Transition fond\u00e9es \u00e0 r\u00e9viser la Constitution dans le m\u00eame sch\u00e9ma des trois tentatives pass\u00e9es, \u00e0 fortiori r\u00e9diger une nouvelle Constitution d\u2019autant plus que celle de 1992 ne pr\u00e9voit aucune disposition relative \u00e0 sa dissolution par une nouvelle. Selon lui, jusqu\u2019\u00e0 ce jour, le parti FARE AN KA WULI n\u2019a pas re\u00e7u de r\u00e9ponses concr\u00e8tes \u00e0 des pr\u00e9occupations l\u00e9gitimes, qui sont \u00e9galement celles d\u2019une frange non n\u00e9gligeable de nos compatriotes. Les FARE AN KA WULI estiment que toute r\u00e9vision de la Constitution actuelle devrait \u00eatre limit\u00e9e et rigoureusement encadr\u00e9e selon les dispositions d\u00e9j\u00e0 pr\u00e9vues.<\/p>\n\n\n\n<p>Modibo Sidib\u00e9 souligne que l\u2019article 118 de la Constitution dispose que \u00ab l\u2019initiative de la r\u00e9vision de la Constitution appartient concurremment au pr\u00e9sident de la R\u00e9publique et aux D\u00e9put\u00e9s \u00bb. Il rappelle que le projet ou la proposition de r\u00e9vision doit \u00eatre vot\u00e9 par l\u2019Assembl\u00e9e nationale \u00e0 la majorit\u00e9 des deux tiers de ses membres. \u00ab La r\u00e9vision n\u2019est d\u00e9finitive qu\u2019apr\u00e8s avoir \u00e9t\u00e9 approuv\u00e9e par r\u00e9f\u00e9rendum. Aucune proc\u00e9dure de r\u00e9vision ne peut \u00eatre engag\u00e9e ou poursuivie lorsqu\u2019il est port\u00e9 atteinte \u00e0 l\u2019int\u00e9grit\u00e9 du territoire \u00bb.<\/p>\n\n\n\n<p>Un autre \u00e9l\u00e9ment important pour l\u2019ancien Premier ministre est que la forme r\u00e9publicaine et la la\u00efcit\u00e9 de l\u2019\u00c9tat ainsi que le multipartisme ne peuvent faire l\u2019objet de la r\u00e9vision. Pour le parti FARE, la Constitution du 25 F\u00e9vrier 1992, est, au \u2013 del\u00e0 d\u2019une loi, un symbole. En effet, elle est la r\u00e9sultante des combats pour la d\u00e9mocratie de notre peuple durant des d\u00e9cennies. Mieux, elle est le produit des luttes sociales et politiques, le fruit de la nouvelle dynamique interne de notre soci\u00e9t\u00e9 marqu\u00e9e par le rejet des r\u00e9gimes de parti unique.<\/p>\n\n\n\n<p><strong>Soumaila Diarra<\/strong><\/p>\n","protected":false},"excerpt":{"rendered":"<p>Apr\u00e8s avoir boycott\u00e9 les Assises nationales de la refondation, des partis politiques et organisations de la soci\u00e9t\u00e9 civile m\u00e8nent un combat acharn\u00e9 contre l\u2019\u00e9criture d\u2019une nouvelle Constitution. La pire crainte&hellip;<\/p>\n","protected":false},"author":1,"featured_media":0,"comment_status":"open","ping_status":"closed","sticky":false,"template":"","format":"standard","meta":{"content-type":"","_lmt_disableupdate":"","_lmt_disable":"","_jetpack_memberships_contains_paid_content":false,"footnotes":"","jetpack_publicize_message":"","jetpack_publicize_feature_enabled":true,"jetpack_social_post_already_shared":true,"jetpack_social_options":{"image_generator_settings":{"template":"highway","default_image_id":0,"font":"","enabled":false},"version":2}},"categories":[71,23],"tags":[],"class_list":["post-11169","post","type-post","status-publish","format-standard","hentry","category-le-pays","category-politique"],"jetpack_publicize_connections":[],"featured_image_urls":{"full":"","thumbnail":"","medium":"","medium_large":"","large":"","1536x1536":"","2048x2048":"","penci-recipe-1200x1200":"","penci-recipe-1200x900":"","penci-recipe-1200x675":"","penci-single-full":"","penci-slider-full-thumb":"","penci-full-thumb":"","penci-slider-thumb":"","penci-magazine-slider":"","penci-thumb":"","penci-masonry-thumb":"","penci-thumb-square":"","penci-thumb-vertical":"","penci-thumb-small":""},"author_info":{"display_name":"Nandi","author_link":"https:\/\/nandi.info\/?author=1"},"category_info":"<a href=\"https:\/\/nandi.info\/?cat=71\" rel=\"category\">Le Pays<\/a> <a href=\"https:\/\/nandi.info\/?cat=23\" rel=\"category\">Politique<\/a>","tag_info":"Politique","comment_count":"0","jetpack_featured_media_url":"","jetpack_sharing_enabled":true,"_links":{"self":[{"href":"https:\/\/nandi.info\/index.php?rest_route=\/wp\/v2\/posts\/11169","targetHints":{"allow":["GET"]}}],"collection":[{"href":"https:\/\/nandi.info\/index.php?rest_route=\/wp\/v2\/posts"}],"about":[{"href":"https:\/\/nandi.info\/index.php?rest_route=\/wp\/v2\/types\/post"}],"author":[{"embeddable":true,"href":"https:\/\/nandi.info\/index.php?rest_route=\/wp\/v2\/users\/1"}],"replies":[{"embeddable":true,"href":"https:\/\/nandi.info\/index.php?rest_route=%2Fwp%2Fv2%2Fcomments&post=11169"}],"version-history":[{"count":0,"href":"https:\/\/nandi.info\/index.php?rest_route=\/wp\/v2\/posts\/11169\/revisions"}],"wp:attachment":[{"href":"https:\/\/nandi.info\/index.php?rest_route=%2Fwp%2Fv2%2Fmedia&parent=11169"}],"wp:term":[{"taxonomy":"category","embeddable":true,"href":"https:\/\/nandi.info\/index.php?rest_route=%2Fwp%2Fv2%2Fcategories&post=11169"},{"taxonomy":"post_tag","embeddable":true,"href":"https:\/\/nandi.info\/index.php?rest_route=%2Fwp%2Fv2%2Ftags&post=11169"}],"curies":[{"name":"wp","href":"https:\/\/api.w.org\/{rel}","templated":true}]}}