{"id":11165,"date":"2023-01-13T12:18:53","date_gmt":"2023-01-13T11:18:53","guid":{"rendered":"https:\/\/nandi.info\/?p=11165"},"modified":"2023-01-13T12:18:53","modified_gmt":"2023-01-13T11:18:53","slug":"rencontre-administration-territoriale-classe-politique-hier-sur-les-pistes-dune-meilleure-organisation-du-referendum","status":"publish","type":"post","link":"https:\/\/nandi.info\/?p=11165","title":{"rendered":"Rencontre Administration territoriale-Classe politique hier : Sur les pistes d\u2019une meilleure organisation du referendum"},"content":{"rendered":"\n<p class=\"has-drop-cap\">Le Centre de formation des collectivit\u00e9s territoriales (CFCT) a servi de cadre, le jeudi 12 janvier 2023, \u00e0 la tenue de la rencontre entre le Minist\u00e8re de l\u2019administration territoriale et la Classe politique du Mali. L\u2019objectif de cette rencontre \u00e9tait d\u2019\u00e9changer sur les \u00ab pistes qui permettraient une meilleure organisation du referendum suivant une d\u00e9marche consensuelle et inclusive \u00bb. Durant la rencontre, des partis politiques ont propos\u00e9 d\u2019organiser une vaste campagne de sensibilisation aupr\u00e8s des populations pour qu\u2019elles adh\u00e8rent \u00e0 la cause ; de renforcer le dispositif s\u00e9curitaire pour la tenue du referendum ; de chercher le maximum de consensus autour de l\u2019avant-projet de Constitution ; de faire une large diffusion du projet de la Constitution en impliquant les partis politiques, les organisations de la soci\u00e9t\u00e9 civile, Chefs coutumiers, la Diaspora, les r\u00e9fugi\u00e9s et les personnes d\u00e9plac\u00e9es internes. D\u2019autres m\u00eame ont recommand\u00e9 de sursoir au processus du r\u00e9f\u00e9rendum constitutionnel.<\/p>\n\n\n\n<p>Les travaux de cette rencontre \u00e9taient pr\u00e9sid\u00e9s par le ministre d\u2019Etat, ministre de l\u2019administration territoriale et de la d\u00e9centralisation, porte-parole du gouvernement, Colonel Abdoulaye Ma\u00efga, en pr\u00e9sence d\u2019autres membres du gouvernement comme le ministre de la Refondation de l\u2019Etat, charg\u00e9 des Relations avec les Institutions, Ibrahim Ikassa MA\u00cfGA, ministre d\u00e9l\u00e9gu\u00e9 aupr\u00e8s du Premier ministre, charg\u00e9 des R\u00e9formes politiques et institutionnelles, Mme Fatoumata S\u00e9kou DICKO. On notait \u00e9galement la pr\u00e9sence des responsables des partis politiques comme Marimantia Diarra de l\u2019Adema PASJ ; Dr. Bocary Tr\u00e9ta du RPM ; Gouagnon Coulibaly de l\u2019URD ; Amadou Koita du PS Yelen Kura ; Oumar Ibrahim Tour\u00e9 de l\u2019ACRD ; Abdoulaye Amadou Sy de la COFOP ; Djiguiba Ke\u00efta alias PPR du PARENA. En effet, dans la perspective d\u2019organiser des \u00e9lections cr\u00e9dibles et transparentes, le Minist\u00e8re de l\u2019Administration territoriale et de la D\u00e9centralisation, en rapport avec le Minist\u00e8re de la Refondation de l\u2019Etat et le Minist\u00e8re d\u00e9l\u00e9gu\u00e9 aupr\u00e8s du Premier Ministre Charg\u00e9 des Reformes politiques et Institutionnelles, a toujours privil\u00e9gi\u00e9 ce cadre d\u2019\u00e9changes avec les acteurs politiques et la soci\u00e9t\u00e9 civile afin de recueillir leur avis avant toute prise de d\u00e9cisions sur les r\u00e9formes politiques et \u00e9lectorales. \u00ab L\u2019\u00e9laboration et l\u2019adoption d\u2019une nouvelle Constitution est une priorit\u00e9 des plus Hautes Autorit\u00e9 de la Transition.<\/p>\n\n\n\n<p>Elle est fondamentale pour le r\u00e9tablissement de l\u2019ordre constitutionnel. C\u2019est pourquoi, le 10 juin 2022, le Pr\u00e9sident de la Transition, Chef de l\u2019Etat, le Colonel Assimi GO\u00cfTA, a mis en place, une Commission de r\u00e9daction de la nouvelle Constitution par D\u00e9cret n\u00b02022-0342\/PT-RM du 10 juin 2022. Cette commission a proc\u00e9d\u00e9 \u00e0 la remise officielle de l\u2019avant-projet au Pr\u00e9sident de la Transition, suivie des s\u00e9ances de restitution au Gouvernement, \u00e0 la Cour Constitutionnelle, \u00e0 la Cour Supr\u00eame, au Conseil National de Transition et dans les r\u00e9gions, \u00e0 la soci\u00e9t\u00e9 civile et \u00e0 la classe politique \u00bb, a soulign\u00e9 le ministre d\u2019Etat, colonel Abdoulaye Ma\u00efga lors de cette rencontre. Pour prendre en charge les diff\u00e9rentes observations faites par ces diff\u00e9rents acteurs sur l\u2019avant-projet de Constitution, dit-il, le Chef de l\u2019Etat a mis en place suivant D\u00e9cret n\u00b02022-0777\/PT-RM du 19 d\u00e9cembre 2022, une commission pour finaliser le texte Constitutionnel afin de doter le Mali d\u2019une loi fondamentale conforme aux aspirations du Peuple. \u00ab C\u2019est pourquoi, j\u2019ai tenu \u00e0 organiser cette importante rencontre avec vous pour \u00e9changer sur les pistes qui permettraient une meilleure organisation du referendum suivant une d\u00e9marche consensuelle et inclusive, si ch\u00e8re \u00e0 Assimi GO\u00cfTA, Pr\u00e9sident de la Transition, Chef de l\u2019Etat.<\/p>\n\n\n\n<p>Ainsi, il sera attendu de vous, des \u00e9changes fructueux assortis de propositions et de recommandations pr\u00e9cieuses pour trouver des solutions pratiques \u00e0 une bonne organisation du r\u00e9f\u00e9rendum. C\u2019est avec un ardent souhait de voir cette rencontre atteindre son objectif\u2026\u00bb, a indiqu\u00e9 le porte-parole du gouvernement, Colonel Abdoulaye Ma\u00efga. Il ressort de la synth\u00e8se des propositions des partis politiques relatives \u00e0 l\u2019organisation du referendum suivant une d\u00e9marche consensuelle et inclusive que sur un total de 281 partis politiques saisis, 50 ont r\u00e9pondu, soit un taux de 17, 79 %. Ainsi, des partis politiques ont propos\u00e9 d\u2019organiser une vaste campagne de sensibilisation aupr\u00e8s des populations pour qu\u2019elles adh\u00e8rent \u00e0 la cause ; de renforcer le dispositif s\u00e9curitaire pour la tenue du referendum ; de chercher le maximum de consensus autour de l\u2019avant-projet de Constitution ; de faire une large diffusion du projet de la Constitution en impliquant les partis politiques, les Organisations de la soci\u00e9t\u00e9 civile, Chefs coutumiers, la Diaspora, les r\u00e9fugi\u00e9s et les personnes d\u00e9plac\u00e9es internes. D\u2019autres m\u00eame ont recommand\u00e9 de sursoir au processus du r\u00e9f\u00e9rendum constitutionnel.<\/p>\n\n\n\n<p>Aguibou Sogodogo<\/p>\n","protected":false},"excerpt":{"rendered":"<p>Le Centre de formation des collectivit\u00e9s territoriales (CFCT) a servi de cadre, le jeudi 12 janvier 2023, \u00e0 la tenue de la rencontre entre le Minist\u00e8re de l\u2019administration territoriale et&hellip;<\/p>\n","protected":false},"author":1,"featured_media":11166,"comment_status":"open","ping_status":"closed","sticky":false,"template":"","format":"standard","meta":{"content-type":"","_lmt_disableupdate":"","_lmt_disable":"","_jetpack_memberships_contains_paid_content":false,"footnotes":"","jetpack_publicize_message":"","jetpack_publicize_feature_enabled":true,"jetpack_social_post_already_shared":true,"jetpack_social_options":{"image_generator_settings":{"template":"highway","default_image_id":0,"font":"","enabled":false},"version":2}},"categories":[69,23],"tags":[],"class_list":["post-11165","post","type-post","status-publish","format-standard","has-post-thumbnail","hentry","category-le-republicain-mali","category-politique"],"jetpack_publicize_connections":[],"featured_image_urls":{"full":"","thumbnail":"","medium":"","medium_large":"","large":"","1536x1536":"","2048x2048":"","penci-recipe-1200x1200":"","penci-recipe-1200x900":"","penci-recipe-1200x675":"","penci-single-full":"","penci-slider-full-thumb":"","penci-full-thumb":"","penci-slider-thumb":"","penci-magazine-slider":"","penci-thumb":"","penci-masonry-thumb":"","penci-thumb-square":"","penci-thumb-vertical":"","penci-thumb-small":""},"author_info":{"display_name":"Nandi","author_link":"https:\/\/nandi.info\/?author=1"},"category_info":"<a href=\"https:\/\/nandi.info\/?cat=69\" rel=\"category\">Le R\u00e9publicain Mali<\/a> <a href=\"https:\/\/nandi.info\/?cat=23\" rel=\"category\">Politique<\/a>","tag_info":"Politique","comment_count":"0","jetpack_featured_media_url":"","jetpack_sharing_enabled":true,"_links":{"self":[{"href":"https:\/\/nandi.info\/index.php?rest_route=\/wp\/v2\/posts\/11165","targetHints":{"allow":["GET"]}}],"collection":[{"href":"https:\/\/nandi.info\/index.php?rest_route=\/wp\/v2\/posts"}],"about":[{"href":"https:\/\/nandi.info\/index.php?rest_route=\/wp\/v2\/types\/post"}],"author":[{"embeddable":true,"href":"https:\/\/nandi.info\/index.php?rest_route=\/wp\/v2\/users\/1"}],"replies":[{"embeddable":true,"href":"https:\/\/nandi.info\/index.php?rest_route=%2Fwp%2Fv2%2Fcomments&post=11165"}],"version-history":[{"count":0,"href":"https:\/\/nandi.info\/index.php?rest_route=\/wp\/v2\/posts\/11165\/revisions"}],"wp:featuredmedia":[{"embeddable":true,"href":"https:\/\/nandi.info\/index.php?rest_route=\/"}],"wp:attachment":[{"href":"https:\/\/nandi.info\/index.php?rest_route=%2Fwp%2Fv2%2Fmedia&parent=11165"}],"wp:term":[{"taxonomy":"category","embeddable":true,"href":"https:\/\/nandi.info\/index.php?rest_route=%2Fwp%2Fv2%2Fcategories&post=11165"},{"taxonomy":"post_tag","embeddable":true,"href":"https:\/\/nandi.info\/index.php?rest_route=%2Fwp%2Fv2%2Ftags&post=11165"}],"curies":[{"name":"wp","href":"https:\/\/api.w.org\/{rel}","templated":true}]}}