{"id":11161,"date":"2023-01-13T11:34:19","date_gmt":"2023-01-13T10:34:19","guid":{"rendered":"https:\/\/nandi.info\/?p=11161"},"modified":"2023-01-13T11:34:19","modified_gmt":"2023-01-13T10:34:19","slug":"me-mountaga-tall-a-propos-de-lavant-projet-de-constitution-ce-projet-de-constitution-a-des-faiblesses-parfois-des-incoherences-pire-certaines-dispositions-peuvent-nous-conduire-a-u","status":"publish","type":"post","link":"https:\/\/nandi.info\/?p=11161","title":{"rendered":"Me Mountaga Tall \u00e0 propos de l\u2019avant-projet de constitution : \u00abCe projet de constitution a des faiblesses, parfois des incoh\u00e9rences, pire, certaines dispositions peuvent nous conduire \u00e0 une crise politique \u00bb"},"content":{"rendered":"\n<p class=\"has-drop-cap\">Hier, mercredi 11 janvier 2023, le Pr\u00e9sident du Congr\u00e8s National d\u2019Initiative D\u00e9mocratique (CNID-Faso Yiriwa Ton), Me Mountaga Tall, a pr\u00e9sent\u00e9 ses meilleurs v\u0153ux de l\u2019ann\u00e9e 2023 \u00e0 l\u2019ensemble de la presse malienne. La c\u00e9r\u00e9monie de pr\u00e9sentation des v\u0153ux a eu lieu \u00e0 la Maison de la presse du Mali (Bamako), en pr\u00e9sence du Pr\u00e9sident de la Maison de la Presse, Bandiougou Dant\u00e9 ; des repr\u00e9sentants des fa\u00eeti\u00e8res de la presse ; des militants et sympathisants du parti CNID-FYT et d\u2019autres personnalit\u00e9s. Au cours de cette c\u00e9r\u00e9monie, Me Tall a mis l\u2019accent sur la situation sociopolitique, \u00e9conomique et s\u00e9curitaire du Mali. Il reconnait la l\u00e9galit\u00e9 et la l\u00e9gitimit\u00e9 du pr\u00e9sident de la transition, Assimi GO\u00cfTA de proc\u00e9der \u00e0 l\u2019\u00e9laboration d\u2019une nouvelle constitution au Mali. Cependant, Me Tall indique que le projet de constitution publi\u00e9 par le gouvernement en 2022 a des faiblesses. \u00abCe projet de constitution a des faiblesses, parfois des incoh\u00e9rences, pire, certaines dispositions peuvent nous conduire \u00e0 une crise politique. Nous avons attir\u00e9 l\u2019attention l\u00e0-dessus, nous avons fait des propositions de corrections\u2026\u00bb, a d\u00e9clar\u00e9 Me Tall.<\/p>\n\n\n\n<p>Apr\u00e8s l\u2019ex\u00e9cution de l\u2019hymne du parti CNID-FYT, les mots de bienvenue du Pr\u00e9sident de la Maison de la Presse, Bandiougou Dant\u00e9 et les t\u00e9moignages de l\u2019ex- pr\u00e9sident de l\u2019ASSEP (L\u2019Association des \u00c9diteurs de Presse Priv\u00e9e), Bassidiki Tour\u00e9 \u00e0 l\u2019endroit de Me Tall, le Pr\u00e9sident du CNID-FYT a proc\u00e9d\u00e9 \u00e0 la pr\u00e9sentation des v\u0153ux \u00e0 la presse. Selon Me Mountaga Tall, la presse est irrempla\u00e7able en d\u00e9mocratie. Parlant de la situation du pays, il a fait savoir que certains sp\u00e9culateurs n\u2019ont pas h\u00e9sit\u00e9 \u00e0 empocher les subventions de l\u2019Etat tout en maintenant les prix des produits de premi\u00e8re n\u00e9cessit\u00e9 \u00e0 des prix prohibitifs.<\/p>\n\n\n\n<p>Pour lui, nul ne peut aujourd\u2019hui contester un acquis important, inestimable de la Transition \u00e0 savoir la Fiert\u00e9 retrouv\u00e9e d\u2019\u00eatre Malienne ou Malien. \u00ab Nous devons d\u00e9sormais consolider les grands chantiers que sont l\u2019instauration de la s\u00e9curit\u00e9 sur l\u2019ensemble du territoire national, les r\u00e9ponses \u00e0 apporter \u00e0 la demande sociale, de meilleures performances \u00e9conomiques, l\u2019acc\u00e9l\u00e9ration des r\u00e9formes politiques et institutionnelles et de la lutte contre la corruption, l\u2019apaisement du climat sociopolitique et la reprise de notre place dans le concert des nations. Ces chantiers sont d\u2019ailleurs tous contenus dans les r\u00e9solutions des Assises Nationales de la Refondation et il est loisible \u00e0 cet \u00e9gard, nonobstant certains retards susceptibles d\u2019\u00eatre r\u00e9sorb\u00e9s, de noter des avanc\u00e9es dans la mise en \u0153uvre du chronogramme g\u00e9n\u00e9ral de la transition \u00bb, a-t-il dit.<\/p>\n\n\n\n<p>Avant de mettre l\u2019accent sur le processus d\u2019\u00e9laboration de la nouvelle Constitution, de la tenue de la conf\u00e9rence sociale dans le domaine du travail qui devrait logiquement r\u00e9duire substantiellement les conflits sociaux, la mise en place de l\u2019AIGE qui est le socle sur lequel sera b\u00e2ti tout le processus des consultations programm\u00e9es dont le referendum constitutionnel en premier. \u00ab Nombre de nos compatriotes \u00e9mettent des doutes sur notre capacit\u00e9 \u00e0 organiser tous les scrutins pr\u00e9vus. Nous devons d\u2019abord travailler pour mettre de notre c\u00f4t\u00e9 tous les atouts pour une bonne organisation des diff\u00e9rentes \u00e9ch\u00e9ances \u00e9lectorales. Il faut \u00e0 cet \u00e9gard d\u2019abord et avant tout rendre l\u2019AIGE rapidement op\u00e9rationnelle.<\/p>\n\n\n\n<p>Enfin, il faut travailler dur pour que les citoyens croient en l\u2019importance de leurs bulletins de vote et adh\u00e8rent au processus \u00e9lectoral, qu\u2019ils aient un acc\u00e8s facile et s\u00e9curis\u00e9 aux bureaux de vote et une claire compr\u00e9hension des techniques de vote\u2026Il serait possible de relever le d\u00e9fi d\u2019organiser des \u00e9lections inclusives, transparentes, r\u00e9guli\u00e8res et dont les r\u00e9sultats seront accept\u00e9s par tous \u00bb, a soulign\u00e9 Me Tall. Il s\u2019est r\u00e9joui de la solution diplomatique ayant permis de regeler l\u2019affaire des 49 militaires ivoiriens qui \u00e9taient d\u00e9tenus au Mali. \u00abMalgr\u00e9 d\u2019incontestables acquis, tout n\u2019est pas rose ; loin de l\u00e0 ! En effet, des pesanteurs voire des menaces planent sur notre pays. Ils ont pour nom, les difficult\u00e9s d\u2019application de l\u2019Accord pour la paix et la r\u00e9conciliation, la persistance de la corruption, l\u2019impunit\u00e9, la baisse du pouvoir d\u2019achat et aussi les sanctions occultes qui frappent notre pays en raison de nos choix \u00bb, a-t-il dit.<\/p>\n\n\n\n<p>Me Tall a signal\u00e9 que la vie publique au Mali est caract\u00e9ris\u00e9e aujourd\u2019hui par un profonde remise en cause de la gouvernance avec au premier rang la classe politique dont le comportement de certains leaders a fortement alt\u00e9r\u00e9 l\u2019image des hommes politiques.<\/p>\n\n\n\n<p>R\u00e9pondant aux questions des journalistes, Me Tall a soulign\u00e9 que le pr\u00e9sident de la transition, Assimi GO\u00cfTA, a la l\u00e9galit\u00e9 et la l\u00e9gitimit\u00e9 de proc\u00e9der \u00e0 l\u2019\u00e9laboration d\u2019une nouvelle constitution au Mali. Cependant, il indique que le projet de constitution publi\u00e9 par le gouvernement en 2022 a des faiblesses. \u00abCe projet de constitution a des faiblesses, parfois des incoh\u00e9rences, pire, parfois certaines dispositions peuvent nous conduire \u00e0 une crise politique. Nous avons attir\u00e9 l\u2019attention l\u00e0-dessus, nous avons fait des propositions de corrections. Nous ne savons ce que l\u2019\u00e9quipe de r\u00e9daction finale va faire, nous verrons le produit d\u00e9finitif\u00bb, a conclu Me Mountaga Tall.<\/p>\n\n\n\n<p><strong>Aguibou Sogodogo<\/strong><\/p>\n","protected":false},"excerpt":{"rendered":"<p>Hier, mercredi 11 janvier 2023, le Pr\u00e9sident du Congr\u00e8s National d\u2019Initiative D\u00e9mocratique (CNID-Faso Yiriwa Ton), Me Mountaga Tall, a pr\u00e9sent\u00e9 ses meilleurs v\u0153ux de l\u2019ann\u00e9e 2023 \u00e0 l\u2019ensemble de la&hellip;<\/p>\n","protected":false},"author":1,"featured_media":11162,"comment_status":"open","ping_status":"closed","sticky":false,"template":"","format":"standard","meta":{"content-type":"","_lmt_disableupdate":"","_lmt_disable":"","_jetpack_memberships_contains_paid_content":false,"footnotes":"","jetpack_publicize_message":"","jetpack_publicize_feature_enabled":true,"jetpack_social_post_already_shared":true,"jetpack_social_options":{"image_generator_settings":{"template":"highway","default_image_id":0,"font":"","enabled":false},"version":2}},"categories":[69,23],"tags":[],"class_list":["post-11161","post","type-post","status-publish","format-standard","has-post-thumbnail","hentry","category-le-republicain-mali","category-politique"],"jetpack_publicize_connections":[],"featured_image_urls":{"full":"","thumbnail":"","medium":"","medium_large":"","large":"","1536x1536":"","2048x2048":"","penci-recipe-1200x1200":"","penci-recipe-1200x900":"","penci-recipe-1200x675":"","penci-single-full":"","penci-slider-full-thumb":"","penci-full-thumb":"","penci-slider-thumb":"","penci-magazine-slider":"","penci-thumb":"","penci-masonry-thumb":"","penci-thumb-square":"","penci-thumb-vertical":"","penci-thumb-small":""},"author_info":{"display_name":"Nandi","author_link":"https:\/\/nandi.info\/?author=1"},"category_info":"<a href=\"https:\/\/nandi.info\/?cat=69\" rel=\"category\">Le R\u00e9publicain Mali<\/a> <a href=\"https:\/\/nandi.info\/?cat=23\" rel=\"category\">Politique<\/a>","tag_info":"Politique","comment_count":"0","jetpack_featured_media_url":"","jetpack_sharing_enabled":true,"_links":{"self":[{"href":"https:\/\/nandi.info\/index.php?rest_route=\/wp\/v2\/posts\/11161","targetHints":{"allow":["GET"]}}],"collection":[{"href":"https:\/\/nandi.info\/index.php?rest_route=\/wp\/v2\/posts"}],"about":[{"href":"https:\/\/nandi.info\/index.php?rest_route=\/wp\/v2\/types\/post"}],"author":[{"embeddable":true,"href":"https:\/\/nandi.info\/index.php?rest_route=\/wp\/v2\/users\/1"}],"replies":[{"embeddable":true,"href":"https:\/\/nandi.info\/index.php?rest_route=%2Fwp%2Fv2%2Fcomments&post=11161"}],"version-history":[{"count":0,"href":"https:\/\/nandi.info\/index.php?rest_route=\/wp\/v2\/posts\/11161\/revisions"}],"wp:featuredmedia":[{"embeddable":true,"href":"https:\/\/nandi.info\/index.php?rest_route=\/"}],"wp:attachment":[{"href":"https:\/\/nandi.info\/index.php?rest_route=%2Fwp%2Fv2%2Fmedia&parent=11161"}],"wp:term":[{"taxonomy":"category","embeddable":true,"href":"https:\/\/nandi.info\/index.php?rest_route=%2Fwp%2Fv2%2Fcategories&post=11161"},{"taxonomy":"post_tag","embeddable":true,"href":"https:\/\/nandi.info\/index.php?rest_route=%2Fwp%2Fv2%2Ftags&post=11161"}],"curies":[{"name":"wp","href":"https:\/\/api.w.org\/{rel}","templated":true}]}}