{"id":11155,"date":"2023-01-12T14:13:54","date_gmt":"2023-01-12T13:13:54","guid":{"rendered":"https:\/\/nandi.info\/?p=11155"},"modified":"2023-01-12T14:13:54","modified_gmt":"2023-01-12T13:13:54","slug":"discours-de-presentation-des-voeux-de-nouvel-an-du-president-de-la-maison-de-la-presse-au-president-de-la-transition","status":"publish","type":"post","link":"https:\/\/nandi.info\/?p=11155","title":{"rendered":"Discours de pr\u00e9sentation des v\u0153ux de Nouvel An du Pr\u00e9sident de la Maison de la Presse au Pr\u00e9sident de la Transition"},"content":{"rendered":"\n<p>\u2022 Excellence Monsieur le Pr\u00e9sident de la Transition, Chef de l\u2019Etat<\/p>\n\n\n\n<p>\u2022 Monsieur le Premier Ministre, Chef du gouvernement,<\/p>\n\n\n\n<p>\u2022 Honorable Pr\u00e9sident du Conseil National de Transition,&nbsp;&nbsp;<\/p>\n\n\n\n<p>\u2022 Mesdames et Messieurs les membres du gouvernement,<\/p>\n\n\n\n<p>\u2022 Mesdames et Messieurs les membres du cabinet du Pr\u00e9sident de la Transition, Chef de l\u2019Etat,<\/p>\n\n\n\n<p>\u2022 Mesdames et Messieurs les repr\u00e9sentants des associations et organisations professionnelles de Presse,<\/p>\n\n\n\n<p>\u2022 Distingu\u00e9s invit\u00e9s,<\/p>\n\n\n\n<p>\u2022 Chers cons\u0153urs et confr\u00e8res,<\/p>\n\n\n\n<p>\u2022 Mesdames et Messieurs,<\/p>\n\n\n\n<p>Permettez-moi une pens\u00e9e pieuse \u00e0 la m\u00e9moire de tous ceux qui sont tomb\u00e9s au champ d\u2019honneur pour la d\u00e9fense de notre pays.<\/p>\n\n\n\n<p>Je rends ici un hommage \u00e0 tous les conf\u00e8res arrach\u00e9s \u00e0 notre affection durant l\u2019ann\u00e9e \u00e9coul\u00e9e.<\/p>\n\n\n\n<p>\u2022 Excellence Monsieur le Pr\u00e9sident de la Transition, Chef de l\u2019Etat<\/p>\n\n\n\n<p>\u2022 Distingu\u00e9s invit\u00e9s,<\/p>\n\n\n\n<p>\u2022 Mesdames et Messieurs,<\/p>\n\n\n\n<p>C\u2019est toujours avec honneur et plaisir que, nous venons au palais de la pr\u00e9sidence de la R\u00e9publique, \u00e0 l\u2019occasion de la pr\u00e9sentation des v\u0153ux du Nouvel An. Une tradition que vous voulez bien perp\u00e9tuer. Nous appr\u00e9cions le traitement privil\u00e9gi\u00e9 que vous r\u00e9servez aux m\u00e9dias.<\/p>\n\n\n\n<p>Je voudrais, au nom de tous les professionnels de l\u2019information et de la communication vous adresser nos sinc\u00e8res remerciements pour cette invitation.<\/p>\n\n\n\n<p>Je formule pour vous-m\u00eame, votre famille, vos collaborateurs et l\u2019ensemble des Maliennes et des Maliens nos v\u0153ux de sant\u00e9, de r\u00e9ussite, de prosp\u00e9rit\u00e9 et de bonheur pour l\u2019ann\u00e9e 2023.<\/p>\n\n\n\n<p>\u2022 Excellence Monsieur le Pr\u00e9sident de la Transition, Chef de l\u2019Etat<\/p>\n\n\n\n<p>\u2022 Distingu\u00e9s invit\u00e9s,<\/p>\n\n\n\n<p>\u2022 Mesdames et Messieurs,<\/p>\n\n\n\n<p>Aujourd\u2019hui, notre pays est engag\u00e9 dans une p\u00e9riode de Transition dont la mission premi\u00e8re est sa refondation. Il est question pour nous de faire le point et de nous projeter vers l\u2019avenir pour relever les d\u00e9fis avec efficacit\u00e9 et efficience.<\/p>\n\n\n\n<p>Historiens du pr\u00e9sent, l\u2019ann\u00e9e 2022 a \u00e9t\u00e9 celle de grands d\u00e9fis politiques, s\u00e9curitaires, \u00e9conomiques, sociaux, sanitaires, \u2026 comme l\u2019attestent les reportages, commentaires, interviews, documentaires\u2026 r\u00e9alis\u00e9s et diffus\u00e9s par nos diff\u00e9rents m\u00e9dias.<\/p>\n\n\n\n<p>&#8211; Monsieur le Pr\u00e9sident de la Transition, Chef de l\u2019Etat,<\/p>\n\n\n\n<p>Nous nous r\u00e9jouissons de l\u2019absence de journalistes incarc\u00e9r\u00e9s dans nos prisons. Mais il faut rapidement \u00e9voquer les nouvelles formes de menaces fond\u00e9es sur des injures, des menaces d\u2019agressions physiques, le chantage\u2026&nbsp; Monsieur le Pr\u00e9sident de la Transition, Chef de l\u2019Etat, l\u2019ann\u00e9e 2022 s\u2019est achev\u00e9e sans v\u00e9ritable avanc\u00e9e dans l\u2019affaire Birama TOURE, disparu depuis 7 ans et nous sommes toujours sans nouvelle des animateurs radios Hamadoun Nialibouly et Moussa Bana Dicko enlev\u00e9s dans le centre du pays depuis 2020.<\/p>\n\n\n\n<p>A ceux-ci s\u2019ajoute le journaliste fran\u00e7ais Olivier Dubois kidnapp\u00e9 \u00e0 Gao depuis un an.&nbsp;&nbsp;<\/p>\n\n\n\n<p>&#8211; Excellence Monsieur le Pr\u00e9sident de la Transition, Chef de l\u2019Etat, en d\u00e9pit de nos relations fraternelles bas\u00e9es sur le respect mutuel et notre volont\u00e9 commune de trouver des solutions aux probl\u00e8mes dans un esprit de partenariat, l\u2019atmosph\u00e8re en 2022 \u00e9tait vici\u00e9e par l\u2019incoh\u00e9rence et l\u2019irr\u00e9gularit\u00e9 de la politique d\u2019aide \u00e0 la Presse. Elle fait couler, encore, beaucoup d\u2019encre et de salive.<\/p>\n\n\n\n<p>Cet appui financier de l\u2019Etat demeure irr\u00e9gulier et tr\u00e8s insignifiant. En 2022 par exemple, le montant pay\u00e9 (23 millions) ne permet m\u00eame pas d\u2019assurer le fonctionnement de la Maison de la Presse dans un paysage m\u00e9diatique de plus de 450 radios, 42 t\u00e9l\u00e9visions, plus 150 parutions, 60 journaux en ligne.<\/p>\n\n\n\n<p>&#8211; Excellence Monsieur le Pr\u00e9sident de la Transition, Chef de l\u2019Etat, nous avons appris avec satisfaction l\u2019attention particuli\u00e8re que vous portez au D\u00e9partement en charge de la Communication et en particulier \u00e0 l\u2019ORTM et \u00e0 l\u2019AMAP deux structures publiques, membres de la Maison de la Presse qui traversent quelques difficult\u00e9s.&nbsp;&nbsp;<\/p>\n\n\n\n<p>C\u2019est le lieu \u00e9galement de saluer l\u2019exemplaire coop\u00e9ration entre le D\u00e9partement de la Communication et la Maison de la Presse sur les grandes questions relatives \u00e0 la gestion de la Presse.<\/p>\n\n\n\n<p>Notre objectif est de susciter l\u2019\u00e9mergence d\u2019une Presse plus professionnelle et responsable. Respecter la v\u00e9rit\u00e9, servir en priorit\u00e9 les int\u00e9r\u00eats du citoyen, conserver notre ind\u00e9pendance \u00e0 l\u2019\u00e9gard de ceux dont nous relatons l\u2019action et fournir une information compl\u00e8te et \u00e9quilibr\u00e9e.&nbsp;&nbsp;<\/p>\n\n\n\n<p>Votre objectif est de susciter l\u2019\u00e9mergence d\u2019un citoyen malien nouveau avec un esprit patriotique \u00e9lev\u00e9. Le respect de la souverainet\u00e9 de notre pays et de nos choix strat\u00e9giques ainsi que la d\u00e9fense des int\u00e9r\u00eats vitaux du peuple malien sont les principes qui guident votre action.<\/p>\n\n\n\n<p>Pour ce faire, les m\u00e9dias sont incontournables.<\/p>\n\n\n\n<p>\u2022 Excellence Monsieur le Pr\u00e9sident de la Transition, Chef de l\u2019Etat<\/p>\n\n\n\n<p>\u2022 Distingu\u00e9s invit\u00e9s,<\/p>\n\n\n\n<p>\u2022 Mesdames et Messieurs<\/p>\n\n\n\n<p>Nous ne doutons pas que, dans votre volont\u00e9 de refonder le pays, vous avez \u00e0 c\u0153ur l\u2019am\u00e9lioration des conditions de travail et de vie de tous les citoyens maliens.<\/p>\n\n\n\n<p>Pour vous un Mali refond\u00e9 est ce Mali dont le citoyen ou la citoyenne a acc\u00e8s \u00e0 tous les services sociaux de base : manger \u00e0 sati\u00e9t\u00e9, boire \u00e0 suffisance de l\u2019eau potable, acc\u00e9der \u00e0 l\u2019\u00e9nergie, b\u00e9n\u00e9ficier des soins de sant\u00e9, d\u2019une formation ad\u00e9quate, avoir du travail et \u00eatre bien prot\u00e9g\u00e9, participer pleinement \u00e0 la vie de la Nation, se sentir \u00e9panoui\u2026<\/p>\n\n\n\n<p>Mais une question demeure : peut-on jouir de tous ces droits sans acc\u00e8s \u00e0 l\u2019information de qualit\u00e9\u2009?<\/p>\n\n\n\n<p>\u2022 Excellence Monsieur le Pr\u00e9sident de la transition,<\/p>\n\n\n\n<p>\u2022 Distingu\u00e9s invit\u00e9s,<\/p>\n\n\n\n<p>\u2022 Mesdames et Messieurs<\/p>\n\n\n\n<p>La r\u00e9ponse est NON\u2009!<\/p>\n\n\n\n<p>Aujourd\u2019hui, comme la sant\u00e9, l\u2019\u00e9ducation, la s\u00e9curit\u00e9, l\u2019information est un bien public. \u00c0 ce titre, le citoyen doit \u00e9galement jouir pleinement de son droit \u00e0 l\u2019information.<\/p>\n\n\n\n<p>La marche de notre pays vers la refondation est un processus participatif qui engage toutes les composantes de la Nation malienne. Nous en sommes des acteurs de premier rang.<\/p>\n\n\n\n<p>C\u2019est pour cette raison, que vous et le gouvernement n\u2019h\u00e9siterez pas \u00e0 poser des actes significatifs en faveur des organes m\u00e9diatiques et des professionnels de l\u2019information.<\/p>\n\n\n\n<p>\u00c0 titre d\u2019illustration, l\u2019\u00c9tat a proc\u00e9d\u00e9 \u00e0 la r\u00e9novation du b\u00e2timent de la Maison de la Presse, fa\u00eeti\u00e8re des m\u00e9dias. Il a, \u00e9galement, entam\u00e9 les travaux de bitumage de la voie d\u2019acc\u00e8s au \u00ab\u2009temple de la libert\u00e9 de Presse et d\u2019expression\u2009\u00bb. Mais ces travaux sont arr\u00eat\u00e9s depuis quelques mois.<\/p>\n\n\n\n<p>Sans trompette ni tambour, vous avez personnellement mis la main \u00e0 la poche pour soutenir des&nbsp; cons\u0153urs et des confr\u00e8res en d\u00e9tresse, faciliter certaines de nos activit\u00e9s. C\u2019est la preuve que vous suivez avec int\u00e9r\u00eat ce qui se passe chez nous.<\/p>\n\n\n\n<p>Nous saluons ici le d\u00e9marrage des travaux de la commission de la carte de Presse sous la et l\u2019annonce des travaux du projet de r\u00e9alisation de toitures solaires des b\u00e2timents publics pour la ma\u00eetrise de la facturation \u00e9nerg\u00e9tique de l\u2019Etat, tous sous la houlette et le leadership du Minist\u00e8re de la Communication, de l\u2019Economie Num\u00e9rique et de la Modernisation de l\u2019Administration.<\/p>\n\n\n\n<p>Ce projet \u00e9cologique et \u00e9conomique est une opportunit\u00e9 pour la Maison de la Presse de r\u00e9duire ses d\u00e9penses et d\u2019am\u00e9liorer le niveau de vie et les conditions de travail du personnel.<\/p>\n\n\n\n<p>\u2022 Excellence Monsieur le Pr\u00e9sident de la transition, Chef de l\u2019Etat<\/p>\n\n\n\n<p>\u2022 Distingu\u00e9s invit\u00e9s,<\/p>\n\n\n\n<p>\u2022 Mesdames et Messieurs<\/p>\n\n\n\n<p>Nous sommes engag\u00e9s donc \u00e0 plus d\u2019efforts pour devenir de v\u00e9ritables entreprises, rigoureuses et ambitieuses anim\u00e9es par des journalistes de r\u00e9f\u00e9rence. C\u2019est pourquoi nous avons engag\u00e9 notre refondation avant l\u2019heure en proc\u00e9dant, d\u00e9j\u00e0 en 2021, au toilettage des textes r\u00e9gissant notre secteur.<\/p>\n\n\n\n<p>Cette relecture va permettre une mise en coh\u00e9rence de la pratique du m\u00e9tier avec ce qui a cours au niveau sous r\u00e9gional, africain et mondial. En le faisant, nous avons proc\u00e9d\u00e9 au \u00ab\u2009nettoyage des \u00e9curies d\u2019Augias\u2009\u00bb, oui extirper de nos rangs la gangr\u00e8ne, r\u00e9affirmer notre responsabilit\u00e9 sociale et notre engagement \u00e0 plus de professionnalisme\u2026<\/p>\n\n\n\n<p>C\u2019est \u00e0 ce prix que nous contribuerons \u00e0 l\u2019av\u00e8nement du Malien nouveau, auquel tous aspirent.<\/p>\n\n\n\n<p>Les Maliens nouveaux, c\u2019est \u00e9galement ces journalistes qui s\u00e8ment les graines du d\u00e9vouement et du professionnalisme. Ils se distinguent par leur travail, leur contribution au d\u00e9veloppement et \u00e0 la promotion de l\u2019information et de la communication chez nous. Ils se caract\u00e9risent par une fid\u00e9lit\u00e9 \u00e0 toute \u00e9preuve dans l\u2019accomplissement de services au profit de la Nation. Ils sont nombreux et m\u00e9ritent la reconnaissance de la Nation, une source suppl\u00e9mentaire de motivation.<\/p>\n\n\n\n<p>&#8211; Excellence Monsieur le Pr\u00e9sident de la transition, Chef de l\u2019Etat<\/p>\n\n\n\n<p>Distingu\u00e9s invit\u00e9s,<\/p>\n\n\n\n<p>Mesdames et Messieurs<\/p>\n\n\n\n<p>Notre pays qui est \u00e0 la crois\u00e9e des chemins conna\u00eetra de nouveaux rendez-vous importants en 2023, de nouvelles r\u00e9formes pour refonder notre processus d\u00e9mocratique et nos institutions.<\/p>\n\n\n\n<p>Nous avons conscience que d\u2019importants chantiers restent \u00e0 r\u00e9aliser pour parvenir au Mali Kura. Il s\u2019agit notamment de :<\/p>\n\n\n\n<p>&#8211; L\u2019avant-projet de constitution dont la copie vous a \u00e9t\u00e9 remise officiellement le 11 octobre dernier par la commission en charge de sa r\u00e9daction. Concernant ce point, nous avons pris bonne note de la volont\u00e9 politique claire et maintes fois affirm\u00e9e de nos autorit\u00e9s.<\/p>\n\n\n\n<p>En comparaison avec la loi fondamentale en vigueur, il y a des aspects que nous consid\u00e9rons comme un recul.<\/p>\n\n\n\n<p>La constitution en vigueur, en son article 7, stipule que : \u00ab\u2009La libert\u00e9 de Presse est reconnue et garantie. Elle s\u2019exerce dans les conditions fix\u00e9es par la loi.<\/p>\n\n\n\n<p>L\u2019\u00e9gal acc\u00e8s pour tous aux m\u00e9dias d\u2019\u00c9tat est assur\u00e9 par un organe ind\u00e9pendant dont le statut est fix\u00e9 par une loi organique.\u2009\u00bb<\/p>\n\n\n\n<p>L\u2019avant-projet en son article 15 stipule : \u00ab\u2009La libert\u00e9 de presse est reconnue et garantie. Elle s\u2019exerce dans les conditions fix\u00e9es par la loi.\u2009\u00bb<\/p>\n\n\n\n<p>Il est attendu la correction du bic\u00e9phalisme de la r\u00e9gulation \u00e0 travers le renforcement et la consolidation de l\u2019organe unique en la mati\u00e8re. Un r\u00e9gulateur hiss\u00e9 \u00e0 hauteur d\u2019institution de la R\u00e9publique comme c\u2019est le cas dans la plupart de nos voisins et d\u2019ailleurs.<\/p>\n\n\n\n<p>Voici ce que propose l\u2019avant-projet en son article 87 : \u00ab\u2009Les Autorit\u00e9s administratives ind\u00e9pendantes exercent leurs missions notamment dans les domaines de la m\u00e9diation, de la r\u00e9gulation, de la v\u00e9rification et du contr\u00f4le, de la protection des libert\u00e9s et droits individuels, de l\u2019organisation et la gestion des \u00e9lections.<\/p>\n\n\n\n<p>Les Autorit\u00e9s administratives ind\u00e9pendantes sont cr\u00e9\u00e9es par la loi.\u2009\u00bb<\/p>\n\n\n\n<p>Comme libell\u00e9 la commission de r\u00e9daction n\u2019a pas tenu compte des sp\u00e9cificit\u00e9s du secteur de l\u2019information et de la communication. Elle a fait une lecture tr\u00e8s restrictive de la question.<\/p>\n\n\n\n<p>Forts de ces constats nous avons fait des propositions au gouvernement. Nous osons esp\u00e9rer que le r\u00e9sultat final sera \u00e0 la hauteur de nos attentes, mais \u00e9galement de celles des populations.<\/p>\n\n\n\n<p>&#8211;&nbsp; Un autre chantier important concerne l\u2019ach\u00e8vement du processus de relecture des six (06) textes l\u00e9gislatifs et r\u00e9glementaires qui r\u00e9gissent notre secteur. Entre autres objectifs, il s\u2019est agi de doter le Mali d\u2019un cadre juridique et r\u00e9glementaire adapt\u00e9 aux exigences et \u00e0 l\u2019environnement actuel de notre pays.<\/p>\n\n\n\n<p>Malgr\u00e9 le retard accus\u00e9, nous nous r\u00e9jouissons que lesdits textes soient engag\u00e9s aujourd\u2019hui dans le processus d\u2019approbation par le Gouvernement.<\/p>\n\n\n\n<p>Ces six (06) projets de texte sur la table du gouvernement depuis plusieurs mois devront permettre un assainissement total du paysage m\u00e9diatique malien.&nbsp;&nbsp;<\/p>\n\n\n\n<p>Il s\u2019agira entre autre de doter notre pays de texte sur la Presse en ligne, un des rares pays sinon le seul au monde \u00e0 ne pas en avoir encore ; de r\u00e9gler d\u00e9finitivement la question de l\u2019aide \u00e0 la Presse et de la carte de Presse professionnelle ; de faciliter l\u2019acc\u00e8s \u00e0 l\u2019information et de r\u00e9viser la loi sur la Presse et d\u00e9lits conform\u00e9ment aux exigences du monde actuel.&nbsp;&nbsp;<\/p>\n\n\n\n<p>Les r\u00e9sultats auxquels nous sommes parvenus sont le fruit d\u2019un travail des tous les acteurs qu\u2019il faut saluer ici : Minist\u00e8re de la Communication de l\u2019Economie Num\u00e9rique et de la Modernisation de l\u2019Administration, Minist\u00e8re de la Justice et des Droits de l\u2019Homme, Haute Autorit\u00e9 de la Communication, Acteurs de la Soci\u00e9t\u00e9 civile, Syndicats des magistrats, Organisations professionnelles de la Presse.<\/p>\n\n\n\n<p>L\u2019adoption de ces projets de lois et de d\u00e9crets marquera d\u00e9finitivement la REFONDATION DE LA PRESSE MALIENNE, signe sous lequel nous avons plac\u00e9 notre mandat en janvier 2021.<\/p>\n\n\n\n<p>\u2022 Excellence Monsieur le Pr\u00e9sident de la transition, Chef de l\u2019Etat<\/p>\n\n\n\n<p>\u2022 Distingu\u00e9s invit\u00e9s,<\/p>\n\n\n\n<p>\u2022 Mesdames et Messieurs<\/p>\n\n\n\n<p>Les organes m\u00e9diatiques ont b\u00e9n\u00e9fici\u00e9 de l\u2019aide \u00e0 la presse \u00e0 partir de 1996. Le D\u00e9cret N\u00b0 03-264\/P-RM du 7 juillet 2003 d\u00e9terminant les conditions d\u2019\u00e9ligibilit\u00e9, d\u2019attribution et de gestion de l\u2019aide publique \u00e0 la Presse, ne d\u00e9termine pas, ni ne pr\u00e9cise les formes d\u2019aide indirecte (exon\u00e9rations, d\u00e9taxations, d\u00e9gr\u00e8vements, etc.). Elle ne s\u2019adosse \u00e0 aucun autre texte pr\u00e9cisant la source ou le montant.<\/p>\n\n\n\n<p>Ce qui ouvre la voie au prince du jour, en fonction de ses humeurs ou de ses accointances, pour d\u00e9cider la distribution de miettes aux m\u00e9dias.<\/p>\n\n\n\n<p>Aujourd\u2019hui, nous avons la conviction qu\u2019une l\u00e9gislation sur l\u2019indexation de cette aide aux recettes de l\u2019\u00c9tat balisera et moralisera cette aide. Le Mali Kura serait pass\u00e9 par-l\u00e0\u2009!<\/p>\n\n\n\n<p>La refondation c\u2019est l\u2019action. Gr\u00e2ce \u00e0 votre \u00e9coute active et \u00e0 votre engagement, nous parviendrons \u00e0 relever tous ces d\u00e9fis.<\/p>\n\n\n\n<p>Vous pouvez compter sur nous pour \u00e9clairer nos concitoyens et porter de mani\u00e8re responsable l\u2019information concernant ces r\u00e9formes dans les m\u00e9nages, dans les foyers, sur la place publique\u2026<\/p>\n\n\n\n<p>Je voudrais, pour terminer, vous dire que nous sommes optimistes quant \u00e0 l\u2019avenir des m\u00e9dias au Mali, car, nous travaillons \u00e0 \u00eatre plus imaginatifs, \u00e0 faire preuve de cr\u00e9ativit\u00e9 et de volont\u00e9 de mieux faire profiter nos compatriotes d\u2019information de grande qualit\u00e9.<\/p>\n\n\n\n<p>Nous attendons de l\u2019\u00c9tat qu\u2019il continue de contribuer \u00e0 la lutte contre la d\u00e9sinformation.<\/p>\n\n\n\n<p>Je sais que vous en avez la volont\u00e9, mais \u00e9galement la capacit\u00e9. Je ne doute pas que vous aurez l\u2019antidote contre les probl\u00e8mes qui assaillent les m\u00e9dias au Mali.<\/p>\n\n\n\n<p>C\u2019est sur ces mots que je voudrais clore mes propos, en vous r\u00e9it\u00e9rant, \u00e0 vous, \u00e0 votre famille et \u00e0 toute la nation malienne nos v\u0153ux les meilleurs pour l\u2019ann\u00e9e 2023.<\/p>\n\n\n\n<p>Unissons nos pri\u00e8res pour un Mali de paix, d\u2019entente et de coh\u00e9sion\u2009!<\/p>\n\n\n\n<p>Bonne et heureuse ann\u00e9e \u00e0 toutes et \u00e0 tous\u2009!<\/p>\n\n\n\n<p>Je vous remercie.&nbsp; &nbsp; &nbsp; &nbsp; &nbsp; &nbsp; &nbsp; &nbsp; &nbsp; &nbsp; &nbsp; &nbsp; &nbsp; &nbsp; &nbsp; &nbsp; &nbsp; &nbsp; &nbsp; &nbsp; &nbsp; &nbsp; &nbsp; &nbsp; &nbsp; &nbsp; &nbsp; &nbsp;&nbsp;<\/p>\n\n\n\n<p><strong>Bamako, le 12 janvier 2023<\/strong><\/p>\n","protected":false},"excerpt":{"rendered":"<p>\u2022 Excellence Monsieur le Pr\u00e9sident de la Transition, Chef de l\u2019Etat \u2022 Monsieur le Premier Ministre, Chef du gouvernement, \u2022 Honorable Pr\u00e9sident du Conseil National de Transition,&nbsp;&nbsp; \u2022 Mesdames et&hellip;<\/p>\n","protected":false},"author":1,"featured_media":11159,"comment_status":"open","ping_status":"closed","sticky":false,"template":"","format":"standard","meta":{"content-type":"","_lmt_disableupdate":"","_lmt_disable":"","_jetpack_memberships_contains_paid_content":false,"footnotes":"","jetpack_publicize_message":"","jetpack_publicize_feature_enabled":true,"jetpack_social_post_already_shared":true,"jetpack_social_options":{"image_generator_settings":{"template":"highway","default_image_id":0,"font":"","enabled":false},"version":2}},"categories":[43,21],"tags":[],"class_list":["post-11155","post","type-post","status-publish","format-standard","has-post-thumbnail","hentry","category-nandi-info","category-societe"],"jetpack_publicize_connections":[],"featured_image_urls":{"full":"","thumbnail":"","medium":"","medium_large":"","large":"","1536x1536":"","2048x2048":"","penci-recipe-1200x1200":"","penci-recipe-1200x900":"","penci-recipe-1200x675":"","penci-single-full":"","penci-slider-full-thumb":"","penci-full-thumb":"","penci-slider-thumb":"","penci-magazine-slider":"","penci-thumb":"","penci-masonry-thumb":"","penci-thumb-square":"","penci-thumb-vertical":"","penci-thumb-small":""},"author_info":{"display_name":"Nandi","author_link":"https:\/\/nandi.info\/?author=1"},"category_info":"<a href=\"https:\/\/nandi.info\/?cat=43\" rel=\"category\">Nandi.info<\/a> <a href=\"https:\/\/nandi.info\/?cat=21\" rel=\"category\">Soci\u00e9t\u00e9<\/a>","tag_info":"Soci\u00e9t\u00e9","comment_count":"0","jetpack_featured_media_url":"","jetpack_sharing_enabled":true,"_links":{"self":[{"href":"https:\/\/nandi.info\/index.php?rest_route=\/wp\/v2\/posts\/11155","targetHints":{"allow":["GET"]}}],"collection":[{"href":"https:\/\/nandi.info\/index.php?rest_route=\/wp\/v2\/posts"}],"about":[{"href":"https:\/\/nandi.info\/index.php?rest_route=\/wp\/v2\/types\/post"}],"author":[{"embeddable":true,"href":"https:\/\/nandi.info\/index.php?rest_route=\/wp\/v2\/users\/1"}],"replies":[{"embeddable":true,"href":"https:\/\/nandi.info\/index.php?rest_route=%2Fwp%2Fv2%2Fcomments&post=11155"}],"version-history":[{"count":0,"href":"https:\/\/nandi.info\/index.php?rest_route=\/wp\/v2\/posts\/11155\/revisions"}],"wp:featuredmedia":[{"embeddable":true,"href":"https:\/\/nandi.info\/index.php?rest_route=\/"}],"wp:attachment":[{"href":"https:\/\/nandi.info\/index.php?rest_route=%2Fwp%2Fv2%2Fmedia&parent=11155"}],"wp:term":[{"taxonomy":"category","embeddable":true,"href":"https:\/\/nandi.info\/index.php?rest_route=%2Fwp%2Fv2%2Fcategories&post=11155"},{"taxonomy":"post_tag","embeddable":true,"href":"https:\/\/nandi.info\/index.php?rest_route=%2Fwp%2Fv2%2Ftags&post=11155"}],"curies":[{"name":"wp","href":"https:\/\/api.w.org\/{rel}","templated":true}]}}