{"id":11143,"date":"2023-01-12T12:15:20","date_gmt":"2023-01-12T11:15:20","guid":{"rendered":"https:\/\/nandi.info\/?p=11143"},"modified":"2023-01-12T12:15:20","modified_gmt":"2023-01-12T11:15:20","slug":"formation-professionnelle-15-milliard-f-cfa-pour-2023","status":"publish","type":"post","link":"https:\/\/nandi.info\/?p=11143","title":{"rendered":"Formation professionnelle : 1,5 milliard F CFA pour 2023"},"content":{"rendered":"\n<p><strong><em>Le ministre de l\u2019Entreprenariat national de l\u2019Emploi et de la Formation professionnelle, Bakary Doumbia, a pr\u00e9sid\u00e9 le 29 d\u00e9cembre dernier, la 13<sup>e<\/sup>&nbsp;session ordinaire du Conseil d\u2019administration de l\u2019Observatoire national de l\u2019Emploi et de la Formation (Onef). Le budget pr\u00e9visionnel de r\u00e9alisation des activit\u00e9s pr\u00e9vues en 2023 est estim\u00e9 \u00e0 1&nbsp;462&nbsp;521&nbsp;000 Francs CFA, soit une hausse de 1,06 % par rapport au budget pr\u00e9visionnel de 2022.<\/em><\/strong><\/p>\n\n\n\n<p class=\"has-drop-cap\">La session a eu \u00e0 son ordre du jour\u00a0: l\u2019examen et l\u2019adoption du proc\u00e8s-verbal de la 12<sup>e<\/sup>\u00a0session du Conseil d\u2019administration, l\u2019examen du point d\u2019ex\u00e9cution des recommandations de la 12<sup>e<\/sup>\u00a0session\u00a0; l\u2019examen et l\u2019adoption du rapport d\u2019activit\u00e9s 2022, l\u2019examen et l\u2019adoption du rapport financier 2022, l\u2019examen et l\u2019adoption du programme d\u2019activit\u00e9s 2023 et son budget pr\u00e9visionnel.<\/p>\n\n\n\n<p>Le rapport d\u2019activit\u00e9s \u00e0 la date du 15 d\u00e9cembre 2022 fait ressortir un taux de r\u00e9alisation ou en cours de r\u00e9alisation de 57,0 % des activit\u00e9s programm\u00e9es en 2022 et un taux d\u2019ex\u00e9cution projet\u00e9 de 96,7 % au 31 d\u00e9cembre 2022 du cr\u00e9dit budg\u00e9taire mobilis\u00e9. La r\u00e9alisation des activit\u00e9s est et demeure in\u00e9luctablement li\u00e9e \u00e0 la disponibilit\u00e9 des ressources financi\u00e8res. Sur ce plan, le budget pr\u00e9visionnel 2022, arr\u00eat\u00e9 \u00e0 1&nbsp;447&nbsp;185&nbsp;000 Francs CFA a \u00e9t\u00e9 confront\u00e9 dans sa mise en \u0153uvre \u00e0 des difficult\u00e9s de mobilisation compte tenu de la crise \u00e9conomique et financi\u00e8re que traverse notre pays.<\/p>\n\n\n\n<p>Cette crise, \u00e0 en croire les acteurs, a non seulement eu un impact sur la mobilisation de la subvention accord\u00e9e par l\u2019Etat \u00e0 l\u2019Onef, mais aussi sur celle accord\u00e9e par les partenaires. Ces difficult\u00e9s ont fortement entrav\u00e9 la r\u00e9alisation d\u2019une bonne partie des activit\u00e9s programm\u00e9es en 2022, expliquent-ils.&nbsp; Par ailleurs, les ressources du budget pr\u00e9visionnel 2023, seront mobilis\u00e9es aupr\u00e8s de l\u2019Etat, des partenaires financiers comme&nbsp;: la coop\u00e9ration Luxembourgeoise dans le cadre de la mise en \u0153uvre des programmes MLI021, 022 et 026, l\u2019Organisation mondiale de la Sant\u00e9 (OMS) et \u00e0 partir des prestations de l\u2019Onef. Selon le ministre, l\u2019accompagnement de ces diff\u00e9rents partenaires est la preuve de la vitalit\u00e9 de l\u2019Observatoire national de l\u2019Emploi et de la Formation (Onef).<\/p>\n\n\n\n<p>A cet effet, il a exhort\u00e9 l\u2019Onef \u00e0 \u0153uvrer sans rel\u00e2che dans la recherche de partenariat en vue de diversifier ses ressources de financement, condition sine qua non pour la production des donn\u00e9es statistiques et r\u00e9guli\u00e8res sur l\u2019emploi et la formation. Il faut rappeler que, les renseignements et les indicateurs du march\u00e9 de travail, d\u00e9marches indispensables pour orienter les plus hautes autorit\u00e9s dans les choix d\u00e9cisionnels pour la cr\u00e9ation d\u2019emploi, impose de disposer d\u2019un outil fonctionnel, de comp\u00e9tences av\u00e9r\u00e9es aptes \u00e0 produire des r\u00e9sultats.<\/p>\n\n\n\n<p><em>\u00ab&nbsp;L\u2019Onef est cet instrument, que vous accompagnez \u00e0 travers vos critiques et suggestions afin de produire des recommandations pertinentes permettront d\u2019am\u00e9liorer la qualit\u00e9 de l\u2019offre de service&nbsp;\u00bb,<\/em>&nbsp;a laiss\u00e9 entendre le ministre. A souligner que, l\u2019ann\u00e9e 2023 marque la deuxi\u00e8me ann\u00e9e de mise en \u0153uvre du nouveau Plan strat\u00e9gique de D\u00e9veloppement, un plan qui court jusqu\u2019\u00e0 l\u2019horizon 2026, et s\u2019articulant autour de quatre axes, \u00e0 savoir&nbsp;: l\u2019am\u00e9lioration de l\u2019organisation, de la visibilit\u00e9 et des capacit\u00e9s d\u2019intervention de l\u2019Onef, l\u2019am\u00e9lioration de la collecte, du traitement et de l\u2019utilisation des statistiques, l\u2019am\u00e9lioration de l\u2019ad\u00e9quation de la formation aux demandes du march\u00e9 du travail, le d\u00e9veloppement de l\u2019analyse et de diffusion des informations sur le march\u00e9 du travail.<\/p>\n\n\n\n<p>Pour sa part, le directeur g\u00e9n\u00e9ral de l\u2019Onef, Boubacar Diallo, dira que malgr\u00e9 les contraintes qui ont emp\u00each\u00e9 la r\u00e9alisation d\u2019une partie de nos activit\u00e9s, nous avons au de-l\u00e0 de cela, tenu compte de cette r\u00e9alit\u00e9 pour aller chercher des financements.&nbsp;<em>\u00ab&nbsp;Ce qui nous a permis de mobiliser des ressources pour pouvoir r\u00e9aliser deux \u00e9tudes compl\u00e9mentaires&nbsp;\u00bb,<\/em>&nbsp;explique le patron de l\u2019Onef.<\/p>\n\n\n\n<p>Il informera que pour l\u2019ann\u00e9e 2023, l\u2019Onef a reprogramm\u00e9 certaines activit\u00e9s notamment des \u00e9tudes qui sont importantes pour lui, ainsi que pour tous les utilisateurs des donn\u00e9es statistiques sur le march\u00e9 du travail.&nbsp;<em>\u00ab&nbsp;Nous comptons r\u00e9aliser une \u00e9tude prospective sur le march\u00e9 du travail. Au-del\u00e0 de cette \u00e9tude, nous avons \u00e9galement une rencontre que nous voulons organiser sur la journ\u00e9e scientifique de l\u2019Onef qui certainement porte sur une des probl\u00e9matiques importantes du march\u00e9 du travail, c\u2019est l\u2019insertion et l\u2019employabilit\u00e9 des dipl\u00f4m\u00e9s en science de l\u2019\u00e9ducation&nbsp;\u00bb,<\/em>&nbsp;a conclu, le directeur.<\/p>\n\n\n\n<p><strong>Ibrahima Ndiaye<\/strong><\/p>\n","protected":false},"excerpt":{"rendered":"<p>Le ministre de l\u2019Entreprenariat national de l\u2019Emploi et de la Formation professionnelle, Bakary Doumbia, a pr\u00e9sid\u00e9 le 29 d\u00e9cembre dernier, la 13e&nbsp;session ordinaire du Conseil d\u2019administration de l\u2019Observatoire national de&hellip;<\/p>\n","protected":false},"author":1,"featured_media":11147,"comment_status":"open","ping_status":"closed","sticky":false,"template":"","format":"standard","meta":{"content-type":"","_lmt_disableupdate":"","_lmt_disable":"","_jetpack_memberships_contains_paid_content":false,"footnotes":"","jetpack_publicize_message":"","jetpack_publicize_feature_enabled":true,"jetpack_social_post_already_shared":true,"jetpack_social_options":{"image_generator_settings":{"template":"highway","default_image_id":0,"font":"","enabled":false},"version":2}},"categories":[39,33],"tags":[],"class_list":["post-11143","post","type-post","status-publish","format-standard","has-post-thumbnail","hentry","category-formation-professionnelle","category-mali-tribune"],"jetpack_publicize_connections":[],"featured_image_urls":{"full":"","thumbnail":"","medium":"","medium_large":"","large":"","1536x1536":"","2048x2048":"","penci-recipe-1200x1200":"","penci-recipe-1200x900":"","penci-recipe-1200x675":"","penci-single-full":"","penci-slider-full-thumb":"","penci-full-thumb":"","penci-slider-thumb":"","penci-magazine-slider":"","penci-thumb":"","penci-masonry-thumb":"","penci-thumb-square":"","penci-thumb-vertical":"","penci-thumb-small":""},"author_info":{"display_name":"Nandi","author_link":"https:\/\/nandi.info\/?author=1"},"category_info":"<a href=\"https:\/\/nandi.info\/?cat=39\" rel=\"category\">Formation Professionnelle<\/a> <a href=\"https:\/\/nandi.info\/?cat=33\" rel=\"category\">Mali Tribune<\/a>","tag_info":"Mali Tribune","comment_count":"0","jetpack_featured_media_url":"","jetpack_sharing_enabled":true,"_links":{"self":[{"href":"https:\/\/nandi.info\/index.php?rest_route=\/wp\/v2\/posts\/11143","targetHints":{"allow":["GET"]}}],"collection":[{"href":"https:\/\/nandi.info\/index.php?rest_route=\/wp\/v2\/posts"}],"about":[{"href":"https:\/\/nandi.info\/index.php?rest_route=\/wp\/v2\/types\/post"}],"author":[{"embeddable":true,"href":"https:\/\/nandi.info\/index.php?rest_route=\/wp\/v2\/users\/1"}],"replies":[{"embeddable":true,"href":"https:\/\/nandi.info\/index.php?rest_route=%2Fwp%2Fv2%2Fcomments&post=11143"}],"version-history":[{"count":0,"href":"https:\/\/nandi.info\/index.php?rest_route=\/wp\/v2\/posts\/11143\/revisions"}],"wp:featuredmedia":[{"embeddable":true,"href":"https:\/\/nandi.info\/index.php?rest_route=\/"}],"wp:attachment":[{"href":"https:\/\/nandi.info\/index.php?rest_route=%2Fwp%2Fv2%2Fmedia&parent=11143"}],"wp:term":[{"taxonomy":"category","embeddable":true,"href":"https:\/\/nandi.info\/index.php?rest_route=%2Fwp%2Fv2%2Fcategories&post=11143"},{"taxonomy":"post_tag","embeddable":true,"href":"https:\/\/nandi.info\/index.php?rest_route=%2Fwp%2Fv2%2Ftags&post=11143"}],"curies":[{"name":"wp","href":"https:\/\/api.w.org\/{rel}","templated":true}]}}