{"id":11083,"date":"2023-01-11T11:47:04","date_gmt":"2023-01-11T10:47:04","guid":{"rendered":"https:\/\/nandi.info\/?p=11083"},"modified":"2023-01-11T11:47:04","modified_gmt":"2023-01-11T10:47:04","slug":"alassane-ouattara-a-laccueil-des-soldats-ivoiriens-gracies-par-le-mali-nous-estimons-quavec-un-pays-frere-et-ami-il-netait-pas-necessaire-davoir-une-voie","status":"publish","type":"post","link":"https:\/\/nandi.info\/?p=11083","title":{"rendered":"Alassane Ouattara \u00e0 l\u2019accueil des soldats ivoiriens graci\u00e9s par le Mali : \u00ab Nous estimons qu\u2019avec un pays fr\u00e8re et ami, il n\u2019\u00e9tait pas n\u00e9cessaire d\u2019avoir une voie autre que celle de la diplomatie\u2026 \u00bb"},"content":{"rendered":"\n<p><strong>Le samedi, 7 janvier 2023, dans la soir\u00e9e, les 46 soldats ivoiriens graci\u00e9s par les autorit\u00e9s maliennes, apr\u00e8s six mois de d\u00e9tention, sont rentr\u00e9s en C\u00f4te d\u2019Ivoire. Apr\u00e8s une escale au Togo, ils ont atterri \u00e0 l\u2019a\u00e9roport d\u2019Abidjan o\u00f9 le pr\u00e9sident ivoirien, Alassane Dramane Ouattara, les attendaient sur le tarmac. Ainsi prend fin la longue crise diplomatique entre \u00ab deux pays fr\u00e8res et amis. \u00bb<\/strong><\/p>\n\n\n\n<p class=\"has-drop-cap\">Le pr\u00e9sident ivoirien a salu\u00e9 ses soldats en ces termes : \u00ab Chers soldats, je voudrais que vous soyez rassur\u00e9s que vous n\u2019avez absolument rien \u00e0 vous reprocher. Vous \u00e9tiez all\u00e9s en mission. C\u2019\u00e9tait d\u2019ailleurs la 8e rotation pour six mois. \u00bb<\/p>\n\n\n\n<p>\u00ab Aujourd\u2019hui, ils sont de retour. Et je dois dire que ce sont des h\u00e9ros. Bravo \u00e0 vous jeunes h\u00e9ros \u00bb, a d\u00e9clar\u00e9 Alassane Ouattara, avant de saluer la m\u00e9diation et la mobilisation des chefs d\u2019\u00c9tat, togolais Faure Gnassingb\u00e9, bissau-guin\u00e9en Umaro Sissoco Embal\u00f3, ainsi que le secr\u00e9taire g\u00e9n\u00e9ral de l\u2019ONU, Antonio Guterres. \u00ab La diplomatie a pay\u00e9. Nous avons pr\u00e9f\u00e9r\u00e9 cela. Nous estimons qu\u2019avec un pays fr\u00e8re et ami, il n\u2019\u00e9tait pas n\u00e9cessaire d\u2019avoir une voie autre que celle de la diplomatie \u00bb, selon le pr\u00e9sident ivoirien.<\/p>\n\n\n\n<p><strong>Grace pr\u00e9sidentielle<\/strong><\/p>\n\n\n\n<p>Les autorit\u00e9s maliennes ont annonc\u00e9, le vendredi 6 janvier 2023, que les 49 militaires ivoiriens accus\u00e9s d\u2019\u00eatre des mercenaires ont \u00e9t\u00e9 graci\u00e9s. 46 d\u2019entre eux, qui \u00e9taient toujours d\u00e9tenus au Mali, avaient \u00e9t\u00e9 condamn\u00e9s \u00e0 20 ans de prison en d\u00e9cembre, les trois soldates rel\u00e2ch\u00e9es \u00e0 la peine de mort par contumace.<\/p>\n\n\n\n<p>\u00ab Son excellence le colonel Assimi Go\u00efta, pr\u00e9sident de la transition, chef de l\u2019\u00c9tat, a accord\u00e9 sa gr\u00e2ce, avec une remise totale de peine, aux 49 Ivoiriens condamn\u00e9s par la justice malienne \u00bb, selon le communiqu\u00e9 lu, \u00e0 la t\u00e9l\u00e9vision nationale, par le porte-parole du gouvernement, le colonel Abdoulaye Ma\u00efga.<\/p>\n\n\n\n<p>Selon le gouvernement malien, ce geste d\u00e9montre l\u2019attachement du colonel Assimi Go\u00efta, \u00ab \u00e0 la paix, au dialogue, au panafricanisme, \u00e0 la pr\u00e9servation des relations fraternelles et s\u00e9culaires avec les pays de la r\u00e9gion, en particulier le Mali et la C\u00f4te d\u2019Ivoire. \u00bb<\/p>\n\n\n\n<p>Le 30 d\u00e9cembre 2022, la Cour d\u2019assise de Bamako avait condamn\u00e9 les 46 soldats ivoiriens toujours d\u00e9tenus au Mali \u00e0 20 ans de r\u00e9clusion criminelle. Ils \u00e9copent \u00e9galement chacun d\u2019une amende de deux millions de francs CFA. Les trois soldates qui avaient \u00e9t\u00e9 lib\u00e9r\u00e9es au mois de septembre sont condamn\u00e9es par contumace \u00e0 la peine de mort ainsi qu\u2019\u00e0 10 millions de francs CFA d\u2019amende.<\/p>\n\n\n\n<p>A signaler que le 10 ao\u00fbt dernier, les autorit\u00e9s judiciaires maliennes ont inculp\u00e9 et plac\u00e9 sous mandat de d\u00e9p\u00f4t, 49 militaires ivoiriens pour \u00ab des faits de crimes d\u2019association de malfaiteurs, d\u2019attentat et complot contre le gouvernement, d\u2019atteinte \u00e0 la s\u00fbret\u00e9 ext\u00e9rieure de l\u2019Etat, de d\u00e9tention, port et transport d\u2019armes de guerre et de complicit\u00e9 de ces crimes \u00bb. Quelques jours plus tard, soit le samedi 3 septembre 2022, dans la soir\u00e9e, les trois femmes du groupe des 49 militaires ivoiriens arr\u00eat\u00e9s au Mali, le 10 juillet dernier, ont \u00e9t\u00e9 officiellement lib\u00e9r\u00e9es et remises aux autorit\u00e9s ivoiriennes \u00e0 Lom\u00e9.<\/p>\n\n\n\n<p>Le 10 juillet 2022, 49 soldats ivoiriens ont \u00e9t\u00e9 arr\u00eat\u00e9s \u00e0 l\u2019a\u00e9roport de Bamako et consid\u00e9r\u00e9s comme des mercenaires par les autorit\u00e9s maliennes. Une accusation que rejette Abidjan (C\u00f4te d\u2019Ivoire) qui demande \u00ab sans d\u00e9lai \u00bb, leur lib\u00e9ration, soutenant que ce sont des \u00e9l\u00e9ments de soutien \u00e0 la MINUSMA (Mission multidimensionnelle int\u00e9gr\u00e9e des Nations Unies pour la stabilisation du Mali), m\u00eame si selon le porte-parole adjoint de l\u2019ONU (Organisation des Nations Unies) Farhan Haq, les \u00e9l\u00e9ments interpell\u00e9s \u00ab ne faisaient pas formellement partie de la Minusma \u00bb.<\/p>\n\n\n\n<p>M.K.D<\/p>\n\n\n\n<p><strong>Le R\u00e9publicain &#8211; Mali<\/strong><\/p>\n","protected":false},"excerpt":{"rendered":"<p>Le samedi, 7 janvier 2023, dans la soir\u00e9e, les 46 soldats ivoiriens graci\u00e9s par les autorit\u00e9s maliennes, apr\u00e8s six mois de d\u00e9tention, sont rentr\u00e9s en C\u00f4te d\u2019Ivoire. Apr\u00e8s une escale&hellip;<\/p>\n","protected":false},"author":1,"featured_media":11084,"comment_status":"open","ping_status":"closed","sticky":false,"template":"","format":"standard","meta":{"content-type":"","_lmt_disableupdate":"","_lmt_disable":"","_jetpack_memberships_contains_paid_content":false,"footnotes":"","jetpack_publicize_message":"","jetpack_publicize_feature_enabled":true,"jetpack_social_post_already_shared":true,"jetpack_social_options":{"image_generator_settings":{"template":"highway","default_image_id":0,"font":"","enabled":false},"version":2}},"categories":[65,105,69,21],"tags":[],"class_list":["post-11083","post","type-post","status-publish","format-standard","has-post-thumbnail","hentry","category-armee","category-diplomatie","category-le-republicain-mali","category-societe"],"jetpack_publicize_connections":[],"featured_image_urls":{"full":"","thumbnail":"","medium":"","medium_large":"","large":"","1536x1536":"","2048x2048":"","penci-recipe-1200x1200":"","penci-recipe-1200x900":"","penci-recipe-1200x675":"","penci-single-full":"","penci-slider-full-thumb":"","penci-full-thumb":"","penci-slider-thumb":"","penci-magazine-slider":"","penci-thumb":"","penci-masonry-thumb":"","penci-thumb-square":"","penci-thumb-vertical":"","penci-thumb-small":""},"author_info":{"display_name":"Nandi","author_link":"https:\/\/nandi.info\/?author=1"},"category_info":"<a href=\"https:\/\/nandi.info\/?cat=65\" rel=\"category\">Arm\u00e9e<\/a> <a href=\"https:\/\/nandi.info\/?cat=105\" rel=\"category\">Diplomatie<\/a> <a href=\"https:\/\/nandi.info\/?cat=69\" rel=\"category\">Le R\u00e9publicain Mali<\/a> <a href=\"https:\/\/nandi.info\/?cat=21\" rel=\"category\">Soci\u00e9t\u00e9<\/a>","tag_info":"Soci\u00e9t\u00e9","comment_count":"0","jetpack_featured_media_url":"","jetpack_sharing_enabled":true,"_links":{"self":[{"href":"https:\/\/nandi.info\/index.php?rest_route=\/wp\/v2\/posts\/11083","targetHints":{"allow":["GET"]}}],"collection":[{"href":"https:\/\/nandi.info\/index.php?rest_route=\/wp\/v2\/posts"}],"about":[{"href":"https:\/\/nandi.info\/index.php?rest_route=\/wp\/v2\/types\/post"}],"author":[{"embeddable":true,"href":"https:\/\/nandi.info\/index.php?rest_route=\/wp\/v2\/users\/1"}],"replies":[{"embeddable":true,"href":"https:\/\/nandi.info\/index.php?rest_route=%2Fwp%2Fv2%2Fcomments&post=11083"}],"version-history":[{"count":0,"href":"https:\/\/nandi.info\/index.php?rest_route=\/wp\/v2\/posts\/11083\/revisions"}],"wp:featuredmedia":[{"embeddable":true,"href":"https:\/\/nandi.info\/index.php?rest_route=\/"}],"wp:attachment":[{"href":"https:\/\/nandi.info\/index.php?rest_route=%2Fwp%2Fv2%2Fmedia&parent=11083"}],"wp:term":[{"taxonomy":"category","embeddable":true,"href":"https:\/\/nandi.info\/index.php?rest_route=%2Fwp%2Fv2%2Fcategories&post=11083"},{"taxonomy":"post_tag","embeddable":true,"href":"https:\/\/nandi.info\/index.php?rest_route=%2Fwp%2Fv2%2Ftags&post=11083"}],"curies":[{"name":"wp","href":"https:\/\/api.w.org\/{rel}","templated":true}]}}