{"id":11076,"date":"2023-01-11T11:04:31","date_gmt":"2023-01-11T10:04:31","guid":{"rendered":"https:\/\/nandi.info\/?p=11076"},"modified":"2023-01-11T11:04:31","modified_gmt":"2023-01-11T10:04:31","slug":"rififi-au-sein-du-rpm-le-president-des-jeunes-moussa-timbine-claque-la-porte-et-cree-le-mouvement-convergence-2023","status":"publish","type":"post","link":"https:\/\/nandi.info\/?p=11076","title":{"rendered":"Rififi au sein du RPM : Le pr\u00e9sident des jeunes, Moussa TIMBINE claque la porte et cr\u00e9e le \u00abMouvement Convergence 2023 \u00bb"},"content":{"rendered":"\n<p>\u00abJ\u2019annonce solennellement ma d\u00e9mission du RPM (Rassemblement pour le Mali) et celle de l\u2019ensemble des membres des Bureaux des Sections, des Sous-sections et des Comit\u00e9s du PARTI, de l\u2019UF (Union des Femmes) et de l\u2019UJ RPM (Union des Jeunes) de la Commune V du District de Bamako. Je lance un vibrant appel \u00e0 tous les fils et filles du pays \u00e9pris de paix et de justice, de nous rejoindre au sein du Mouvement Convergence 2023 afin de cr\u00e9er une nouvelle formation politique en ad\u00e9quation avec nos aspirations politiques\u00bb, c\u2019est en substance ce qu\u2019a d\u00e9clar\u00e9 le d\u00e9sormais ex- Pr\u00e9sident des jeunes du RPM, Moussa TIMBINE, ancien pr\u00e9sident de l\u2019Assembl\u00e9e nationale du Mali lors d\u2019un point de presse qu\u2019il a anim\u00e9, le 5 janvier 2023 \u00e0 Bamako. Moussa TIMBINE pr\u00e9cise que l\u2019une des raisons de sa d\u00e9mission est le non respect des textes du parti par certains responsables du RPM.<\/p>\n\n\n\n<p>Devant un public acquis \u00e0 sa cause, le conf\u00e9rencier Moussa TIMBINE a fait savoir qu\u2019aujourd\u2019hui, le constat au sein du parti RPM est amer. \u00ab Tout d\u2019abord, nous constatons la d\u00e9gradation g\u00e9n\u00e9rale de la situation du parti caract\u00e9ris\u00e9, notamment par le d\u00e9passement du d\u00e9lai statutaire du Congr\u00e8s initialement pr\u00e9vu pour le 23 octobre 2019 ; les prises de d\u00e9cisions anti-statutaires lors des troisi\u00e8mes assises du comit\u00e9 central ; le refus de l\u2019ex- Pr\u00e9sident du Parti Dr. Bocari Treta, d\u2019accorder une motion en l\u2019honneur de Feu le Pr\u00e9sident IBK, fondateur du Parti, lors des troisi\u00e8mes assises du comit\u00e9 central du RPM ; la mise en place de sections parall\u00e8les au m\u00e9pris des textes.<\/p>\n\n\n\n<p>Ensuite, le refus cat\u00e9gorique d\u2019appliquer la d\u00e9cision de la Cour d\u2019Appel de Bamako qui stipule que le BPN-RPM forclos, sur la base de l\u2019article 32 des statuts du parti, les d\u00e9cisions prises lors des troisi\u00e8mes assises du comit\u00e9 central, d\u00e9clar\u00e9es nulles et de nul effet, les parties doivent s\u2019atteler \u00e0 la mise en place une commission en vue de cr\u00e9er les conditions de la tenue d\u2019un Congr\u00e8s.<\/p>\n\n\n\n<p>Et enfin, l\u2019\u00e9tablissement de sentiments de confusion et de doute \u00bb, a-t-il dit. Selon lui, ce sentiment de confusion et de doute suscite l\u2019inqui\u00e9tude aupr\u00e8s des militantes et militants qui aspirent \u00e0 se pr\u00e9senter aux \u00e9lections communales et l\u00e9gislatives ; des h\u00e9sitations dans l\u2019esprit des militants \u00e0 continuer de militer dans un parti sans perspective claire, sans coh\u00e9sion, plut\u00f4t habit\u00e9 par le d\u00e9mon du clanisme.<\/p>\n\n\n\n<p>Le conf\u00e9rencier Moussa TIMBINE a indiqu\u00e9 que la tenue pr\u00e9cipit\u00e9e du Comit\u00e9 Central avait pour but \u00ab inavou\u00e9 \u00bb de faire le choix du candidat du Parti aux prochaines \u00e9lections pr\u00e9sidentielles, tout cela, au m\u00e9pris des textes du parti. \u00ab Au regard de tout ce qui pr\u00e9c\u00e8de et au regard de notre volont\u00e9 de nous assumer, pour continuer la lutte pour l\u2019id\u00e9al qui a fond\u00e9 le parti sous le leadership d\u2019Ibrahim Boubacar Keita, paix \u00e0 son \u00e2me et de tous ses illustres camarades, il y a de cela 21 ans, que nous annon\u00e7ons aujourd\u2019hui notre d\u00e9mission de toutes les instances du Parti. Nous sommes des militants de la cause des Maliens. Nous ne pouvons \u00eatre l\u2019otage d\u2019une aventure incertaine ou d\u2019un int\u00e9r\u00eat personnel.<\/p>\n\n\n\n<p>J\u2019annonce donc, solennellement, ma d\u00e9mission du RPM et celle de l\u2019ensemble des membres des Bureaux des Sections, des Sous-sections et des Comit\u00e9s du PARTI, de l\u2019UF et de l\u2019UJ RPM de la Commune V du District de Bamako. Notamment les militants de : Baco-djicoroni, de Badalabougou, de Daoudabougou, de Sabalibougou Nord, de Sabalibougou Sud, de Torokorobougou, de Kalabancoura 1, de Kalabancoura 2, de Garantiguibougou et du Quartier Mali \u00bb, a d\u00e9clar\u00e9 Moussa TIMBINE.<\/p>\n\n\n\n<p>Avant d\u2019ajouter ceci : \u00ab Je lance un vibrant appel \u00e0 tous les camarades militantes, militants et sympathisants du RPM, \u00e0 tous les Clubs, Associations et Mouvements de Soutien aux id\u00e9aux du P\u00e8re Fondateur du RPM Feu Elhadj Ibrahim Boubacar KEITA, \u00e0 tous les fils et filles du pays \u00e9pris de paix et de justice, \u00e0 tous ceux et celles qui partagent notre vision, \u00e0 l\u2019int\u00e9rieur comme \u00e0 l\u2019ext\u00e9rieur du pays, de nous rejoindre au sein du Mouvement Convergence 2023 afin de cr\u00e9er une nouvelle formation politique en ad\u00e9quation avec nos aspirations politiques \u00bb.<\/p>\n\n\n\n<p><strong>Aguibou Sogodogo<\/strong><\/p>\n","protected":false},"excerpt":{"rendered":"<p>\u00abJ\u2019annonce solennellement ma d\u00e9mission du RPM (Rassemblement pour le Mali) et celle de l\u2019ensemble des membres des Bureaux des Sections, des Sous-sections et des Comit\u00e9s du PARTI, de l\u2019UF (Union&hellip;<\/p>\n","protected":false},"author":1,"featured_media":11078,"comment_status":"open","ping_status":"closed","sticky":false,"template":"","format":"standard","meta":{"content-type":"","_lmt_disableupdate":"","_lmt_disable":"","_jetpack_memberships_contains_paid_content":false,"footnotes":"","jetpack_publicize_message":"","jetpack_publicize_feature_enabled":true,"jetpack_social_post_already_shared":true,"jetpack_social_options":{"image_generator_settings":{"template":"highway","default_image_id":0,"font":"","enabled":false},"version":2}},"categories":[69,23],"tags":[],"class_list":["post-11076","post","type-post","status-publish","format-standard","has-post-thumbnail","hentry","category-le-republicain-mali","category-politique"],"jetpack_publicize_connections":[],"featured_image_urls":{"full":"","thumbnail":"","medium":"","medium_large":"","large":"","1536x1536":"","2048x2048":"","penci-recipe-1200x1200":"","penci-recipe-1200x900":"","penci-recipe-1200x675":"","penci-single-full":"","penci-slider-full-thumb":"","penci-full-thumb":"","penci-slider-thumb":"","penci-magazine-slider":"","penci-thumb":"","penci-masonry-thumb":"","penci-thumb-square":"","penci-thumb-vertical":"","penci-thumb-small":""},"author_info":{"display_name":"Nandi","author_link":"https:\/\/nandi.info\/?author=1"},"category_info":"<a href=\"https:\/\/nandi.info\/?cat=69\" rel=\"category\">Le R\u00e9publicain Mali<\/a> <a href=\"https:\/\/nandi.info\/?cat=23\" rel=\"category\">Politique<\/a>","tag_info":"Politique","comment_count":"0","jetpack_featured_media_url":"","jetpack_sharing_enabled":true,"_links":{"self":[{"href":"https:\/\/nandi.info\/index.php?rest_route=\/wp\/v2\/posts\/11076","targetHints":{"allow":["GET"]}}],"collection":[{"href":"https:\/\/nandi.info\/index.php?rest_route=\/wp\/v2\/posts"}],"about":[{"href":"https:\/\/nandi.info\/index.php?rest_route=\/wp\/v2\/types\/post"}],"author":[{"embeddable":true,"href":"https:\/\/nandi.info\/index.php?rest_route=\/wp\/v2\/users\/1"}],"replies":[{"embeddable":true,"href":"https:\/\/nandi.info\/index.php?rest_route=%2Fwp%2Fv2%2Fcomments&post=11076"}],"version-history":[{"count":0,"href":"https:\/\/nandi.info\/index.php?rest_route=\/wp\/v2\/posts\/11076\/revisions"}],"wp:featuredmedia":[{"embeddable":true,"href":"https:\/\/nandi.info\/index.php?rest_route=\/"}],"wp:attachment":[{"href":"https:\/\/nandi.info\/index.php?rest_route=%2Fwp%2Fv2%2Fmedia&parent=11076"}],"wp:term":[{"taxonomy":"category","embeddable":true,"href":"https:\/\/nandi.info\/index.php?rest_route=%2Fwp%2Fv2%2Fcategories&post=11076"},{"taxonomy":"post_tag","embeddable":true,"href":"https:\/\/nandi.info\/index.php?rest_route=%2Fwp%2Fv2%2Ftags&post=11076"}],"curies":[{"name":"wp","href":"https:\/\/api.w.org\/{rel}","templated":true}]}}