{"id":11011,"date":"2022-12-31T09:08:00","date_gmt":"2022-12-31T08:08:00","guid":{"rendered":"https:\/\/nandi.info\/?p=11011"},"modified":"2022-12-31T09:08:00","modified_gmt":"2022-12-31T08:08:00","slug":"2eme-edition-des-journees-du-developpement-durable-400-000-ha-de-foret-detruits-par-an-a-cause-des-coupes-de-bois","status":"publish","type":"post","link":"https:\/\/nandi.info\/?p=11011","title":{"rendered":"2eme \u00e9dition des journ\u00e9es du d\u00e9veloppement durable : 400 000 ha de for\u00eat d\u00e9truits par an \u00e0 cause des coupes de bois"},"content":{"rendered":"\n<p><strong><em>Le Centre International pour le Conseil et la Formation (CICF), en partenariat avec l\u2019Agence des Energies Renouvelables (AER) du Mali, a organis\u00e9 la deuxi\u00e8me \u00e9dition des Journ\u00e9es du D\u00e9veloppement Durable. C\u2019\u00e9tait du 20 au 21 d\u00e9cembre 2022. Ces journ\u00e9es se veulent un rendez-vous annuel pour d\u00e9battre des grandes questions sur le d\u00e9veloppement durable. Th\u00e8me: \u201cLes d\u00e9fis de la Transition Energ\u00e9tique pour le Mali\u201d. La premi\u00e8re journ\u00e9e a \u00e9t\u00e9 consacr\u00e9e \u00e0 la d\u00e9monstration des \u00e9quipements solaires au Centre R\u00e9gional d\u2019Energie Solaire (CRES) et la deuxi\u00e8me s\u2019est tenue \u00e0 l\u2019h\u00f4tel Onomo sous forme de discussions en panel.<\/em><\/strong><\/p>\n\n\n\n<p class=\"has-drop-cap\">La c\u00e9r\u00e9monie d\u2019ouverture de ces deux jours d\u2019\u00e9change \u00e9tait pr\u00e9sid\u00e9e par Moussa Ombotimb\u00e9, repr\u00e9sentant du ministre de Mines, de l\u2019Energie et de l\u2019Eau. C\u2019\u00e9tait en pr\u00e9sence de Mossadeck Bally, pr\u00e9sident du Conseil National du Patronat du Mali (CNPM), Mme Bengaly Minian Berth\u00e9, directrice g\u00e9n\u00e9rale du Centre International pour le Conseil et la Formation (CICF), Souleymane Berth\u00e9, directeur g\u00e9n\u00e9ral de l\u2019Agence des Energies Renouvelables (AER), des repr\u00e9sentants des d\u00e9partements minist\u00e9riels, des repr\u00e9sentations diplomatiques, des industriels, des op\u00e9rateurs \u00e9conomiques et des institutions financi\u00e8res. Selon Souleymane Berth\u00e9, directeur g\u00e9n\u00e9ral de l\u2019Agence des Energies Renouvelables (AER), les \u00e9nergies renouvelables sont de v\u00e9ritables moyens d\u2019adaptation aux changements climatiques, surtout les technologies de solaire thermique, \u00e0 savoir cuiseurs solaires, chauffe-eau solaire et s\u00e9choirs.&nbsp;<em>\u00abL\u2019utilisation de ces \u00e9quipements \u00e0 grande \u00e9chelle permettant non seulement de satisfaire nos besoins en \u00e9nergie, mais aussi d\u2019exploiter au maximum notre potentiel d\u2019\u00e9nergies renouvelables surtout le solaire et d\u2019\u00e9viter des millions de tonnes de CO2 et d\u2019autres gaz n\u00e9fastes, car ces \u00e9quipements sont z\u00e9ro CO2 dont fonctionnant \u00e0 l\u2019\u00e9nergie propre\u00bb<\/em>, a-t-il indiqu\u00e9.<\/p>\n\n\n\n<p>A titre d\u2019exemple, le Directeur G\u00e9n\u00e9ral de l\u2019AER a parl\u00e9 de l\u2019utilisation des cuiseurs solaires et chauffe-eau solaire qui permettront de diminuer beaucoup les coupes de bois, car aujourd\u2019hui, dans notre bilan \u00e9nerg\u00e9tique, le bois \u00e9nergie occupe plus de 75% et c\u2019est plus 400 000 ha de for\u00eat d\u00e9truits par an.&nbsp;&nbsp;<em>\u201dL\u2019utilit\u00e9 de ces \u00e9quipements s\u2019av\u00e8re une \u00e9vidence. Ils sont con\u00e7us et d\u00e9velopp\u00e9s par des chercheurs maliens dont la plupart des composants sont des mat\u00e9riaux locaux ou disponibles sur le march\u00e9 local. Aujourd\u2019hui, nous pensons que la technologie de ces \u00e9quipements est mature et il est temps de les faire sortir de nos ateliers et laboratoire pour une large vulgarisation et pour le bonheur de la population malienne\u201d,<\/em>&nbsp;a d\u00e9clar\u00e9 Souleymane Berth\u00e9. Il a rappel\u00e9 que l\u2019AER est un \u00e9tablissement public \u00e0 caract\u00e8re scientifique et technologique dot\u00e9 de la personnalit\u00e9 morale et de l\u2019autonomie financi\u00e8re, dont la mission principale est l\u2019utilisation \u00e0 grande \u00e9chelle de leur potentiel d\u2019\u00e9nergies renouvelables et d\u2019\u00e9valuer le potentiel du pays en \u00e9nergies renouvelables.<\/p>\n\n\n\n<p>Parlant du th\u00e8me, Mme Bengaly Minian Berth\u00e9, directrice g\u00e9n\u00e9rale du Centre International pour le Conseil et la Formation (CICF) trouve que son choix n\u2019est pas anodin, car le Mali, \u00e0 travers sa contribution d\u00e9termin\u00e9e au niveau national, s\u2019est engag\u00e9 \u00e0 r\u00e9duire les \u00e9missions de gaz \u00e0 effet de serre de 31% pour l\u2019\u00e9nergie. Elle a signal\u00e9 que l\u2019atteinte de cet objectif ne d\u00e9pend pas que des actions du gouvernement, les entreprises, les m\u00e9nages et le citoyen, tous ont la possibilit\u00e9 d\u2019agir.&nbsp;<em>\u201dLe poids de la consommation des entreprises est \u00e9norme ; elles peuvent avoir la possibilit\u00e9 de se diriger vers l\u2019\u00e9nergie mixte afin de r\u00e9duire leur emprunte carbone, de faire des \u00e9conomies et de promouvoir les entreprises \u00e9voluant dans le secteur des \u00e9nergies renouvelables. Quant aux m\u00e9nages, de l\u2019utilisation des \u00e9lectro-m\u00e9nager jusqu\u2019\u00e0 l\u2019utilisation des fourneaux, ils peuvent avoir des alternatives qui leur permettront de participer au d\u00e9veloppement durable, de r\u00e9duire leurs d\u00e9penses \u00e9nerg\u00e9tiques, d\u2019assainir leur localit\u00e9 et de diminuer les risques d\u2019indisponibilit\u00e9 de sources d\u2019\u00e9nergie\u201d<\/em>, a-t-elle martel\u00e9. Elle a ajout\u00e9 que les r\u00e9serves mondiales des \u00e9nergies fossiles s\u2019\u00e9puisent \u00e0 un rythme alarmant et que si nous continuons dans notre mode de consommation actuel, le p\u00e9trole sera \u00e9puis\u00e9 dans 40 ans, le gaz dans 70 ans et le charbon dans 250 ans.&nbsp;<em>\u201dAu-del\u00e0 de l\u2019\u00e9puisement des r\u00e9serves, les \u00e9nergies fossiles sont d\u2019\u00e9normes sources de pollution, ce qui est nuisible pour notre environnement, pour notre plan\u00e8te et pour notre sant\u00e9\u201d<\/em>, a pr\u00e9cis\u00e9 la directrice g\u00e9n\u00e9rale de CICF.<\/p>\n\n\n\n<p>Pour sa part, le patron des patrons du Mali, \u00e0 savoir Mossadeck Bally, a mentionn\u00e9 que les entreprises et les investisseurs doivent \u00eatre \u00e9galement fortement impliqu\u00e9s,&nbsp; car il repr\u00e9sente le moteur cl\u00e9 de la croissance \u00e9conomique dans le pays en d\u00e9veloppement comme une autre comptabilisant 60% du PIB 80% des flux de capitaux et 90% des emplois. Concernant le th\u00e8me de cette ann\u00e9e, il souligne que ce n\u2019est pas fortuit au moment&nbsp; o\u00f9 les pays les plus d\u00e9velopp\u00e9s font face \u00e0 une crise \u00e9nerg\u00e9tique sans pr\u00e9c\u00e9dent et se battent pour assurer une dominance et une s\u00e9curit\u00e9 \u00e9nerg\u00e9tique.<\/p>\n\n\n\n<p>Le repr\u00e9sentant du ministre des Mines, de l\u2019Energie et de l\u2019Eau, Moussa Ombotimb\u00e9, a fait savoir que ces journ\u00e9es ont pour objectif de promouvoir l\u2019engagement du gouvernement malien, des acteurs du secteur public comme priv\u00e9 en faveur des investissements dans les acteurs des \u00e9nergies et renouvelables au Mali.&nbsp;<em>\u201dC\u2019est \u00e9galement un moyen de r\u00e9aliser et d\u2019exploiter le potentiel des ressources naturelles dont regorge le Mali, envisager&nbsp; un plan d\u2019adaptation climatique au besoin des usagers et de favoriser l\u2019investissement dans l\u2019innovation technologique malienne. Comme vous le savez, l\u2019importance des \u00e9nergies renouvelables, en particulier les machines solaires n\u2019est plus \u00e0 d\u00e9montrer et leur contribution au d\u00e9veloppement durable et notre plan\u00e8te fait d\u2019elle, l\u2019\u00e9nergie la plus convoit\u00e9e de nos jours\u201d<\/em>, a-t-il soutenu.<\/p>\n\n\n\n<p>Pour terminer, le conseiller technique a fait \u00e9tat des applications des \u00e9nergies renouvelables qui permettront de lutter contre la pauvret\u00e9, du changement climatique et d\u2019am\u00e9liorer les conditions de vie des populations surtout en milieu rural. Elles permettront aussi de contribuer \u00e0 l\u2019attente des objectifs d\u2019acc\u00e8s universel \u00e0 l\u2019\u00e9lectricit\u00e9 d\u2019ici l\u2019horizon 2030 voire 2040, gage de tout d\u00e9veloppement socio\u00e9conomique de nos soci\u00e9t\u00e9s.<\/p>\n\n\n\n<p><strong>&nbsp;Marie Demb\u00e9l\u00e9<\/strong><\/p>\n\n\n\n<p><\/p>\n","protected":false},"excerpt":{"rendered":"<p>Le Centre International pour le Conseil et la Formation (CICF), en partenariat avec l\u2019Agence des Energies Renouvelables (AER) du Mali, a organis\u00e9 la deuxi\u00e8me \u00e9dition des Journ\u00e9es du D\u00e9veloppement Durable.&hellip;<\/p>\n","protected":false},"author":1,"featured_media":11014,"comment_status":"open","ping_status":"closed","sticky":false,"template":"","format":"standard","meta":{"content-type":"","_lmt_disableupdate":"","_lmt_disable":"","_jetpack_memberships_contains_paid_content":false,"footnotes":"","jetpack_publicize_message":"","jetpack_publicize_feature_enabled":true,"jetpack_social_post_already_shared":true,"jetpack_social_options":{"image_generator_settings":{"template":"highway","default_image_id":0,"font":"","enabled":false},"version":2}},"categories":[19,36],"tags":[],"class_list":["post-11011","post","type-post","status-publish","format-standard","has-post-thumbnail","hentry","category-aujourdhui-mali","category-environnement"],"jetpack_publicize_connections":[],"featured_image_urls":{"full":"","thumbnail":"","medium":"","medium_large":"","large":"","1536x1536":"","2048x2048":"","penci-recipe-1200x1200":"","penci-recipe-1200x900":"","penci-recipe-1200x675":"","penci-single-full":"","penci-slider-full-thumb":"","penci-full-thumb":"","penci-slider-thumb":"","penci-magazine-slider":"","penci-thumb":"","penci-masonry-thumb":"","penci-thumb-square":"","penci-thumb-vertical":"","penci-thumb-small":""},"author_info":{"display_name":"Nandi","author_link":"https:\/\/nandi.info\/?author=1"},"category_info":"<a href=\"https:\/\/nandi.info\/?cat=19\" rel=\"category\">Aujourd\u2019hui Mali<\/a> <a href=\"https:\/\/nandi.info\/?cat=36\" rel=\"category\">Environnement<\/a>","tag_info":"Environnement","comment_count":"0","jetpack_featured_media_url":"","jetpack_sharing_enabled":true,"_links":{"self":[{"href":"https:\/\/nandi.info\/index.php?rest_route=\/wp\/v2\/posts\/11011","targetHints":{"allow":["GET"]}}],"collection":[{"href":"https:\/\/nandi.info\/index.php?rest_route=\/wp\/v2\/posts"}],"about":[{"href":"https:\/\/nandi.info\/index.php?rest_route=\/wp\/v2\/types\/post"}],"author":[{"embeddable":true,"href":"https:\/\/nandi.info\/index.php?rest_route=\/wp\/v2\/users\/1"}],"replies":[{"embeddable":true,"href":"https:\/\/nandi.info\/index.php?rest_route=%2Fwp%2Fv2%2Fcomments&post=11011"}],"version-history":[{"count":0,"href":"https:\/\/nandi.info\/index.php?rest_route=\/wp\/v2\/posts\/11011\/revisions"}],"wp:featuredmedia":[{"embeddable":true,"href":"https:\/\/nandi.info\/index.php?rest_route=\/"}],"wp:attachment":[{"href":"https:\/\/nandi.info\/index.php?rest_route=%2Fwp%2Fv2%2Fmedia&parent=11011"}],"wp:term":[{"taxonomy":"category","embeddable":true,"href":"https:\/\/nandi.info\/index.php?rest_route=%2Fwp%2Fv2%2Fcategories&post=11011"},{"taxonomy":"post_tag","embeddable":true,"href":"https:\/\/nandi.info\/index.php?rest_route=%2Fwp%2Fv2%2Ftags&post=11011"}],"curies":[{"name":"wp","href":"https:\/\/api.w.org\/{rel}","templated":true}]}}