{"id":11002,"date":"2022-12-31T08:53:00","date_gmt":"2022-12-31T07:53:00","guid":{"rendered":"https:\/\/nandi.info\/?p=11002"},"modified":"2022-12-31T08:53:00","modified_gmt":"2022-12-31T07:53:00","slug":"4eme-evaluation-de-politiques-publiques-du-bvg-composante-2-developpement-social-du-programme-de-developpement-socio-sanitaire-prodess-phase-iii-un-taux-de-realisation-des-activi","status":"publish","type":"post","link":"https:\/\/nandi.info\/?p=11002","title":{"rendered":"4\u00e8me \u00e9valuation de Politiques Publiques du BVG Composante 2 \u201cD\u00e9veloppement Social\u201d du Programme de D\u00e9veloppement Socio-Sanitaire PRODESS (phase III) : un taux de r\u00e9alisation des activit\u00e9s de seulement 16%"},"content":{"rendered":"\n<p><strong><em>L<\/em><\/strong><strong><em>e Bureau du V\u00e9rificateur G\u00e9n\u00e9ral (BVG) a \u00e9valu\u00e9 le Programme de D\u00e9veloppement Socio-Sanitaire phase III Composante D\u00e9veloppement Social (2014-2018). Pour la pr\u00e9sente, l\u2019\u00e9quipe d\u2019\u00e9valuation a \u00e9labor\u00e9 huit (8) questions regroup\u00e9es en trois (3) crit\u00e8res d\u2019\u00e9valuation : la pertinence, l\u2019efficacit\u00e9 op\u00e9rationnelle et les effets.<\/em><\/strong><\/p>\n\n\n\n<p><strong>Pertinence :<\/strong><\/p>\n\n\n\n<p>A travers ce crit\u00e8re, la mission a formul\u00e9 deux (2) questions :<\/p>\n\n\n\n<p>\u2013 dans quelles mesures la mise en \u0153uvre des activit\u00e9s de la Composante 2 du PRODESS III tient compte des droits et des besoins en mati\u00e8re de sant\u00e9 des personnes vuln\u00e9rables ?<\/p>\n\n\n\n<p>\u2013 Les activit\u00e9s de r\u00e9insertion socio-professionnelles pr\u00e9vues dans le cadre de cette Composante r\u00e9pondent-elles aux besoins du march\u00e9 du travail ?<\/p>\n\n\n\n<p>La Composante 2 du PRODESS III int\u00e8gre les besoins des personnes vuln\u00e9rables \u00e0 tous les niveaux en termes d\u2019acc\u00e8s socio-sanitaire et de protection sociale. Elles ont des droits et des besoins sp\u00e9cifiques qui sont tr\u00e8s bien compris par les acteurs du d\u00e9veloppement social.<\/p>\n\n\n\n<p>D\u2019apr\u00e8s les entretiens aupr\u00e8s des cibles, malgr\u00e9 les efforts consentis par les pouvoirs publics en adoptant des dispositions l\u00e9gislatives et r\u00e8glementaires et en construisant des infrastructures, force est de reconna\u00eetre que la gratuit\u00e9 des soins n\u2019est pas effective, et beaucoup d\u2019\u00e9tablissements publics ne disposent pas de commodit\u00e9s adapt\u00e9es aux personnes vivant avec un handicap.<\/p>\n\n\n\n<p>Pour permettre l\u2019atteinte des objectifs fix\u00e9s dans la Composante 2, la mission recommande de :<\/p>\n\n\n\n<p>\u2013 faire une large diffusion et explication du document PRODESS III aux personnes vuln\u00e9rables b\u00e9n\u00e9ficiaires du programme ;<\/p>\n\n\n\n<p>\u2013 informer les populations vuln\u00e9rables de leurs droits en mati\u00e8re de sant\u00e9 et des propositions de satisfaction de leurs besoins recens\u00e9s ;<\/p>\n\n\n\n<p>\u2013 faciliter l\u2019acc\u00e8s de tous les \u00e9tablissements publics aux personnes vivant avec un handicap ;<\/p>\n\n\n\n<p>\u2013 faire une \u00e9valuation des syst\u00e8mes d\u2019assurance en tenant compte des aspirations de la population, notamment sur la liste des m\u00e9dicaments agr\u00e9\u00e9s et la dur\u00e9e du r\u00e9c\u00e9piss\u00e9 de l\u2019ANAM renforcer les capacit\u00e9s des agents du D\u00e9veloppement social \u00e0 travers des formations continues.<\/p>\n\n\n\n<p><strong>Efficacit\u00e9 op\u00e9rationnelle<\/strong><\/p>\n\n\n\n<p>A travers ce crit\u00e8re, la mission a formul\u00e9 trois (3) questions :<\/p>\n\n\n\n<p>\u2013 la mobilisation et l\u2019utilisation des ressources ont-elles permis de mener des activit\u00e9s ?<\/p>\n\n\n\n<p>\u2013 Le dispositif d\u2019assistance humanitaire de r\u00e9ponses aux crises est-il fonctionnel dans la prise en charge des personnes vuln\u00e9rables pour leur r\u00e9insertion \u00e9conomique et sociale ? ;<\/p>\n\n\n\n<p>\u2013 Les services des organismes d\u2019assurance et de s\u00e9curit\u00e9 sociale sont-ils disponibles et accessibles ?<\/p>\n\n\n\n<p>Des entrevues avec les acteurs, il ressort que des efforts ont \u00e9t\u00e9 r\u00e9alis\u00e9s et malgr\u00e9 les difficult\u00e9s de mobilisation des ressources financi\u00e8res le programme reste fortement d\u00e9pendant des PTF, ce qui pose la question de sa durabilit\u00e9 financi\u00e8re.<\/p>\n\n\n\n<p>Dans l\u2019optique de rem\u00e9dier \u00e0 ces situations probl\u00e9matiques et de rehausser l\u2019efficacit\u00e9 du PRODESS, la mission recommande au Minist\u00e8re charg\u00e9 du D\u00e9veloppement social : de renforcer la coordination du programme afin d\u2019am\u00e9liorer la mobilisation et&nbsp;&nbsp; la mise \u00e0 disposition efficace des financements de la Composante 2 du PRODESS III ;<\/p>\n\n\n\n<p>\u2013 de doter les Services Locaux de cr\u00e9dits de fonctionnement afin qu\u2019ils puissent \u00eatre dans de meilleures conditions de travail ;<\/p>\n\n\n\n<p>\u2013 de renforcer les capacit\u00e9s des agents du d\u00e9veloppement social sur les outils de rapportage (base de donn\u00e9es).<\/p>\n\n\n\n<p><strong>Effets<\/strong><\/p>\n\n\n\n<p>La mission a pos\u00e9 trois (3) questions relatives \u00e0 ce crit\u00e8re d\u2019\u00e9valuation<\/p>\n\n\n\n<p>\u2013 Dans quelles mesures, la mise en \u0153uvre de la Composante 2 a-t-elle permis l\u2019utilisation des services de sant\u00e9 par les populations d\u00e9munies ?<\/p>\n\n\n\n<p>\u2013 L\u2019insertion socio-professionnelle de la Composante 2 a-t-elle permis d\u2019am\u00e9liorer le niveau de revenu des populations ?<\/p>\n\n\n\n<p>-Les agents du d\u00e9veloppement social travaillent-ils dans de meilleures conditions ?<\/p>\n\n\n\n<p>D\u2019apr\u00e8s les acteurs, l\u2019insertion socio-professionnelle a permis de cr\u00e9er des emplois permanents et non permanents, mais les AGR n\u2019ont pas pu g\u00e9n\u00e9rer de ressources suffisantes permettant un changement de condition de vie de la population cible en mati\u00e8re de sant\u00e9, d\u2019alimentation, d\u2019habillement, de logement et de scolarit\u00e9.<\/p>\n\n\n\n<p>Pour de meilleurs r\u00e9sultats de la Composante 2 sur les b\u00e9n\u00e9ficiaires, la mission recommande de : fournir les prestations de qualit\u00e9 dans tous les centres de sant\u00e9 en les dotant d\u2019infrastructures performantes et de personnels qualifi\u00e9s ;<\/p>\n\n\n\n<p>\u2013 renforcer les \u00e9tudes de faisabilit\u00e9 des Activit\u00e9s G\u00e9n\u00e9ratrices de Revenus pour p\u00e9renniser les emplois cr\u00e9\u00e9s ;<\/p>\n\n\n\n<p>\u2013 am\u00e9liorer les conditions de travail des agents du d\u00e9veloppement social et appliquer le plan de carri\u00e8re ;<\/p>\n\n\n\n<p>\u2013 produire des rapports d\u2019\u00e9valuation sur l\u2019employabilit\u00e9 des b\u00e9n\u00e9ficiaires.<\/p>\n\n\n\n<p><strong>Source BVG<\/strong><\/p>\n\n\n\n<p><\/p>\n","protected":false},"excerpt":{"rendered":"<p>Le Bureau du V\u00e9rificateur G\u00e9n\u00e9ral (BVG) a \u00e9valu\u00e9 le Programme de D\u00e9veloppement Socio-Sanitaire phase III Composante D\u00e9veloppement Social (2014-2018). Pour la pr\u00e9sente, l\u2019\u00e9quipe d\u2019\u00e9valuation a \u00e9labor\u00e9 huit (8) questions regroup\u00e9es&hellip;<\/p>\n","protected":false},"author":1,"featured_media":11004,"comment_status":"open","ping_status":"closed","sticky":false,"template":"","format":"standard","meta":{"content-type":"","_lmt_disableupdate":"","_lmt_disable":"","_jetpack_memberships_contains_paid_content":false,"footnotes":"","jetpack_publicize_message":"","jetpack_publicize_feature_enabled":true,"jetpack_social_post_already_shared":true,"jetpack_social_options":{"image_generator_settings":{"template":"highway","default_image_id":0,"font":"","enabled":false},"version":2}},"categories":[19,23,82],"tags":[],"class_list":["post-11002","post","type-post","status-publish","format-standard","has-post-thumbnail","hentry","category-aujourdhui-mali","category-politique","category-verificateur-general"],"jetpack_publicize_connections":[],"featured_image_urls":{"full":"","thumbnail":"","medium":"","medium_large":"","large":"","1536x1536":"","2048x2048":"","penci-recipe-1200x1200":"","penci-recipe-1200x900":"","penci-recipe-1200x675":"","penci-single-full":"","penci-slider-full-thumb":"","penci-full-thumb":"","penci-slider-thumb":"","penci-magazine-slider":"","penci-thumb":"","penci-masonry-thumb":"","penci-thumb-square":"","penci-thumb-vertical":"","penci-thumb-small":""},"author_info":{"display_name":"Nandi","author_link":"https:\/\/nandi.info\/?author=1"},"category_info":"<a href=\"https:\/\/nandi.info\/?cat=19\" rel=\"category\">Aujourd\u2019hui Mali<\/a> <a href=\"https:\/\/nandi.info\/?cat=23\" rel=\"category\">Politique<\/a> <a href=\"https:\/\/nandi.info\/?cat=82\" rel=\"category\">V\u00e9rificateur G\u00e9n\u00e9ral<\/a>","tag_info":"V\u00e9rificateur G\u00e9n\u00e9ral","comment_count":"0","jetpack_featured_media_url":"","jetpack_sharing_enabled":true,"_links":{"self":[{"href":"https:\/\/nandi.info\/index.php?rest_route=\/wp\/v2\/posts\/11002","targetHints":{"allow":["GET"]}}],"collection":[{"href":"https:\/\/nandi.info\/index.php?rest_route=\/wp\/v2\/posts"}],"about":[{"href":"https:\/\/nandi.info\/index.php?rest_route=\/wp\/v2\/types\/post"}],"author":[{"embeddable":true,"href":"https:\/\/nandi.info\/index.php?rest_route=\/wp\/v2\/users\/1"}],"replies":[{"embeddable":true,"href":"https:\/\/nandi.info\/index.php?rest_route=%2Fwp%2Fv2%2Fcomments&post=11002"}],"version-history":[{"count":0,"href":"https:\/\/nandi.info\/index.php?rest_route=\/wp\/v2\/posts\/11002\/revisions"}],"wp:featuredmedia":[{"embeddable":true,"href":"https:\/\/nandi.info\/index.php?rest_route=\/"}],"wp:attachment":[{"href":"https:\/\/nandi.info\/index.php?rest_route=%2Fwp%2Fv2%2Fmedia&parent=11002"}],"wp:term":[{"taxonomy":"category","embeddable":true,"href":"https:\/\/nandi.info\/index.php?rest_route=%2Fwp%2Fv2%2Fcategories&post=11002"},{"taxonomy":"post_tag","embeddable":true,"href":"https:\/\/nandi.info\/index.php?rest_route=%2Fwp%2Fv2%2Ftags&post=11002"}],"curies":[{"name":"wp","href":"https:\/\/api.w.org\/{rel}","templated":true}]}}