{"id":10999,"date":"2023-01-01T08:47:00","date_gmt":"2023-01-01T07:47:00","guid":{"rendered":"https:\/\/nandi.info\/?p=10999"},"modified":"2023-01-01T08:47:00","modified_gmt":"2023-01-01T07:47:00","slug":"24e-edition-de-talk-taste-a-dakar-le-developpement-economique-et-culturel-entre-le-senegal-et-le-maroc-au-centre-des-echanges","status":"publish","type":"post","link":"https:\/\/nandi.info\/?p=10999","title":{"rendered":"24e \u00e9dition de talk &#038; Taste \u00e0 Dakar : Le d\u00e9veloppement \u00e9conomique et culturel entre le S\u00e9n\u00e9gal et le Maroc au centre des \u00e9changes !"},"content":{"rendered":"\n<p><strong><em>Le d\u00e9veloppement \u00e9conomique et culturel entre le S\u00e9n\u00e9gal et le Maroc \u00e9tait au centre des \u00e9changes de la 24e \u00e9dition de Talk &amp; Taste, le jeudi 15 d\u00e9cembre 2022, au Phare des Mamelles de Dakar, avec la participation de plusieurs personnalit\u00e9s du secteur \u00e9conomique et touristique.&nbsp;<\/em><\/strong><\/p>\n\n\n\n<figure class=\"wp-block-image alignright is-resized\" id=\"attachment_3005235\"><a href=\"https:\/\/www.maliweb.net\/wp-content\/news\/images\/2022\/12\/Abh-Ahmed.jpg\" data-rel=\"penci-gallery-image-content\" ><img fetchpriority=\"high\" decoding=\"async\" src=\"https:\/\/www.maliweb.net\/wp-content\/news\/images\/2022\/12\/Abh-Ahmed.jpg\" alt=\"\" class=\"wp-image-3005235\" width=\"683\" height=\"814\"\/><\/a><figcaption>Ahmed Oumaari avec notre confr\u00e8re Alou B Haidara<\/figcaption><\/figure>\n\n\n\n<p class=\"has-drop-cap\">Talk &amp; Taste, selon son fondateur et mod\u00e9rateur Maguette M\u2019Bow, est une nouvelle plateforme de rencontres professionnelles sous un format Afterwork Premium. C\u2019est un rendez-vous pour tous les d\u00e9cideurs, afro-b\u00e2tisseurs, selon lui, autour du leadership panafricain. Ce grand rendez-vous mensuel se tient les premiers jeudis du mois. Aux dires de Maguette M\u2019Bow,&nbsp;<strong><em>\u201cTalk &amp; Taste est une belle aubaine pour participer \u00e0 la cr\u00e9ation de valeurs, de sens et de liens interculturels, interg\u00e9n\u00e9rationnels, interprofessionnels entre entrepreneurs, intra-preneurs et startupers, qui inspirent par leur histoire personnelle, leur parcours professionnel, leur m\u00e9tier, leur d\u00e9fi, leur r\u00eave africain\u201d.<\/em><\/strong><\/p>\n\n\n\n<p>Le Royaume du Maroc \u00e9tait \u00e0 l\u2019honneur lors de la 24e \u00e9dition de Talk &amp; Taste, le 15 d\u00e9cembre dernier, au Phare des Mamelles de Dakar. Le th\u00e8me de la rencontre portait sur&nbsp;<strong><em>\u201cle d\u00e9veloppement \u00e9conomique et culturel entre le S\u00e9n\u00e9gal et le Maroc : secteurs, acteurs et facteurs-cl\u00e9s de succ\u00e8s\u201d.<\/em><\/strong>&nbsp;Elle s\u2019est tenue juste le lendemain du workshop organis\u00e9 par la d\u00e9l\u00e9gation de l\u2019Office national marocain \u00e0 Dakar entre les professionnels du secteur de voyage et du tourisme s\u00e9n\u00e9galais et marocains.<\/p>\n\n\n\n<p>Plusieurs invit\u00e9s de marque \u00e9taient pr\u00e9sents pour r\u00e9pondre \u00e0 cette question du d\u00e9veloppement \u00e9conomique et culturel entre le S\u00e9n\u00e9gal et le Maroc. Il s\u2019agit en premier lieu du directeur pour l\u2019Afrique de l\u2019Office national marocain du tourisme \u00e0 Dakar, Ahmed Oumaari, de la vice-pr\u00e9sidente du Groupe Atepa, Diane Goudiaby Kabo, du directeur commercial et marketing d\u2019Air S\u00e9n\u00e9gal, Eric Iba Gu\u00e8ye, de l\u2019\u00e9conomiste et directeur ex\u00e9cutif du Club des investisseurs s\u00e9n\u00e9galais, Abdoulaye Ly et enfin Youssef Imghi, ancien directeur g\u00e9n\u00e9ral de Tanger Med Engineering, filiale de l\u2019Agence sp\u00e9ciale Tanger M\u00e9diterran\u00e9e et consultant dans les activit\u00e9s portuaires.<\/p>\n\n\n\n<p>Le mod\u00e9rateur du d\u00e9bat \u00e9tait Maguette M\u2019Bow lui-m\u00eame. Tour \u00e0 tour, les panelistes ont expos\u00e9 leur vision et leur strat\u00e9gie en vue de mieux d\u00e9velopper le secteur de l\u2019\u00e9conomie entre le S\u00e9n\u00e9gal et le Maroc. Du coup, l\u2019aspect sur le secteur touristique a domin\u00e9 le d\u00e9bat puisque le Maroc est un pays de tourisme.<\/p>\n\n\n\n<p><em>\u201cOn parle du Maroc, oui j\u2019ai fait mes \u00e9tudes dans ce pays. Je suis un produit pur du Maroc. Je viens d\u2019\u00eatre nomm\u00e9, il y a juste un mois, comme directeur de la promotion touristique. C\u2019est pour vous dire que notre strat\u00e9gie se fonde aujourd\u2019hui sur le Royaume du Maroc, surtout le c\u00f4t\u00e9 d\u00e9veloppement h\u00f4telier, de la gastronomie. Nous voulons copier cette id\u00e9e de la gastronomie que le Maroc a pour s\u2019imposer dans ce secteur. Nous voulons que le Maroc nous aide dans ce sens. Le pr\u00e9sident Macky Sall a voulu avoir 3 millions de touristes en 2025, 5 millions en 2035 et 10 millions apr\u00e8s. C\u2019est un cap assez important \u00e0 faire escompter beaucoup de strat\u00e9gies, beaucoup d\u2019investissements et de capacit\u00e9s \u00e0 d\u00e9velopper. Nous vous tendons les mains, les Marocains\u201d,<\/em>&nbsp;a soulign\u00e9 le nouveau directeur de la promotion touristique du S\u00e9n\u00e9gal, Mamadou Mohamed Manel Fall.<\/p>\n\n\n\n<p>Pour le directeur pour l\u2019Afrique de l\u2019ONMT \u00e0 Dakar, Ahmed Oumaari, les acteurs du secteur de voyage et du tourisme sont appel\u00e9s \u00e0 d\u00e9velopper le tourisme ensemble.<em>&nbsp;\u201cNous sommes aujourd\u2019hui appel\u00e9s dans notre m\u00e9tier \u00e0 d\u00e9velopper le tourisme. Nous sommes appel\u00e9s \u00e0 faire des efforts pour atteindre les attentes de nos chefs d\u2019Etat notamment le pr\u00e9sident Macky Sall et Sa Majest\u00e9 le Roi Mohammed VI et le gouvernement du Maroc\u201d,<\/em>&nbsp;pr\u00e9cisera-t-il.<\/p>\n\n\n\n<p><em>\u201cLe tourisme et le transport me tiennent \u00e0 c\u0153ur pour avoir exerc\u00e9 plusieurs fonctions dans ces domaines. Il n\u2019y a pas de d\u00e9veloppement d\u2019un pays, des relations interculturelles, politiques et touristiques sans la compagnie a\u00e9rienne. Dieu merci, c\u2019est un grand plaisir de voir Air S\u00e9n\u00e9gal desservir le Maroc. Il faut essayer de mieux d\u00e9velopper. Parce qu\u2019il y a 50 000 S\u00e9n\u00e9galais qui vont au Maroc chaque ann\u00e9e. Quand je vous parle du tourisme religieux, il y a 200 millions de Tijanes en Afrique et voir que la moiti\u00e9 des populations s\u00e9n\u00e9galaises sont des tijanes. Et il y a le zihara, un voyage religieux organis\u00e9 chaque fois sur F\u00e8s. Donc, il faut en profiter\u201d<\/em>, a d\u00e9clar\u00e9 Jalal Imani, ancien collaborateur de la compagnie Royal Air Maroc, ancien directeur pour l\u2019Afrique de l\u2019Office national marocain du tourisme \u00e0 Dakar et actuel directeur du restaurant&nbsp;<strong>\u201cPhare des Mamelles de Dakar\u201d.<\/strong><\/p>\n\n\n\n<p>Cette belle soir\u00e9e a \u00e9t\u00e9 agr\u00e9ment\u00e9e par la prestation de l\u2019artiste Modou Tour\u00e9 de Tour\u00e9 Kunda et de la chanteuse marocaine Kawtar Sadik. Et un d\u00e9fil\u00e9 de mode de la styliste marocaine Meriem Debbarh pour pr\u00e9senter ses nouvelles collections a mis fin \u00e0 cette soir\u00e9e.&nbsp;<strong>&nbsp;&nbsp;&nbsp;&nbsp;&nbsp;&nbsp;&nbsp;&nbsp;&nbsp;&nbsp;&nbsp;&nbsp;&nbsp;&nbsp;&nbsp;&nbsp;&nbsp;&nbsp;&nbsp;&nbsp;&nbsp;&nbsp;&nbsp;&nbsp;&nbsp;&nbsp;&nbsp;&nbsp;&nbsp;&nbsp;&nbsp;&nbsp;&nbsp;&nbsp;&nbsp;&nbsp;&nbsp;&nbsp;&nbsp;&nbsp;&nbsp;&nbsp;&nbsp;&nbsp;&nbsp;<\/strong><\/p>\n\n\n\n<p><strong>&nbsp;&nbsp;El Hadj A.B. HAIDARA, envoy\u00e9 sp\u00e9cial \u00e0 Dakar<\/strong><\/p>\n","protected":false},"excerpt":{"rendered":"<p>Le d\u00e9veloppement \u00e9conomique et culturel entre le S\u00e9n\u00e9gal et le Maroc \u00e9tait au centre des \u00e9changes de la 24e \u00e9dition de Talk &amp; Taste, le jeudi 15 d\u00e9cembre 2022, au&hellip;<\/p>\n","protected":false},"author":1,"featured_media":11000,"comment_status":"open","ping_status":"closed","sticky":false,"template":"","format":"standard","meta":{"content-type":"","_lmt_disableupdate":"","_lmt_disable":"","_jetpack_memberships_contains_paid_content":false,"footnotes":"","jetpack_publicize_message":"","jetpack_publicize_feature_enabled":true,"jetpack_social_post_already_shared":true,"jetpack_social_options":{"image_generator_settings":{"template":"highway","default_image_id":0,"font":"","enabled":false},"version":2}},"categories":[19,21],"tags":[],"class_list":["post-10999","post","type-post","status-publish","format-standard","has-post-thumbnail","hentry","category-aujourdhui-mali","category-societe"],"jetpack_publicize_connections":[],"featured_image_urls":{"full":"","thumbnail":"","medium":"","medium_large":"","large":"","1536x1536":"","2048x2048":"","penci-recipe-1200x1200":"","penci-recipe-1200x900":"","penci-recipe-1200x675":"","penci-single-full":"","penci-slider-full-thumb":"","penci-full-thumb":"","penci-slider-thumb":"","penci-magazine-slider":"","penci-thumb":"","penci-masonry-thumb":"","penci-thumb-square":"","penci-thumb-vertical":"","penci-thumb-small":""},"author_info":{"display_name":"Nandi","author_link":"https:\/\/nandi.info\/?author=1"},"category_info":"<a href=\"https:\/\/nandi.info\/?cat=19\" rel=\"category\">Aujourd\u2019hui Mali<\/a> <a href=\"https:\/\/nandi.info\/?cat=21\" rel=\"category\">Soci\u00e9t\u00e9<\/a>","tag_info":"Soci\u00e9t\u00e9","comment_count":"0","jetpack_featured_media_url":"","jetpack_sharing_enabled":true,"_links":{"self":[{"href":"https:\/\/nandi.info\/index.php?rest_route=\/wp\/v2\/posts\/10999","targetHints":{"allow":["GET"]}}],"collection":[{"href":"https:\/\/nandi.info\/index.php?rest_route=\/wp\/v2\/posts"}],"about":[{"href":"https:\/\/nandi.info\/index.php?rest_route=\/wp\/v2\/types\/post"}],"author":[{"embeddable":true,"href":"https:\/\/nandi.info\/index.php?rest_route=\/wp\/v2\/users\/1"}],"replies":[{"embeddable":true,"href":"https:\/\/nandi.info\/index.php?rest_route=%2Fwp%2Fv2%2Fcomments&post=10999"}],"version-history":[{"count":0,"href":"https:\/\/nandi.info\/index.php?rest_route=\/wp\/v2\/posts\/10999\/revisions"}],"wp:featuredmedia":[{"embeddable":true,"href":"https:\/\/nandi.info\/index.php?rest_route=\/"}],"wp:attachment":[{"href":"https:\/\/nandi.info\/index.php?rest_route=%2Fwp%2Fv2%2Fmedia&parent=10999"}],"wp:term":[{"taxonomy":"category","embeddable":true,"href":"https:\/\/nandi.info\/index.php?rest_route=%2Fwp%2Fv2%2Fcategories&post=10999"},{"taxonomy":"post_tag","embeddable":true,"href":"https:\/\/nandi.info\/index.php?rest_route=%2Fwp%2Fv2%2Ftags&post=10999"}],"curies":[{"name":"wp","href":"https:\/\/api.w.org\/{rel}","templated":true}]}}