{"id":10940,"date":"2022-12-24T07:55:00","date_gmt":"2022-12-24T06:55:00","guid":{"rendered":"https:\/\/nandi.info\/?p=10940"},"modified":"2022-12-24T07:55:00","modified_gmt":"2022-12-24T06:55:00","slug":"camp-de-football-amadou-haiidara-kalilou-dembele-du-centre-nation-foot-elu-meilleur-joueur","status":"publish","type":"post","link":"https:\/\/nandi.info\/?p=10940","title":{"rendered":"Camp de football amadou Hai\u00efdara :<strong> Kalilou Demb\u00e9l\u00e9 du centre <\/strong><strong>\u00ab\u00a0Nation Foot\u00a0\u00bb \u00e9lu meilleur joueur<\/strong><strong><\/strong>"},"content":{"rendered":"\n<p><strong><em>La 2e \u00e9dition du Camp de football de l&rsquo;international malien \u00ab\u00a0Amadou Ha\u00efdara\u00a0\u00bb et soci\u00e9taire RB Leipzig de l&rsquo;<\/em><\/strong><strong><em>Allemagne, s&rsquo;est tenue le samedi 17 d\u00e9cembre dernier, au Complexe Sportif Kadialy Diawara de l&rsquo;AS R\u00e9al de Bamako. A l&rsquo;issue de plusieurs tests effectu\u00e9s, Kalilou Demb\u00e9l\u00e9 du centre de formation \u00ab\u00a0Nation Foot\u00a0\u00bb a \u00e9t\u00e9 \u00e9lu meilleur joueur.<\/em><\/strong><strong><em><\/em><\/strong><\/p>\n\n\n\n<p class=\"has-drop-cap\">La c\u00e9r\u00e9monie d&rsquo;ouverture s&rsquo;est d\u00e9roul\u00e9e en pr\u00e9sence de Kassoum Coulibaly dit Yambox, 1er vice-pr\u00e9sident de la F\u00e9d\u00e9ration malienne de football (F\u00e9mafoot), d&rsquo;Ichaka Diakit\u00e9, pr\u00e9sident de la Commission sponsoring, marketing et t\u00e9l\u00e9vision de la F\u00e9mafoot, ainsi que plusieurs acteurs du football malien. Cette 2e \u00e9dition a regroup\u00e9 233 jeunes dont 50 filles \u00e2g\u00e9s de 10 et 14 ans venus de Mopti, Kita, Bougouni et les six communes du district de Bamako. L&rsquo;objectif de ce camp \u00e9tait de permettre aux jeunes talents qui n&rsquo;ont pas eu la chance d&rsquo;int\u00e9grer les grandes acad\u00e9mies et \u00e9coles de foot d&rsquo;\u00eatre suivis et recrut\u00e9s par les grandes acad\u00e9mies. Ils \u00e9taient une dizaine d&rsquo;encadreur \u00e0 effectuer des tests \u00e0 ces jeunes talents. A l&rsquo;issue de plusieurs s\u00e9ries d&rsquo;ateliers, Kalilou Demb\u00e9l\u00e9 du centre \u00ab\u00a0Nation Foot\u00a0\u00bb a \u00e9t\u00e9 d\u00e9sign\u00e9 meilleur joueur de cette 2e \u00e9dition. Dans les cat\u00e9gories petites, moyennes et filles, Gu\u00e8ye Diawara, N&rsquo;Faly Diallo et A\u00efchata Simpara ont \u00e9t\u00e9 \u00e9lus meilleurs joueurs. Dans son intervention, Amadou Ha\u00efdara, s&rsquo;est dit tr\u00e8s heureux de voir l&rsquo;engouement autour de cet \u00e9v\u00e9nement. <em>\u00ab\u00a0Ce camp est un espace permettant aux jeunes de mettre en exergue leurs talents, de guider les futurs talents dans leur carri\u00e8re professionnelle, de promouvoir les droits de l&rsquo;enfant\u00a0\u00bb<\/em>, a-t-il expliqu\u00e9. Pour sa part, le 1er vice-pr\u00e9sident de la F\u00e9mafoot, il a salu\u00e9 cette belle initiative de l&rsquo;international malien qui permettra de donner la chance aux jeunes joueurs de montrer leur talent. <em>\u00ab\u00a0Nous sommes ici pour apporter notre soutien \u00e0 Doudou, l&rsquo;un des cadres de notre \u00e9quipe nationale. Nous pensons que cette initiative du camp de football est salvatrice parce qu&rsquo;elle permettra de faire la d\u00e9couverte des jeunes talents. Pour terminer, nous lui r\u00e9it\u00e9rons notre accompagnement pour la p\u00e9rennisation de l&rsquo;initiative\u00a0\u00bb, <\/em>a-t-il laiss\u00e9 entendre.&nbsp;&nbsp; <strong>&nbsp;&nbsp;&nbsp;&nbsp;&nbsp;&nbsp;&nbsp;&nbsp;&nbsp;&nbsp;&nbsp;&nbsp;&nbsp;&nbsp;&nbsp;&nbsp;&nbsp;&nbsp;&nbsp;&nbsp;&nbsp;&nbsp;&nbsp;&nbsp;&nbsp;&nbsp;&nbsp;&nbsp;&nbsp;&nbsp;&nbsp;&nbsp;&nbsp;&nbsp;&nbsp;&nbsp;&nbsp;&nbsp;&nbsp;&nbsp;&nbsp;&nbsp;&nbsp;&nbsp;&nbsp;&nbsp;&nbsp;&nbsp;&nbsp;&nbsp;&nbsp;&nbsp;&nbsp;&nbsp;&nbsp;&nbsp;&nbsp;&nbsp;&nbsp;&nbsp;&nbsp;&nbsp;&nbsp;&nbsp;&nbsp;&nbsp;&nbsp;&nbsp;&nbsp;&nbsp;&nbsp;&nbsp;&nbsp;&nbsp;&nbsp;&nbsp;&nbsp;&nbsp;&nbsp;&nbsp;Mahamadou Traor\u00e9<\/strong><\/p>\n","protected":false},"excerpt":{"rendered":"<p>La 2e \u00e9dition du Camp de football de l&rsquo;international malien \u00ab\u00a0Amadou Ha\u00efdara\u00a0\u00bb et soci\u00e9taire RB Leipzig de l&rsquo;Allemagne, s&rsquo;est tenue le samedi 17 d\u00e9cembre dernier, au Complexe Sportif Kadialy Diawara&hellip;<\/p>\n","protected":false},"author":1,"featured_media":0,"comment_status":"open","ping_status":"closed","sticky":false,"template":"","format":"standard","meta":{"content-type":"","_lmt_disableupdate":"","_lmt_disable":"","_jetpack_memberships_contains_paid_content":false,"footnotes":"","jetpack_publicize_message":"","jetpack_publicize_feature_enabled":true,"jetpack_social_post_already_shared":true,"jetpack_social_options":{"image_generator_settings":{"template":"highway","default_image_id":0,"font":"","enabled":false},"version":2}},"categories":[19,62],"tags":[],"class_list":["post-10940","post","type-post","status-publish","format-standard","hentry","category-aujourdhui-mali","category-transport"],"jetpack_publicize_connections":[],"featured_image_urls":{"full":"","thumbnail":"","medium":"","medium_large":"","large":"","1536x1536":"","2048x2048":"","penci-recipe-1200x1200":"","penci-recipe-1200x900":"","penci-recipe-1200x675":"","penci-single-full":"","penci-slider-full-thumb":"","penci-full-thumb":"","penci-slider-thumb":"","penci-magazine-slider":"","penci-thumb":"","penci-masonry-thumb":"","penci-thumb-square":"","penci-thumb-vertical":"","penci-thumb-small":""},"author_info":{"display_name":"Nandi","author_link":"https:\/\/nandi.info\/?author=1"},"category_info":"<a href=\"https:\/\/nandi.info\/?cat=19\" rel=\"category\">Aujourd\u2019hui Mali<\/a> <a href=\"https:\/\/nandi.info\/?cat=62\" rel=\"category\">Transport<\/a>","tag_info":"Transport","comment_count":"0","jetpack_featured_media_url":"","jetpack_sharing_enabled":true,"_links":{"self":[{"href":"https:\/\/nandi.info\/index.php?rest_route=\/wp\/v2\/posts\/10940","targetHints":{"allow":["GET"]}}],"collection":[{"href":"https:\/\/nandi.info\/index.php?rest_route=\/wp\/v2\/posts"}],"about":[{"href":"https:\/\/nandi.info\/index.php?rest_route=\/wp\/v2\/types\/post"}],"author":[{"embeddable":true,"href":"https:\/\/nandi.info\/index.php?rest_route=\/wp\/v2\/users\/1"}],"replies":[{"embeddable":true,"href":"https:\/\/nandi.info\/index.php?rest_route=%2Fwp%2Fv2%2Fcomments&post=10940"}],"version-history":[{"count":0,"href":"https:\/\/nandi.info\/index.php?rest_route=\/wp\/v2\/posts\/10940\/revisions"}],"wp:attachment":[{"href":"https:\/\/nandi.info\/index.php?rest_route=%2Fwp%2Fv2%2Fmedia&parent=10940"}],"wp:term":[{"taxonomy":"category","embeddable":true,"href":"https:\/\/nandi.info\/index.php?rest_route=%2Fwp%2Fv2%2Fcategories&post=10940"},{"taxonomy":"post_tag","embeddable":true,"href":"https:\/\/nandi.info\/index.php?rest_route=%2Fwp%2Fv2%2Ftags&post=10940"}],"curies":[{"name":"wp","href":"https:\/\/api.w.org\/{rel}","templated":true}]}}