{"id":10927,"date":"2022-12-24T08:37:00","date_gmt":"2022-12-24T07:37:00","guid":{"rendered":"https:\/\/nandi.info\/?p=10927"},"modified":"2022-12-24T08:37:00","modified_gmt":"2022-12-24T07:37:00","slug":"pour-services-rendus-a-la-nation-18-cadres-et-agents-de-la-primature-decores-chevalier-de-lordre-national","status":"publish","type":"post","link":"https:\/\/nandi.info\/?p=10927","title":{"rendered":"Pour &nbsp;services rendus \u00e0 la nation&nbsp;: <strong>18 cadres et agents de la Primature d\u00e9cor\u00e9s chevalier de l&rsquo;Ordre national !<\/strong>"},"content":{"rendered":"\n<p><strong><em>Ils sont au total 18 cadres et agents de la Primature \u00e0 \u00eatre d\u00e9cor\u00e9s par le pr\u00e9sident de la Transition, le colonel Assimi Go\u00efta au grade de chevalier de l&rsquo;Ordre national du Mali pour services rendus \u00e0 la nation. Ils ont eu leurs m\u00e9dailles lors d&rsquo;une c\u00e9r\u00e9monie pr\u00e9sid\u00e9e par le Premier ministre, Dr. Choguel Ma\u00efga, le 12 d\u00e9cembre dernier, en pr\u00e9sence du Grand chancelier des o<\/em><\/strong><strong><em>rdres nationaux, le g\u00e9n\u00e9ral Amadou Sagafourou Gu\u00e8ye. \u00ab\u00a0M\u00e9riter les insignes qui viennent de nous \u00eatre remises exige de nous, de s&rsquo;engager encore plus r\u00e9solument, avec conviction et patriotisme, pour le redressement total et durable du Mali auquel s&rsquo;attelle avec abn\u00e9gation les autorit\u00e9s de la Transition\u00a0\u00bb, a reconnu Cheick Oumar Coulibaly, porte-parole des r\u00e9cipiendaires.&nbsp; <\/em><\/strong><strong><em><\/em><\/strong><\/p>\n\n\n\n<p class=\"has-drop-cap\"><em>Je voudrais, tout d&rsquo;abord vous dire, Monsieur le Premier ministre, la joie qui est la mienne de vous voir pr\u00e9sider la pr\u00e9sente c\u00e9r\u00e9monie. J&rsquo;ai l&rsquo;insigne honneur de prendre la parole, au pied lev\u00e9, en ce jour de Gr\u00e2ce, au nom des r\u00e9cipiendaires 2022 des distinctions honorifiques des ordres nationaux du Mali. Vous comprendrez, d\u00e8s lors, l&rsquo;\u00e9motion qui m&rsquo;\u00e9treint pour l&rsquo;honneur et le privil\u00e8ge que l&rsquo;Etat du Mali nous fait, en nous d\u00e9cernant la reconnaissance de la Nation. Mes premiers mots seront, naturellement, des mots de remerciements aux hautes autorit\u00e9s de notre pays, avec \u00e0 leur t\u00eate, le colonel Assimi Go\u00efta, pr\u00e9sident de la Transition\u00a0\u00bb.<\/em> Ces propos sont de Cheick Oumar Coulibaly (COC), porte-parole des r\u00e9cipiendaires lors de la c\u00e9r\u00e9monie de d\u00e9coration des cadres et agents de la Primature. L&rsquo;\u00e9v\u00e9nement s&rsquo;est d\u00e9roul\u00e9 le 12 d\u00e9cembre dernier \u00e0 la Primature sous la pr\u00e9sidence du Premier ministre, Dr. Choguel Ma\u00efga, en pr\u00e9sence du Grand chancelier des ordres nationaux, le g\u00e9n\u00e9ral Amadou Sagafourou Gu\u00e8ye.&nbsp; Ces hommes et femmes ont \u00e9t\u00e9 d\u00e9cor\u00e9s par le pr\u00e9sident de la Transition, le colonel Assimi Go\u00efta aux diff\u00e9rents grades : chevalier de l&rsquo;Ordre national et M\u00e9rite national avec effigie <strong>\u00ab\u00a0Lion Debout\u00a0\u00bb<\/strong>. Pour le grade de chevalier de l&rsquo;Ordre national, ils sont au total 15 r\u00e9cipiendaires. Il s&rsquo;agit de Oumar Kanout\u00e9 (conseiller sp\u00e9cial du Premier ministre), Yachim Ma\u00efga (conseiller sp\u00e9cial du Premier ministre), Robert Diarra (conseiller sp\u00e9cial du Premier ministre), Cheick Oumar Coulibaly (conseiller diplomatique du Premier ministre), Mahamadou Sidoro (charg\u00e9 de protocole du Premier ministre), Adama Sidib\u00e9 (chef de division charg\u00e9 des finances), Woyo Konat\u00e9 (secr\u00e9taire g\u00e9n\u00e9ral de l&rsquo;Ecole nationale d&rsquo;administration), Sidy Bagayoko (assistant coordinateur de l&rsquo;Unit\u00e9 de partenariat public-priv\u00e9), Sambi Tour\u00e9 (directeur g\u00e9n\u00e9ral du Centre d&rsquo;information gouvernementale du Mali), Fan\u00e9k\u00e9 Demb\u00e9l\u00e9 (expert charg\u00e9 des questions humanitaires au SPCPGCC), Souma\u00efla Saye (assistant charg\u00e9 de la Base de donn\u00e9es informatiques \u00e0 l&rsquo;Agence de d\u00e9veloppement du Nord du Mali), Mme Samak\u00e9 Mouna Tour\u00e9 (contr\u00f4leur des services publics au CGSP), Boubacar Belco Bah (directeur g\u00e9n\u00e9ral Adjoint de l&rsquo;Agefau), chef d&rsquo;escadron Luc Diassana (aide de Camp du Premier ministre) et Hamed S\u00e9kou Gadjigo (conseiller juridique au Centre national pour la coordination du M\u00e9canisme d&rsquo;alerte pr\u00e9coce et de r\u00e9ponse aux risques). <em>\u00ab\u00a0Le Mali vous honore. A travers vous, il honore l&rsquo;ensemble des cadres de son administration\u00a0\u00bb<\/em>, dira le g\u00e9n\u00e9ral Amadou Sagafourou Gu\u00e8ye. Et Dr. Choguel Ma\u00efga de d\u00e9clarer : <em>\u00ab\u00a0Le contexte du Mali Kura exige de chacun d&rsquo;entre nous, au-del\u00e0 du sacerdoce, droiture, probit\u00e9, int\u00e9grit\u00e9 et loyaut\u00e9 \u00e0 toutes \u00e9preuves. Vous \u00eates tous des soldats engag\u00e9s pour la r\u00e9silience de la Nation malienne et pour la refondation de notre Mali\u00a0\u00bb. \u00ab\u00a0Nous voyons \u00e0 travers ces d\u00e9corations plusieurs messages, plusieurs significations : D&rsquo;abord, la reconnaissance du m\u00e9rite. Mais ayant dit cela, nous sommes conscients que ce n&rsquo;est pas une fin en soi, car il faut continuer \u00e0 m\u00e9riter la confiance de l&rsquo;Etat et de la Nation tout enti\u00e8re. C&rsquo;est pourquoi nous y voyons aussi et, surtout, une invite, une exhortation \u00e0 pers\u00e9v\u00e9rer dans le travail bien fait ; un engagement \u00e0 redoubler d&rsquo;effort et d&rsquo;engagement ; une obligation d&rsquo;exemplarit\u00e9 pour continuer \u00e0 m\u00e9riter de la Nation. Car, in fine, c&rsquo;est une grande responsabilit\u00e9 que de se voir d\u00e9cerner une m\u00e9daille, un contrat moral pour se hisser et demeurer \u00e0 hauteur de mission. Conscients de toutes ces exigences, nous faisons le serment, Monsieur le Premier ministre, de continuer \u00e0 servir l&rsquo;Etat du Mali avec d\u00e9vouement, engagement, professionnalisme, loyaut\u00e9, rigueur, int\u00e9grit\u00e9, humilit\u00e9 et probit\u00e9. Nous faisons d&rsquo;autant plus ce serment que notre cher pays, le Mali, fait face \u00e0 des d\u00e9fis immenses, des d\u00e9fis marqu\u00e9s. Et c&rsquo;est devant les d\u00e9fis que se r\u00e9v\u00e8lent \u00e0 la fois les grands hommes, les grands fils du pays et \u00e9galement les grands commis de l&rsquo;Etat\u00a0\u00bb.<\/em> Promesse de Cheick Oumar.<\/p>\n","protected":false},"excerpt":{"rendered":"<p>Ils sont au total 18 cadres et agents de la Primature \u00e0 \u00eatre d\u00e9cor\u00e9s par le pr\u00e9sident de la Transition, le colonel Assimi Go\u00efta au grade de chevalier de l&rsquo;Ordre&hellip;<\/p>\n","protected":false},"author":1,"featured_media":0,"comment_status":"open","ping_status":"closed","sticky":false,"template":"","format":"standard","meta":{"content-type":"","_lmt_disableupdate":"","_lmt_disable":"","_jetpack_memberships_contains_paid_content":false,"footnotes":"","jetpack_publicize_message":"","jetpack_publicize_feature_enabled":true,"jetpack_social_post_already_shared":false,"jetpack_social_options":{"image_generator_settings":{"template":"highway","default_image_id":0,"font":"","enabled":false},"version":2}},"categories":[19,20,21],"tags":[],"class_list":["post-10927","post","type-post","status-publish","format-standard","hentry","category-aujourdhui-mali","category-distinction-prix-dexcellence","category-societe"],"jetpack_publicize_connections":[],"featured_image_urls":{"full":"","thumbnail":"","medium":"","medium_large":"","large":"","1536x1536":"","2048x2048":"","penci-recipe-1200x1200":"","penci-recipe-1200x900":"","penci-recipe-1200x675":"","penci-single-full":"","penci-slider-full-thumb":"","penci-full-thumb":"","penci-slider-thumb":"","penci-magazine-slider":"","penci-thumb":"","penci-masonry-thumb":"","penci-thumb-square":"","penci-thumb-vertical":"","penci-thumb-small":""},"author_info":{"display_name":"Nandi","author_link":"https:\/\/nandi.info\/?author=1"},"category_info":"<a href=\"https:\/\/nandi.info\/?cat=19\" rel=\"category\">Aujourd\u2019hui Mali<\/a> <a href=\"https:\/\/nandi.info\/?cat=20\" rel=\"category\">Distinction \"Prix d'Excellence\"<\/a> <a href=\"https:\/\/nandi.info\/?cat=21\" rel=\"category\">Soci\u00e9t\u00e9<\/a>","tag_info":"Soci\u00e9t\u00e9","comment_count":"0","jetpack_featured_media_url":"","jetpack_sharing_enabled":true,"_links":{"self":[{"href":"https:\/\/nandi.info\/index.php?rest_route=\/wp\/v2\/posts\/10927","targetHints":{"allow":["GET"]}}],"collection":[{"href":"https:\/\/nandi.info\/index.php?rest_route=\/wp\/v2\/posts"}],"about":[{"href":"https:\/\/nandi.info\/index.php?rest_route=\/wp\/v2\/types\/post"}],"author":[{"embeddable":true,"href":"https:\/\/nandi.info\/index.php?rest_route=\/wp\/v2\/users\/1"}],"replies":[{"embeddable":true,"href":"https:\/\/nandi.info\/index.php?rest_route=%2Fwp%2Fv2%2Fcomments&post=10927"}],"version-history":[{"count":0,"href":"https:\/\/nandi.info\/index.php?rest_route=\/wp\/v2\/posts\/10927\/revisions"}],"wp:attachment":[{"href":"https:\/\/nandi.info\/index.php?rest_route=%2Fwp%2Fv2%2Fmedia&parent=10927"}],"wp:term":[{"taxonomy":"category","embeddable":true,"href":"https:\/\/nandi.info\/index.php?rest_route=%2Fwp%2Fv2%2Fcategories&post=10927"},{"taxonomy":"post_tag","embeddable":true,"href":"https:\/\/nandi.info\/index.php?rest_route=%2Fwp%2Fv2%2Ftags&post=10927"}],"curies":[{"name":"wp","href":"https:\/\/api.w.org\/{rel}","templated":true}]}}