{"id":10886,"date":"2022-12-22T11:50:30","date_gmt":"2022-12-22T10:50:30","guid":{"rendered":"https:\/\/nandi.info\/?p=10886"},"modified":"2022-12-22T11:50:30","modified_gmt":"2022-12-22T10:50:30","slug":"communique-du-conseil-des-ministres-du-mercredi-21-decembre-2022","status":"publish","type":"post","link":"https:\/\/nandi.info\/?p=10886","title":{"rendered":"Communiqu\u00e9 du Conseil des Ministres du mercredi 21 D\u00e9cembre 2022"},"content":{"rendered":"\n<p>Le Conseil des Ministres s\u2019est r\u00e9uni en session ordinaire,&nbsp;<strong>le mercredi 21 d\u00e9cembre 2022<\/strong>, dans sa salle de d\u00e9lib\u00e9rations au Palais de Koulouba, sous la pr\u00e9sidence du&nbsp;<strong>Colonel Assimi&nbsp;<\/strong><strong>GOITA<\/strong>,&nbsp;<strong>Pr\u00e9sident de la Transition<\/strong>,&nbsp;<strong>Chef de l\u2019\u00c9tat<\/strong>.<\/p>\n\n\n\n<p>Apr\u00e8s examen des points inscrits \u00e0 l\u2019ordre du jour, le Conseil a :<\/p>\n\n\n\n<p><strong>\u2013&nbsp;<\/strong>adopt\u00e9 des projets de texte ;&nbsp;<strong>\u2013&nbsp;<\/strong>proc\u00e9d\u00e9 \u00e0 des nominations ;&nbsp;<strong>\u2013&nbsp;<\/strong>et entendu des communications.<\/p>\n\n\n\n<p><strong><u>AU CHAPITRE DES MESURES LEGISLATIVES ET REGLEMENTAIRES<\/u><\/strong><\/p>\n\n\n\n<ol class=\"wp-block-list\"><li>Sur le rapport du ministre des Transports et des Infrastructures, le Conseil des Ministres a adopt\u00e9&nbsp;<strong>des projets de texte relatifs \u00e0 la cr\u00e9ation, \u00e0 l\u2019organisation et aux modalit\u00e9s de&nbsp;<\/strong><strong>fonctionnement de la Cellule des Travaux routiers d\u2019Urgence.<\/strong><\/li><\/ol>\n\n\n\n<p>La Cellule des Travaux Routiers d\u2019Urgence a \u00e9t\u00e9 cr\u00e9\u00e9e par la Loi n\u00b003-029 du 10 juillet 2003 avec pour mission l\u2019ex\u00e9cution des travaux d\u2019am\u00e9nagement sommaire n\u00e9cessaires pour l\u2019utilisation de sites de desserte d\u2019urgence, la r\u00e9paration des dommages caus\u00e9s aux routes et aux ouvrages d\u2019art par les intemp\u00e9ries et les calamit\u00e9s et l\u2019ex\u00e9cution des travaux d\u2019entretien routier dans toutes les zones g\u00e9ographiques o\u00f9 l\u2019entretien du r\u00e9seau routier n\u2019est pas assur\u00e9 par les entreprises priv\u00e9es.<\/p>\n\n\n\n<p>Son organisation et ses modalit\u00e9s de fonctionnement sont fix\u00e9es par le D\u00e9cret n\u00b003-322\/P-RM du 06 ao\u00fbt 2003.<\/p>\n\n\n\n<p>A l\u2019application, des insuffisances ont \u00e9t\u00e9 constat\u00e9es dans le fonctionnement de la Cellule qu\u2019il convient de corriger.<\/p>\n\n\n\n<p>Les projets de texte adopt\u00e9s visent \u00e0 corriger ces insuffisances \u00e0 travers la red\u00e9finition de ses missions et l\u2019adaptation de sa structuration \u00e0 la nouvelle organisation territoriale.<\/p>\n\n\n\n<ol class=\"wp-block-list\" start=\"2\"><li>Sur le rapport du ministre de la Sant\u00e9 et du D\u00e9veloppement social, le Conseil des Ministres a adopt\u00e9&nbsp;<strong>un projet de d\u00e9cret d\u00e9clarant Pupilles de la Nation en R\u00e9publique&nbsp;<\/strong><strong>du Mali.<\/strong><\/li><\/ol>\n\n\n\n<p>La Loi n\u00b02016-058 du 27 d\u00e9cembre 2016 institue les pupilles de la Nation et les Pupilles de l\u2019Etat en R\u00e9publique du Mali et fixe les conditions \u00e0 remplir par l\u2019enfant mineur pour b\u00e9n\u00e9ficier du statut de pupille.<\/p>\n\n\n\n<p>En application des dispositions de cette loi, le projet de d\u00e9cret adopt\u00e9 accorde le statut de Pupilles de la Nation \u00e0 125 enfants mineurs qui b\u00e9n\u00e9ficieront, entre autres :<\/p>\n\n\n\n<p>\u2013 de la prise en charge des frais de soins m\u00e9dicaux ou du ticket mod\u00e9rateur ;<\/p>\n\n\n\n<p>\u2013 de la prise en charge des frais de scolarit\u00e9 au niveau de l\u2019enseignement fondamental et secondaire ;<\/p>\n\n\n\n<p>\u2013 de la prise en charge des frais d\u2019apprentissage et de formation professionnelle ; \u2013 de l\u2019octroi d\u2019une bourse enti\u00e8re de l\u2019enseignement sup\u00e9rieur ;<\/p>\n\n\n\n<p>\u2013 du placement ou de l\u2019adoption en institution sp\u00e9cialis\u00e9e.<\/p>\n\n\n\n<ol class=\"wp-block-list\" start=\"3\"><li>sur le rapport du ministre du Travail, de la Fonction publique et du Dialogue social, le Conseil des Ministres a adopt\u00e9&nbsp;<strong>un projet de d\u00e9cret portant majoration des taux mensuels de l\u2019indemnit\u00e9 sp\u00e9ciale de Responsabilit\u00e9 allou\u00e9e au personnel enseignant de l\u2019Enseignement secondaire, de l\u2019Enseignement fondamental et de l\u2019Education pr\u00e9scolaire et sp\u00e9ciale.<\/strong><\/li><\/ol>\n\n\n\n<p>Le d\u00e9veloppement harmonieux d\u2019un pays passe par la mise en place d\u2019un syst\u00e8me \u00e9ducatif capable de former des Ressources humaines de qualit\u00e9.<\/p>\n\n\n\n<p>Sur la base de ce postulat, l\u2019Education se place parmi les priorit\u00e9s nationales. C\u2019est dans ce cadre que des efforts sont consentis pour la motivation du personnel enseignant.<\/p>\n\n\n\n<p>Le projet de d\u00e9cret adopt\u00e9 consacre l\u2019application du proc\u00e8s-verbal du 13 d\u00e9cembre 2022 sign\u00e9 entre le gouvernement et la synergie des syndicats de l\u2019Education signataire du 15 octobre 2016, \u00e0 travers une majoration de l\u2019indemnit\u00e9 sp\u00e9ciale de responsabilit\u00e9.<\/p>\n\n\n\n<p>Son adoption contribuera \u00e0 l\u2019am\u00e9lioration des conditions de vie et de travail du personnel enseignant de l\u2019Enseignement secondaire, de l\u2019Enseignement fondamental et de l\u2019Education pr\u00e9scolaire et sp\u00e9ciale et \u00e0 l\u2019apaisement du climat social en milieu scolaire.<\/p>\n\n\n\n<p><strong><u>AU CHAPITRE DES MESURES INDIVIDUELLES<\/u><\/strong><\/p>\n\n\n\n<p>Le Conseil des ministres a proc\u00e9d\u00e9 aux nominations suivantes :<\/p>\n\n\n\n<p><strong><u>AU TITRE DU MINISTERE DE LA DEFENSE ET DES ANCIENS COMBATTANTS<\/u><\/strong><\/p>\n\n\n\n<p><strong>\u2013 Haut Fonctionnaire de D\u00e9fense au Minist\u00e8re de la r\u00e9conciliation, de la Paix et de&nbsp;<\/strong><strong>la Coh\u00e9sion Nationale, charg\u00e9 de l\u2019Accord pour la Paix et la R\u00e9conciliation nationale :<\/strong><\/p>\n\n\n\n<p>Colonel-major Abdoulaye Ibrahima TRAORE.<\/p>\n\n\n\n<p>\u2013&nbsp;<strong>Haut Fonctionnaire de D\u00e9fense au Minist\u00e8re des Maliens \u00e9tablis \u00e0 l\u2019Ext\u00e9rieur et&nbsp;<\/strong><strong>de l\u2019Int\u00e9gration africaine :<\/strong><\/p>\n\n\n\n<p>Colonel Adama TOUNKARA.<\/p>\n\n\n\n<p>\u2013&nbsp;<strong>Haut Fonctionnaire de D\u00e9fense au Minist\u00e8re des Affaires \u00e9trang\u00e8res et de la&nbsp;<\/strong><strong>Coop\u00e9ration internationale :<\/strong><\/p>\n\n\n\n<p>Colonel Amadou CAMARA.<\/p>\n\n\n\n<p>\u2013&nbsp;<strong>Haut Fonctionnaire de D\u00e9fense au Minist\u00e8re de la Justice et des Droits de&nbsp;<\/strong><strong>l\u2019Homme :<\/strong><\/p>\n\n\n\n<p>Colonel Mamadou SANGARE.<\/p>\n\n\n\n<p><strong><u>AU TITRE DU MINISTERE DES TRANSPORTS ET DES INFRASTRUCTURES<\/u><\/strong><\/p>\n\n\n\n<p>\u2013&nbsp;<strong>Secr\u00e9taire G\u00e9n\u00e9ral du Conseil Malien des Chargeurs :<\/strong><\/p>\n\n\n\n<p>Monsieur Mamadou HAIDARA, Administrateur civil, Membre du Corps pr\u00e9fectoral.<\/p>\n\n\n\n<p><strong>AU TITRE DU MINISTERE DES AFFAIRES ETRANGERES ET DE LA<\/strong><\/p>\n\n\n\n<p><strong><u>COOPERATION INTERNATIONALE<\/u><\/strong><\/p>\n\n\n\n<p>\u2013&nbsp;<strong>Secr\u00e9taire Agent Comptable \u00e0 l\u2019Ambassade du Mali \u00e0 Abu Dhabi :&nbsp;<\/strong>Monsieur Toumani SOUMANO, Inspecteur du Tr\u00e9sor.<\/p>\n\n\n\n<p>\u2013&nbsp;<strong>Secr\u00e9taire Agent Comptable \u00e0 l\u2019Ambassade du Mali \u00e0 Ankara :&nbsp;<\/strong>Madame<strong>&nbsp;Hada\u00efdja MAIGA<\/strong>, Inspecteur du Tr\u00e9sor.<\/p>\n\n\n\n<p><strong>\u2013 Secr\u00e9taire Agent Comptable \u00e0 l\u2019Ambassade du Mali \u00e0 Bruxelles :&nbsp;<\/strong>Madame&nbsp;<strong>Kandia BATHILY,&nbsp;<\/strong>Inspecteur du Tr\u00e9sor.<\/p>\n\n\n\n<p><strong><u>AU TITRE DU MINISTERE DE L\u2019ECONOMIE ET DES FINANCES<\/u><\/strong><\/p>\n\n\n\n<p><strong>\u2013 Gestionnaire \u00e0 la Cour Supr\u00eame :<\/strong><\/p>\n\n\n\n<p>Monsieur Abdoul Karim KONE, Inspecteur des Services Economiques.<\/p>\n\n\n\n<p><strong><u>AU TITRE DU MINISTERE DE L\u2019INDUSTRIE ET DU COMMERCE<\/u><\/strong><\/p>\n\n\n\n<p><strong>\u2013&nbsp;<\/strong>C<strong>onseiller technique :<\/strong><\/p>\n\n\n\n<p>Monsieur Sadou CISSE, Magistrat.<\/p>\n\n\n\n<p>\u2013&nbsp;<strong>Directeur G\u00e9n\u00e9ral de l\u2019Agence Malienne de M\u00e9trologie :<br><\/strong>Monsieur Almaimoune AG ALHASSANE, Financier.<\/p>\n\n\n\n<p><strong><u>AU TITRE DU MINISTERE DE L\u2019ARTISANAT, DE LA CULTURE, DE L\u2019INDUSTRIE&nbsp;&nbsp;<\/u><\/strong><strong><u>HOTELIERE ET DU TOURISME<\/u><\/strong><\/p>\n\n\n\n<p><strong>\u2013 Secr\u00e9taire G\u00e9n\u00e9ral de l\u2019Assembl\u00e9e Permanente des Chambres de M\u00e9tiers du&nbsp;<\/strong><strong>Mali :<\/strong><\/p>\n\n\n\n<p>Monsieur Bayon SIMPARA, Administrateur civil, Membre du Corps pr\u00e9fectoral.<\/p>\n\n\n\n<p><strong><u>AU CHAPITRE DES COMMUNICATIONS<\/u><\/strong><\/p>\n\n\n\n<ol class=\"wp-block-list\"><li>Le ministre d\u2019Etat, ministre de l\u2019Administration territoriale et de la D\u00e9centralisation a inform\u00e9 le Conseil des Ministres de&nbsp;<strong>la nomination du Secr\u00e9taire g\u00e9n\u00e9ral de l\u2019Autorit\u00e9&nbsp;<\/strong><strong>Ind\u00e9pendante de Gestion des Elections.<\/strong><\/li><\/ol>\n\n\n\n<p>Aux termes de l\u2019article 6 de la Loi n\u00b02022-019 du 24 juin 2022 portant loi \u00e9lectorale, l\u2019Autorit\u00e9 ind\u00e9pendante de Gestion des Elections est assist\u00e9e par un secr\u00e9tariat g\u00e9n\u00e9ral et des d\u00e9partements techniques.<\/p>\n\n\n\n<p>Selon les dispositions de l\u2019article 17 de la loi \u00e9lectorale, le Secr\u00e9taire g\u00e9n\u00e9ral est nomm\u00e9 par d\u00e9cret pris en Conseil des Ministres sur proposition du Pr\u00e9sident de l\u2019Autorit\u00e9 ind\u00e9pendante de Gestion des Elections apr\u00e8s appel \u00e0 candidature.<\/p>\n\n\n\n<p>Suite aux op\u00e9rations de d\u00e9pouillement,&nbsp;<strong>le Colonel Boussourou DRAME<\/strong>&nbsp;a \u00e9t\u00e9 retenu pour occuper le poste de Secr\u00e9taire G\u00e9n\u00e9ral de ladite Autorit\u00e9.<\/p>\n\n\n\n<ol class=\"wp-block-list\" start=\"2\"><li>Le ministre de la Refondation de l\u2019Etat, charg\u00e9 des Relations avec les Institutions a inform\u00e9 le Conseil des Ministres :<\/li><\/ol>\n\n\n\n<p><strong>a. du Processus d\u2019\u00e9laboration du Programme national d\u2019Education aux Valeurs.<\/strong><\/p>\n\n\n\n<p>Dans le cadre de l\u2019\u00e9laboration du Programme national d\u2019Education aux Valeurs, le Comit\u00e9 d\u2019Experts, a finalis\u00e9 les plans sectoriels, l\u2019avant-projet du Programme, son plan d\u2019actions et son plan de communication.<\/p>\n\n\n\n<p>En vue de l\u2019introduction du Programme national d\u2019Education aux Valeurs dans le circuit d\u2019approbation gouvernementale, plusieurs r\u00e9unions sont en cours dans le but d\u2019identifier des actions prioritaires des d\u00e9partements sectoriels ainsi que leurs co\u00fbts estimatifs.<\/p>\n\n\n\n<p><strong>b. des pr\u00e9paratifs de la comm\u00e9moration de la journ\u00e9e du 14 janvier 2022, souvenir de la mobilisation patriotique pour la d\u00e9fense de la souverainet\u00e9 nationale<\/strong>.<\/p>\n\n\n\n<p>Le Pr\u00e9sident de la transition, Chef de l\u2019Etat a d\u00e9cid\u00e9, lors de la session du Conseil des Ministres du 30 novembre 2022, d\u2019instituer le 14 janvier, Journ\u00e9e nationale de la souverainet\u00e9 retrouv\u00e9e, en souvenir de la grande mobilisation contre les sanctions ill\u00e9gales, ill\u00e9gitimes et inhumaines de la CEDEAO et de l\u2019UEMOA.<\/p>\n\n\n\n<p>La c\u00e9l\u00e9bration de l\u2019anniversaire de cette grande mobilisation est pr\u00e9vue le 14 janvier 2023, en vue de renforcer le sentiment patriotique et magnifier la souverainet\u00e9 retrouv\u00e9e du Mali qui repose d\u00e9sormais sur les trois principes d\u00e9finis par le Pr\u00e9sident de la Transition, conform\u00e9ment \u00e0 la vision du Peuple malien, \u00e0 savoir :<\/p>\n\n\n\n<p>\u2013 le respect de la souverainet\u00e9 du Mali ;<\/p>\n\n\n\n<p>\u2013 le respect des choix strat\u00e9giques et de partenariats op\u00e9r\u00e9s par le Mali ;<\/p>\n\n\n\n<p>\u2013 la d\u00e9fense des int\u00e9r\u00eats vitaux des populations maliennes dans toutes les d\u00e9cisions prises.<\/p>\n\n\n\n<p>L\u2019objectif vis\u00e9 \u00e0 travers la comm\u00e9moration de cette journ\u00e9e historique est de faire graver dans la conscience collective le sentiment patriotique et la capacit\u00e9 de r\u00e9silience du Peuple malien pour l\u2019affirmation et la restauration de sa souverainet\u00e9 nationale retrouv\u00e9e.<\/p>\n\n\n\n<p><strong>c. de l\u2019\u00e9tat d\u2019avancement dans la mise en \u0153uvre du Cadre strat\u00e9gique de la Refondation&nbsp;<\/strong><strong>de l\u2019Etat.<\/strong><\/p>\n\n\n\n<p>Dans le cadre de l\u2019op\u00e9rationnalisation du Cadre strat\u00e9gique de la Refondation de 1\u2019Etat, les actions de pr\u00e9sentation et de vulgarisation se poursuivent avec notamment les journ\u00e9es d\u2019\u00e9changes et d\u2019appropriation du Cadre strat\u00e9gique de la Refondation de l\u2019Etat, et le suivi des plans sectoriels de la Refondation.<\/p>\n\n\n\n<p>Les Journ\u00e9es d\u2019\u00e9changes et d\u2019appropriation du Cadre strat\u00e9gique de la Refondation de l\u2019Etat se poursuivent dans les r\u00e9gions de M\u00e9naka du 19 au 21 d\u00e9cembre 2022, et de Kidal du 21 au 22 d\u00e9cembre 2022.<\/p>\n\n\n\n<p>Une rencontre du Comit\u00e9 de pilotage strat\u00e9gique ainsi qu\u2019une r\u00e9union subs\u00e9quente du Conseil d\u2019Orientation de la Refondation de l\u2019Etat seront programm\u00e9es dans les jours \u00e0 venir.<\/p>\n\n\n\n<ol class=\"wp-block-list\" start=\"3\"><li>Le ministre de la Sant\u00e9 et du D\u00e9veloppement social a inform\u00e9 le Conseil des Ministres&nbsp; &nbsp;&nbsp;<strong>a. de la nomination du nouveau mandataire AD HOC de la Conf\u00e9d\u00e9ration des Soci\u00e9t\u00e9s&nbsp;<\/strong><strong>Coop\u00e9ratives des Producteurs de Coton du Mali.<\/strong><\/li><\/ol>\n\n\n\n<p>En vue de r\u00e9soudre les probl\u00e8mes de gouvernance apparus dans le fonctionnement de la Conf\u00e9d\u00e9ration des Soci\u00e9t\u00e9s Coop\u00e9ratives des Producteurs de Coton du Mali, le ministre de la Sant\u00e9 et du D\u00e9veloppement social et le ministre du D\u00e9veloppement rural ont saisi le Tribunal de Grande Instance de la Commune III du District de Bamako par une requ\u00eate en date du 17 ao\u00fbt 2021, aux fins de la d\u00e9signation d\u2019un mandataire judiciaire.<\/p>\n\n\n\n<p>Suivant Ordonnance gracieuse n\u00b048 TGI\/CIII BKO du 09 d\u00e9cembre 2022 du Tribunal de Grande Instance de la Commune III du District de Bamako, Monsieur Abdoulaye DIARRA, Ing\u00e9nieur agronome a \u00e9t\u00e9 d\u00e9sign\u00e9 Mandataire Adhoc en remplacement de Monsieur Souleymane FOMBA, Banquier et Juriste \u00e0 la Retraite.<\/p>\n\n\n\n<p><strong>b. de l\u2019\u00e9volution de la maladie \u00e0 Coronavirus marqu\u00e9e par une augmentation du&nbsp;<\/strong><strong>nombre de cas test\u00e9s positifs par rapport \u00e0 la semaine pr\u00e9c\u00e9dente.<\/strong><\/p>\n\n\n\n<p>Le Pr\u00e9sident de la Transition, Chef de l\u2019Etat a appel\u00e9 la population au respect strict des mesures de pr\u00e9vention et de lutte contre la maladie.<\/p>\n\n\n\n<p>Bamako, le 21 d\u00e9cembre 2022<\/p>\n\n\n\n<p><strong>Le Secr\u00e9taire g\u00e9n\u00e9ral du Gouvernement<\/strong>,<\/p>\n\n\n\n<p><strong><u>Mahamadou DAGNO<br><\/u><\/strong><em><strong>Officier de l\u2019Ordre national<\/strong><\/em><\/p>\n\n\n\n<p>Maliweb<\/p>\n","protected":false},"excerpt":{"rendered":"<p>Le Conseil des Ministres s\u2019est r\u00e9uni en session ordinaire,&nbsp;le mercredi 21 d\u00e9cembre 2022, dans sa salle de d\u00e9lib\u00e9rations au Palais de Koulouba, sous la pr\u00e9sidence du&nbsp;Colonel Assimi&nbsp;GOITA,&nbsp;Pr\u00e9sident de la Transition,&nbsp;Chef&hellip;<\/p>\n","protected":false},"author":1,"featured_media":8749,"comment_status":"open","ping_status":"closed","sticky":false,"template":"","format":"standard","meta":{"content-type":"","_lmt_disableupdate":"","_lmt_disable":"","_jetpack_memberships_contains_paid_content":false,"footnotes":"","jetpack_publicize_message":"","jetpack_publicize_feature_enabled":true,"jetpack_social_post_already_shared":true,"jetpack_social_options":{"image_generator_settings":{"template":"highway","default_image_id":0,"font":"","enabled":false},"version":2}},"categories":[28,43],"tags":[],"class_list":["post-10886","post","type-post","status-publish","format-standard","has-post-thumbnail","hentry","category-communique-du-conseil-des-ministres","category-nandi-info"],"jetpack_publicize_connections":[],"featured_image_urls":{"full":"","thumbnail":"","medium":"","medium_large":"","large":"","1536x1536":"","2048x2048":"","penci-recipe-1200x1200":"","penci-recipe-1200x900":"","penci-recipe-1200x675":"","penci-single-full":"","penci-slider-full-thumb":"","penci-full-thumb":"","penci-slider-thumb":"","penci-magazine-slider":"","penci-thumb":"","penci-masonry-thumb":"","penci-thumb-square":"","penci-thumb-vertical":"","penci-thumb-small":""},"author_info":{"display_name":"Nandi","author_link":"https:\/\/nandi.info\/?author=1"},"category_info":"<a href=\"https:\/\/nandi.info\/?cat=28\" rel=\"category\">Communique du conseil des ministres<\/a> <a href=\"https:\/\/nandi.info\/?cat=43\" rel=\"category\">Nandi.info<\/a>","tag_info":"Nandi.info","comment_count":"0","jetpack_featured_media_url":"","jetpack_sharing_enabled":true,"_links":{"self":[{"href":"https:\/\/nandi.info\/index.php?rest_route=\/wp\/v2\/posts\/10886","targetHints":{"allow":["GET"]}}],"collection":[{"href":"https:\/\/nandi.info\/index.php?rest_route=\/wp\/v2\/posts"}],"about":[{"href":"https:\/\/nandi.info\/index.php?rest_route=\/wp\/v2\/types\/post"}],"author":[{"embeddable":true,"href":"https:\/\/nandi.info\/index.php?rest_route=\/wp\/v2\/users\/1"}],"replies":[{"embeddable":true,"href":"https:\/\/nandi.info\/index.php?rest_route=%2Fwp%2Fv2%2Fcomments&post=10886"}],"version-history":[{"count":0,"href":"https:\/\/nandi.info\/index.php?rest_route=\/wp\/v2\/posts\/10886\/revisions"}],"wp:featuredmedia":[{"embeddable":true,"href":"https:\/\/nandi.info\/index.php?rest_route=\/"}],"wp:attachment":[{"href":"https:\/\/nandi.info\/index.php?rest_route=%2Fwp%2Fv2%2Fmedia&parent=10886"}],"wp:term":[{"taxonomy":"category","embeddable":true,"href":"https:\/\/nandi.info\/index.php?rest_route=%2Fwp%2Fv2%2Fcategories&post=10886"},{"taxonomy":"post_tag","embeddable":true,"href":"https:\/\/nandi.info\/index.php?rest_route=%2Fwp%2Fv2%2Ftags&post=10886"}],"curies":[{"name":"wp","href":"https:\/\/api.w.org\/{rel}","templated":true}]}}