{"id":10883,"date":"2022-12-21T11:06:55","date_gmt":"2022-12-21T10:06:55","guid":{"rendered":"https:\/\/nandi.info\/?p=10883"},"modified":"2022-12-21T11:06:55","modified_gmt":"2022-12-21T10:06:55","slug":"insecurite-le-retour-du-spectre-des-otages","status":"publish","type":"post","link":"https:\/\/nandi.info\/?p=10883","title":{"rendered":"Ins\u00e9curit\u00e9 : Le retour du spectre des otages"},"content":{"rendered":"\n<p><strong>La plus grande peur de certains observateurs est que le Mali retombe dans le cycle des prises d\u2019otages qui alimentent le terrorisme. Les \u00e9v\u00e8nements r\u00e9cents montrent une tendance du retour des preneurs d\u2019otages. On se souvient notamment de l\u2019op\u00e9ration sp\u00e9ciale qui a lib\u00e9r\u00e9 trois otages chinois au cours de l\u2019ann\u00e9e. Il y a eu aussi la lib\u00e9ration r\u00e9ussie de la religieuse colombienne S\u0153ur Gloria. Mais depuis, plus aucun otage \u00e9tranger n\u2019a \u00e9t\u00e9 lib\u00e9r\u00e9 des mains des terroristes au Mali. Pourtant, le pr\u00e9sident Go\u00efta avait r\u00e9it\u00e9r\u00e9 \u00e0 un \u00e9missaire am\u00e9ricain la disposition du Mali \u00e0 soutenir tous les efforts visant \u00e0 la lib\u00e9ration des autres otages.<\/strong><\/p>\n\n\n\n<p class=\"has-drop-cap\">Selon des experts, il y a au moins six Occidentaux otages au Sahel dont deux Am\u00e9ricains. Le premier Am\u00e9ricain, Jeffrey Woodke, est un humanitaire chr\u00e9tien qui venait en aide aux populations nomades avec une ONG \u00e0 Abalak au Niger. C\u2019est dans ce pays qu\u2019il a \u00e9t\u00e9 enlev\u00e9 le 14 octobre 2016 et conduit au Mali. Sa compatriote Suellen Tennyson, une religieuse de plus de 83 ans avait \u00e9t\u00e9 enlev\u00e9e par des hommes arm\u00e9s non identifi\u00e9s, dans la nuit du 4 au 5 avril 2022 dans la paroisse de Yalgo dans le nord du Burkina Faso.<\/p>\n\n\n\n<p>\u00c0 ces deux Am\u00e9ricains s\u2019ajoutent d\u2019autres \u00e9trangers : allemand, australien, italien, roumain ou togolais. Beaucoup pensent qu\u2019ils sont d\u00e9tenus au Mali. Il y a le journaliste Fran\u00e7ais Olivier Dubois. L\u2019Allemand J\u00f6rg Lange, qui travaillait pour une ONG, avait \u00e9t\u00e9 enlev\u00e9 le 11 avril 2018 dans l\u2019ouest du Niger et emmen\u00e9 vers le nord, non loin de la fronti\u00e8re malienne. Arthur Kenneth Elliott, un Australien \u00e2g\u00e9 de 82 ans et chirurgien de profession, avait \u00e9t\u00e9 kidnapp\u00e9 au Burkina Faso le 15 janvier 2016 avec son \u00e9pouse Jocelyn, une prise d\u2019otage revendiqu\u00e9 par le groupe djihadiste Ansar Dine.<\/p>\n\n\n\n<p>Le Roumain Iulian Ghergut, officier de s\u00e9curit\u00e9 dans une mine de mangan\u00e8se dans le nord du Burkina Faso, pr\u00e8s des fronti\u00e8res du Mali et du Niger, a \u00e9t\u00e9 captur\u00e9 le 4 avril 2015 par des hommes arm\u00e9s. Au mois de mai dernier, un couple italien avec leur enfant et un Togolais avaient \u00e9t\u00e9 enlev\u00e9s par des hommes arm\u00e9s non identifi\u00e9s \u00e0 Sincina dans le cercle de Koutiala pr\u00e8s de la fronti\u00e8re avec le Burkina Faso.<\/p>\n\n\n\n<p>C\u2019est dans ce contexte qu\u2019il y a quelque mois, le pr\u00e9sident de la Transition a re\u00e7u en audience, l\u2019envoy\u00e9 sp\u00e9cial du pr\u00e9sident am\u00e9ricain, charg\u00e9 des questions d\u2019otages, Roger Carstens. Les \u00e9changes entre les deux parties ont port\u00e9 notamment sur les efforts mutuels \u00e0 d\u00e9ployer par les deux pays pour lib\u00e9rer les otages am\u00e9ricains et d\u2019autres \u00e9trangers aux mains des groupes terroristes au Mali. La d\u00e9l\u00e9gation am\u00e9ricaine a trouv\u00e9 que le Pr\u00e9sident de la Transition est dans de bonnes dispositions pour aider les otages de toutes les nationalit\u00e9s.<\/p>\n\n\n\n<p>Aujourd\u2019hui, de nombreuses questions se posent au sujet des disparitions de personnes comme le p\u00e8re blanc que l\u2019on continue de rechercher. Les djihadistes ont-ils pu enlever un missionnaire chr\u00e9tien \u00e0 Bamako au c\u0153ur de la capitale malienne ? La question est pos\u00e9e de plus en plus depuis le 20 novembre, date \u00e0 laquelle le p\u00e8re Hans Joachim Lohre, membre des Missionnaires d\u2019Afrique, est port\u00e9 disparu. Pour l\u2019instant, c\u2019est seulement sa voiture qui a \u00e9t\u00e9 retrouv\u00e9e avec la porte ouverte. Les proches et la communaut\u00e9 du pr\u00eatre ont fait part de leur inqui\u00e9tude. Le vieux pr\u00eatre enseignait \u00e0 Bamako devait se rendre dans sa communaut\u00e9 de Kalaban Coura pour la messe dominicale, mais depuis, il n\u2019y aucune nouvelle de lui, selon ses proches.<\/p>\n\n\n\n<p>Plus de vingt jours apr\u00e8s sa disparition, aucune revendication ni demande de ran\u00e7on n\u2019a \u00e9t\u00e9 faite. Les enqu\u00eates sont en cours et il n\u2019y a toujours aucune piste encore moins une nouvelle du p\u00e8re blanc. Beaucoup se demandent si l\u2019on a \u00e0 faire \u00e0 une simple criminalit\u00e9. Les questions autour de cette disparition restent encore en suspens, selon les sp\u00e9cialistes qui savent que les enl\u00e8vements r\u00e9cents \u00e0 Bamako ne sont pas tous l\u2019\u0153uvre de terroristes assoiff\u00e9s d\u2019argent.<\/p>\n\n\n\n<p>Il y a quelques semaines, les forces sp\u00e9ciales maliennes ont mis aux arr\u00eats des preneurs d\u2019otages \u00e0 Bamako. Plusieurs \u00e9trangers \u00e9taient parmi les ravisseurs dont des Fran\u00e7ais. Ces malfrats motiv\u00e9s par le gain facile \u00e9taient venus \u00e0 Bamako pour prendre en otage les membres d\u2019une famille et avaient r\u00e9clam\u00e9 pr\u00e8s d\u2019un milliard de FCFA comme ran\u00e7on. Pour le cas du p\u00e8re Joachim, la th\u00e8se d\u2019un enl\u00e8vement par les groupes djihadistes dans la capitale n\u2019est pas \u00e0 \u00e9carter.<\/p>\n\n\n\n<p>Certains &nbsp;affirment que le pr\u00eatre serait aux mains du JNIM, ce groupe djihadiste affili\u00e9 \u00e0 Al-Qaida. Dirig\u00e9 par Iyad Ag Ghali, ce groupe fait d\u2019habitude de la prise d\u2019otage son principal business. Le groupe d\u2019Iyad n\u2019en est pas \u00e0 son premier enl\u00e8vement dans la communaut\u00e9 chr\u00e9tienne du Mali. En f\u00e9vrier 2017, la s\u0153ur colombienne, Gloria Cecilia Narv\u00e1ez, a \u00e9t\u00e9 enlev\u00e9e par des membres du JNIM et lib\u00e9r\u00e9e plus de 4 ans plus tard contre une ran\u00e7on de centaines de milliers d\u2019euros pay\u00e9e par le Vatican.<\/p>\n\n\n\n<p>On raconte que le p\u00e8re Joachim est un grand connaisseur du Mali o\u00f9 il r\u00e9sidait depuis 30 ans. Le missionnaire d\u2019origine allemande avait pour mission, au sein de l\u2019Institut de formation islamo-chr\u00e9tienne de Bamako, la formation de la\u00efcs et religieux dans l\u2019objectif de promouvoir le dialogue entre chr\u00e9tiens et musulmans. Partenaire de l\u2019Aide \u00e0 l\u2019\u00c9glise en D\u00e9tresse (AED), il avait d\u00e9j\u00e0 \u00e9voqu\u00e9 aupr\u00e8s de l\u2019ONG le danger qui le mena\u00e7ait.<\/p>\n\n\n\n<p>Selon plusieurs sources, la plupart des prises d\u2019otages est l\u2019\u0153uvre de la katibat Macina, un groupe djihadiste actif dans le centre du Mali.<\/p>\n\n\n\n<p>Faut-il le rappeler, en novembre 2018, l\u2019arm\u00e9e fran\u00e7aise avait annonc\u00e9 avoir \u00ab probablement \u00bb tu\u00e9 son chef, Amadou Koufa, ce qui s\u2019est r\u00e9v\u00e9l\u00e9 faux. L\u2019information avait ensuite \u00e9t\u00e9 confirm\u00e9e par le gouvernement malien, puis d\u00e9mentie par les faits : Amadou Koufa est r\u00e9apparu dans une vid\u00e9o, et un dernier message diffus\u00e9 d\u00e9but mai sur les r\u00e9seaux sociaux lui est encore attribu\u00e9.<\/p>\n\n\n\n<p>A la t\u00eate de la katiba Macina, ce pr\u00e9dicateur radical est devenu ces derni\u00e8res ann\u00e9es une figure du djihadisme au Mali, et par extension au Sahel. Plus qu\u2019un chef militaire, Amadou Koufa est un guide spirituel, catalyseur des frustrations des jeunes de sa r\u00e9gion, principalement issus de la communaut\u00e9 peule, frustrations exploit\u00e9es pour le projet djihadiste global. Ag\u00e9 d\u2019une soixantaine d\u2019ann\u00e9es, il est devenu en janvier 2015 le fer de lance de l\u2019insurrection islamiste dans le centre du Mali, d\u00e9sormais principal foyer de tensions de la r\u00e9gion.<\/p>\n\n\n\n<p>D\u00e9but mars 2017, il appara\u00eet aux c\u00f4t\u00e9s du Touareg malien Iyad Ag Ghali et de t\u00e9nors d\u2019Al-Qaida au Maghreb islamique (AQMI) et d\u2019Al-Mourabitoune, sur une vid\u00e9o ent\u00e9rinant la fusion de leurs mouvements au sein du Groupe pour le soutien de l\u2019islam et des musulmans (GSIM). Tous ces hommes se placent alors sous le commandement d\u2019Iyad Ag-Ghali, confirmant une nouvelle fois la strat\u00e9gie d\u2019ancrage local voulue par les chefs alg\u00e9riens d\u2019AQMI.<\/p>\n\n\n\n<p>Une forme de cons\u00e9cration d\u2019Amadou Koufa intervient le 8 novembre 2018 avec la publication d\u2019une nouvelle vid\u00e9o de propagande o\u00f9, cette fois, l\u2019homme n\u2019est plus en retrait mais face cam\u00e9ra, flanqu\u00e9 de son mentor et de l\u2019Alg\u00e9rien Djamel Okacha, qui aurait \u00e9t\u00e9 tu\u00e9 en f\u00e9vrier par l\u2019arm\u00e9e fran\u00e7aise. Le pr\u00e9dicateur accuse alors la France d\u2019avoir envoy\u00e9 \u00ab ses chiens dans le Macina \u00bb mais, surtout, son message est pour la premi\u00e8re fois clairement destin\u00e9 \u00e0 rallier \u00e0 la cause djihadiste, bien au-del\u00e0 de sa r\u00e9gion, les Peuls \u00ab massacr\u00e9s parce qu\u2019ils ont \u00e9lev\u00e9 le drapeau de l\u2019islam \u00bb.<\/p>\n\n\n\n<p><strong>Nampaga KONE<\/strong><\/p>\n\n\n\n<p><strong>La Preuve<\/strong><\/p>\n","protected":false},"excerpt":{"rendered":"<p>La plus grande peur de certains observateurs est que le Mali retombe dans le cycle des prises d\u2019otages qui alimentent le terrorisme. Les \u00e9v\u00e8nements r\u00e9cents montrent une tendance du retour&hellip;<\/p>\n","protected":false},"author":1,"featured_media":10884,"comment_status":"open","ping_status":"closed","sticky":false,"template":"","format":"standard","meta":{"content-type":"","_lmt_disableupdate":"","_lmt_disable":"","_jetpack_memberships_contains_paid_content":false,"footnotes":"","jetpack_publicize_message":"","jetpack_publicize_feature_enabled":true,"jetpack_social_post_already_shared":true,"jetpack_social_options":{"image_generator_settings":{"template":"highway","default_image_id":0,"font":"","enabled":false},"version":2}},"categories":[49,77],"tags":[],"class_list":["post-10883","post","type-post","status-publish","format-standard","has-post-thumbnail","hentry","category-insecurite","category-la-preuve"],"jetpack_publicize_connections":[],"featured_image_urls":{"full":"","thumbnail":"","medium":"","medium_large":"","large":"","1536x1536":"","2048x2048":"","penci-recipe-1200x1200":"","penci-recipe-1200x900":"","penci-recipe-1200x675":"","penci-single-full":"","penci-slider-full-thumb":"","penci-full-thumb":"","penci-slider-thumb":"","penci-magazine-slider":"","penci-thumb":"","penci-masonry-thumb":"","penci-thumb-square":"","penci-thumb-vertical":"","penci-thumb-small":""},"author_info":{"display_name":"Nandi","author_link":"https:\/\/nandi.info\/?author=1"},"category_info":"<a href=\"https:\/\/nandi.info\/?cat=49\" rel=\"category\">Ins\u00e9curit\u00e9<\/a> <a href=\"https:\/\/nandi.info\/?cat=77\" rel=\"category\">La preuve<\/a>","tag_info":"La preuve","comment_count":"0","jetpack_featured_media_url":"","jetpack_sharing_enabled":true,"_links":{"self":[{"href":"https:\/\/nandi.info\/index.php?rest_route=\/wp\/v2\/posts\/10883","targetHints":{"allow":["GET"]}}],"collection":[{"href":"https:\/\/nandi.info\/index.php?rest_route=\/wp\/v2\/posts"}],"about":[{"href":"https:\/\/nandi.info\/index.php?rest_route=\/wp\/v2\/types\/post"}],"author":[{"embeddable":true,"href":"https:\/\/nandi.info\/index.php?rest_route=\/wp\/v2\/users\/1"}],"replies":[{"embeddable":true,"href":"https:\/\/nandi.info\/index.php?rest_route=%2Fwp%2Fv2%2Fcomments&post=10883"}],"version-history":[{"count":0,"href":"https:\/\/nandi.info\/index.php?rest_route=\/wp\/v2\/posts\/10883\/revisions"}],"wp:featuredmedia":[{"embeddable":true,"href":"https:\/\/nandi.info\/index.php?rest_route=\/"}],"wp:attachment":[{"href":"https:\/\/nandi.info\/index.php?rest_route=%2Fwp%2Fv2%2Fmedia&parent=10883"}],"wp:term":[{"taxonomy":"category","embeddable":true,"href":"https:\/\/nandi.info\/index.php?rest_route=%2Fwp%2Fv2%2Fcategories&post=10883"},{"taxonomy":"post_tag","embeddable":true,"href":"https:\/\/nandi.info\/index.php?rest_route=%2Fwp%2Fv2%2Ftags&post=10883"}],"curies":[{"name":"wp","href":"https:\/\/api.w.org\/{rel}","templated":true}]}}