{"id":10866,"date":"2022-12-21T10:34:33","date_gmt":"2022-12-21T09:34:33","guid":{"rendered":"https:\/\/nandi.info\/?p=10866"},"modified":"2022-12-21T10:34:33","modified_gmt":"2022-12-21T09:34:33","slug":"detention-darmes-de-guerre-par-sekou-bolly-mohamed-cherif-haidara-interpelle-les-autorites-de-la-transition","status":"publish","type":"post","link":"https:\/\/nandi.info\/?p=10866","title":{"rendered":"D\u00e9tention d\u2019armes de guerre par Sekou Bolly : Mohamed Ch\u00e9rif Ha\u00efdara interpelle les autorit\u00e9s de la transition"},"content":{"rendered":"\n<p><strong>A l\u2019occasion de son passage sur le plateau de Joliba Tv news, le pr\u00e9sident du Conseil Sup\u00e9rieur de la Diaspora Malienne (CSDM) non moins 4<sup>\u00e8me<\/sup>&nbsp;vice-pr\u00e9sident de TabitalPulaaku, Mohamed Ch\u00e9rif Ha\u00efdara a d\u00e9nonc\u00e9 S\u00e9kou Bolly aupr\u00e8s des autorit\u00e9s judiciaires. Il a interpell\u00e9 les autorit\u00e9s maliennes, notamment les procureurs non seulement sur les propos de S\u00e9kou Bolly mais aussi la d\u00e9tention qu\u2019il juge ill\u00e9gale d\u2019armes de guerre par ce dernier.<\/strong><\/p>\n\n\n\n<p class=\"has-drop-cap\">Dans un pays comme le n\u00f4tre en proie \u00e0 l\u2019ins\u00e9curit\u00e9, Mohamed Ch\u00e9rif Ha\u00efdara juge intol\u00e9rables les propos de S\u00e9kou Bolly et la d\u00e9tention ill\u00e9gale d\u2019armes de guerre par ce dernier dans une interview. Lors de son passage sur les antennes de Joliba Tv, le pr\u00e9sident du CSDM, interrog\u00e9 sur la question, n\u2019a pas m\u00e2ch\u00e9 ses mots. Il a crach\u00e9 ses v\u00e9rit\u00e9s \u00e0 qui veut l\u2019entendre. Faisant enti\u00e8rement confiance en la justice, il a interpell\u00e9 les autorit\u00e9s maliennes, particuli\u00e8rement les Procureurs.&nbsp;<em>\u00ab&nbsp;La suite r\u00e9serv\u00e9e aux propos de S\u00e9kou Bolly incombe \u00e0 la justice malienne&nbsp;\u00bb,&nbsp;<\/em>a-t-il laiss\u00e9 entendre. Selon lui,<\/p>\n\n\n\n<p>Pour lui, il est inconcevable qu\u2019un un charg\u00e9 de mission dans un minist\u00e8re en charge de la R\u00e9conciliation et&nbsp;<em>\u00ab&nbsp;se mette \u00e0 menacer, \u00e0 vilipender, \u00e0 insulter le peul avec une kalachnikov double-chargeur&nbsp;\u00bb<\/em>. Face \u00e0 la gravit\u00e9 de la situation, il a interpell\u00e9 les autorit\u00e9s, et plus pr\u00e9cis\u00e9ment le tribunal de la commune IV.&nbsp;<em>\u00ab&nbsp;Toutes les autorit\u00e9s sont interpell\u00e9es. Un citoyen ne doit pas avoir une kalachnikov avec des chargeurs et qui menace toute une communaut\u00e9, qui menace tous les leaders, les notables, les cadres peuls \u00e0 Bamako. Il doit \u00eatre interpell\u00e9. Le minist\u00e8re de la justice doit se saisir rapidement et l\u2019interpeller&nbsp;\u00bb, a-t-il d\u00e9fendu avant d\u2019ajouter qu\u2019il est&nbsp;<\/em>inconcevable quelqu\u2019un qui est charg\u00e9 de r\u00e9concilier les Maliens, de recoudre le tissu social, se fasse filmer avec une arme de guerre. Il doit \u00eatre interpell\u00e9, insistera Mohamed Ch\u00e9rif Ha\u00efdara.<\/p>\n\n\n\n<p>Outre cette sortie de Mohamed Cherif Ha\u00efdara, des sources concordantes confient que des d\u00e9nonciations anonymes ont \u00e9t\u00e9 faites contre S\u00e9kou Bolly aupr\u00e8s des autorit\u00e9s judiciaires. Parmi ces autorit\u00e9s figurent les Procureurs des communes IV et VI ainsi que le ministre de la Justice et des droits de l\u2019homme, Mamoudou Kassogu\u00e9.&nbsp;<em>\u00ab&nbsp;Je viens, par la pr\u00e9sente, d\u00e9noncer aupr\u00e8s de vous le comportement de Monsieur S\u00e9kou Bolly, charg\u00e9 de missions au d\u00e9partement de la R\u00e9conciliation Nationale qui, selon moi, est susceptible de recevoir une qualification p\u00e9nale.<\/em><\/p>\n\n\n\n<p><em>En effet, \u00e0 l\u2019occasion d\u2019un entretien dans les r\u00e9seaux sociaux accord\u00e9 par cet individu \u00e0 des comptes Facebook de la place, il m\u2019est donn\u00e9 de constater la pr\u00e9sence d\u2019une arme de guerre \u00e0 ses c\u00f4t\u00e9s alors m\u00eame qu\u2019il n\u2019est pas militaire&nbsp;\u00bb,<\/em>&nbsp;a-t-on lu dans la lettre de d\u00e9nonciation qui nous est parvenues.<\/p>\n\n\n\n<p><strong>Oumar KONATE<\/strong><\/p>\n","protected":false},"excerpt":{"rendered":"<p>A l\u2019occasion de son passage sur le plateau de Joliba Tv news, le pr\u00e9sident du Conseil Sup\u00e9rieur de la Diaspora Malienne (CSDM) non moins 4\u00e8me&nbsp;vice-pr\u00e9sident de TabitalPulaaku, Mohamed Ch\u00e9rif Ha\u00efdara&hellip;<\/p>\n","protected":false},"author":1,"featured_media":10869,"comment_status":"open","ping_status":"closed","sticky":false,"template":"","format":"standard","meta":{"content-type":"","_lmt_disableupdate":"","_lmt_disable":"","_jetpack_memberships_contains_paid_content":false,"footnotes":"","jetpack_publicize_message":"","jetpack_publicize_feature_enabled":true,"jetpack_social_post_already_shared":true,"jetpack_social_options":{"image_generator_settings":{"template":"highway","default_image_id":0,"font":"","enabled":false},"version":2}},"categories":[77,21],"tags":[],"class_list":["post-10866","post","type-post","status-publish","format-standard","has-post-thumbnail","hentry","category-la-preuve","category-societe"],"jetpack_publicize_connections":[],"featured_image_urls":{"full":"","thumbnail":"","medium":"","medium_large":"","large":"","1536x1536":"","2048x2048":"","penci-recipe-1200x1200":"","penci-recipe-1200x900":"","penci-recipe-1200x675":"","penci-single-full":"","penci-slider-full-thumb":"","penci-full-thumb":"","penci-slider-thumb":"","penci-magazine-slider":"","penci-thumb":"","penci-masonry-thumb":"","penci-thumb-square":"","penci-thumb-vertical":"","penci-thumb-small":""},"author_info":{"display_name":"Nandi","author_link":"https:\/\/nandi.info\/?author=1"},"category_info":"<a href=\"https:\/\/nandi.info\/?cat=77\" rel=\"category\">La preuve<\/a> <a href=\"https:\/\/nandi.info\/?cat=21\" rel=\"category\">Soci\u00e9t\u00e9<\/a>","tag_info":"Soci\u00e9t\u00e9","comment_count":"0","jetpack_featured_media_url":"","jetpack_sharing_enabled":true,"_links":{"self":[{"href":"https:\/\/nandi.info\/index.php?rest_route=\/wp\/v2\/posts\/10866","targetHints":{"allow":["GET"]}}],"collection":[{"href":"https:\/\/nandi.info\/index.php?rest_route=\/wp\/v2\/posts"}],"about":[{"href":"https:\/\/nandi.info\/index.php?rest_route=\/wp\/v2\/types\/post"}],"author":[{"embeddable":true,"href":"https:\/\/nandi.info\/index.php?rest_route=\/wp\/v2\/users\/1"}],"replies":[{"embeddable":true,"href":"https:\/\/nandi.info\/index.php?rest_route=%2Fwp%2Fv2%2Fcomments&post=10866"}],"version-history":[{"count":0,"href":"https:\/\/nandi.info\/index.php?rest_route=\/wp\/v2\/posts\/10866\/revisions"}],"wp:featuredmedia":[{"embeddable":true,"href":"https:\/\/nandi.info\/index.php?rest_route=\/"}],"wp:attachment":[{"href":"https:\/\/nandi.info\/index.php?rest_route=%2Fwp%2Fv2%2Fmedia&parent=10866"}],"wp:term":[{"taxonomy":"category","embeddable":true,"href":"https:\/\/nandi.info\/index.php?rest_route=%2Fwp%2Fv2%2Fcategories&post=10866"},{"taxonomy":"post_tag","embeddable":true,"href":"https:\/\/nandi.info\/index.php?rest_route=%2Fwp%2Fv2%2Ftags&post=10866"}],"curies":[{"name":"wp","href":"https:\/\/api.w.org\/{rel}","templated":true}]}}