{"id":10810,"date":"2022-12-19T13:54:29","date_gmt":"2022-12-19T12:54:29","guid":{"rendered":"https:\/\/nandi.info\/?p=10810"},"modified":"2022-12-19T13:54:29","modified_gmt":"2022-12-19T12:54:29","slug":"la-carte-didentite-biometrique-de-la-cedeao-serait-elle-inaccessible-comme-la-carte-nina","status":"publish","type":"post","link":"https:\/\/nandi.info\/?p=10810","title":{"rendered":"La carte d\u2019identit\u00e9 biom\u00e9trique de la CEDEAO : Serait-elle inaccessible comme la carte Nina ?"},"content":{"rendered":"\n<p><strong>Le 8 d\u00e9cembre dernier, une d\u00e9l\u00e9gation minist\u00e9rielle conduite par le ministre de l\u2019administration territoriale et de la d\u00e9centralisation, Porte-parole du gouvernement, Colonel Abdoulaye Maiga s\u2019est rendue au si\u00e8ge de la soci\u00e9t\u00e9 en charge de la confection de la nouvelle carte d\u2019identit\u00e9 biom\u00e9trique de la CEDEAO qui est&nbsp; actuellement disponible au Mali. Selon les informations, cette carte biom\u00e9trique va remplacer la carte Nina qui a \u00e9t\u00e9 plus une source de probl\u00e8me qu\u2019un soulagement pour la population. Ainsi la population esp\u00e8re qu\u2019elle ne serait pas autant inaccessible comme pour les autres surtout la carte Nina et la carte d\u2019identit\u00e9 nationale.<\/strong><\/p>\n\n\n\n<p class=\"has-drop-cap\">En effet, le pr\u00e9sident de la transition le Colonel Assimi Go\u00efta, a pris un d\u00e9cret le 3 novembre dernier portant institution et r\u00e9glementation de la carte d\u2019identit\u00e9 biom\u00e9trique s\u00e9curis\u00e9e, conform\u00e9ment aux normes de la Communaut\u00e9 Economique des Etats de l\u2019Afrique de l\u2019Ouest (CEDEAO). Selon le document du gouvernement, la premi\u00e8re dotation est gratuite mais le renouvellement est payant, \u00e0 savoir qu\u2019elle est n\u00e9cessaire \u00e0 partir de 15 ans avec une dur\u00e9e de validit\u00e9 de 5 ans.<\/p>\n\n\n\n<p>Au Mali l\u2019obtention d\u2019un papier qui identifie une personne est tout un tas de probl\u00e8me pour les citoyens. Pour rappel la carte nationale pour l\u2019avoir il faut se lever tr\u00e8s t\u00f4t afin de l\u2019avoir pendant cette journ\u00e9e. La carte NINA n\u2019en parlons pas elle a \u00e9t\u00e9 un pr\u00e9cieux s\u00e9same pour les maliens \u00e0 l\u2019int\u00e9rieur tout comme \u00e0 l\u2019ext\u00e9rieur. C\u2019est n\u2019est plus un secret pour tout le monde, l\u2019obtention de cette fameuse carte \u00e9tait devenue une source de toutes sortes d\u2019angoisses chez les citoyens maliens avant d\u2019\u00eatre suspendue. Pour l\u2019avoir aussi il faut au moins 3 ans sans compter toutes les \u00e9nergies qu\u2019on fournisse. Sans oublier les maliens qui sont \u00e0 l\u2019ext\u00e9rieur et nombreux ont \u00e9t\u00e9 sous menace d\u2019expulsion parce qu\u2019ils n\u2019ont pas pu renouveler leur passeport qui \u00e9tait arriv\u00e9 \u00e0 l\u2019expiration, \u00e0 cause du d\u00e9faut de la carte NINA.<\/p>\n\n\n\n<p>Malgr\u00e9 tous ces obstacles, les maliens sont tr\u00e8s contents&nbsp; de la mise \u00e0 disposition&nbsp; de ce nouveau s\u00e9same, qui permettrait \u00e0 la diaspora malienne et m\u00eame ceux de l\u2019int\u00e9rieure d\u2019avoir une pi\u00e8ce d\u2019identit\u00e9 sans beaucoup de tracasserie et pour une longue dur\u00e9e. A rappeler que l\u2019entr\u00e9e en vigueur de la Carte nationale d\u2019identit\u00e9 biom\u00e9trique s\u00e9curis\u00e9e met fin \u00e0 la production et \u00e0 la d\u00e9livrance de la carte Nina, la carte d\u2019identit\u00e9 nationale et la carte consulaire avait signal\u00e9 le gouvernement. Et la Carte nationale d\u2019identit\u00e9 biom\u00e9trique s\u00e9curis\u00e9e remplace de plein droit la carte Nina, la carte d\u2019identit\u00e9 nationale et la carte consulaire.<\/p>\n\n\n\n<p>En somme, cette d\u00e9cision a \u00e9t\u00e9 salu\u00e9e par l\u2019ensemble des maliens car elle consolide les relations entre le Mali et ses pays fr\u00e8res de la CEDEAO.<\/p>\n\n\n\n<p><strong>Oumou SISSOKO<\/strong><\/p>\n\n\n\n<p><strong>L&rsquo;Alternance<\/strong><\/p>\n","protected":false},"excerpt":{"rendered":"<p>Le 8 d\u00e9cembre dernier, une d\u00e9l\u00e9gation minist\u00e9rielle conduite par le ministre de l\u2019administration territoriale et de la d\u00e9centralisation, Porte-parole du gouvernement, Colonel Abdoulaye Maiga s\u2019est rendue au si\u00e8ge de la&hellip;<\/p>\n","protected":false},"author":1,"featured_media":10815,"comment_status":"open","ping_status":"closed","sticky":false,"template":"","format":"standard","meta":{"content-type":"","_lmt_disableupdate":"","_lmt_disable":"","_jetpack_memberships_contains_paid_content":false,"footnotes":"","jetpack_publicize_message":"","jetpack_publicize_feature_enabled":true,"jetpack_social_post_already_shared":true,"jetpack_social_options":{"image_generator_settings":{"template":"highway","default_image_id":0,"font":"","enabled":false},"version":2}},"categories":[46,68,92],"tags":[],"class_list":["post-10810","post","type-post","status-publish","format-standard","has-post-thumbnail","hentry","category-cedeao","category-lalternance","category-slider"],"jetpack_publicize_connections":[],"featured_image_urls":{"full":"","thumbnail":"","medium":"","medium_large":"","large":"","1536x1536":"","2048x2048":"","penci-recipe-1200x1200":"","penci-recipe-1200x900":"","penci-recipe-1200x675":"","penci-single-full":"","penci-slider-full-thumb":"","penci-full-thumb":"","penci-slider-thumb":"","penci-magazine-slider":"","penci-thumb":"","penci-masonry-thumb":"","penci-thumb-square":"","penci-thumb-vertical":"","penci-thumb-small":""},"author_info":{"display_name":"Nandi","author_link":"https:\/\/nandi.info\/?author=1"},"category_info":"<a href=\"https:\/\/nandi.info\/?cat=46\" rel=\"category\">CEDEAO<\/a> <a href=\"https:\/\/nandi.info\/?cat=68\" rel=\"category\">L'alternance<\/a> <a href=\"https:\/\/nandi.info\/?cat=92\" rel=\"category\">Slider<\/a>","tag_info":"Slider","comment_count":"0","jetpack_featured_media_url":"","jetpack_sharing_enabled":true,"_links":{"self":[{"href":"https:\/\/nandi.info\/index.php?rest_route=\/wp\/v2\/posts\/10810","targetHints":{"allow":["GET"]}}],"collection":[{"href":"https:\/\/nandi.info\/index.php?rest_route=\/wp\/v2\/posts"}],"about":[{"href":"https:\/\/nandi.info\/index.php?rest_route=\/wp\/v2\/types\/post"}],"author":[{"embeddable":true,"href":"https:\/\/nandi.info\/index.php?rest_route=\/wp\/v2\/users\/1"}],"replies":[{"embeddable":true,"href":"https:\/\/nandi.info\/index.php?rest_route=%2Fwp%2Fv2%2Fcomments&post=10810"}],"version-history":[{"count":0,"href":"https:\/\/nandi.info\/index.php?rest_route=\/wp\/v2\/posts\/10810\/revisions"}],"wp:featuredmedia":[{"embeddable":true,"href":"https:\/\/nandi.info\/index.php?rest_route=\/"}],"wp:attachment":[{"href":"https:\/\/nandi.info\/index.php?rest_route=%2Fwp%2Fv2%2Fmedia&parent=10810"}],"wp:term":[{"taxonomy":"category","embeddable":true,"href":"https:\/\/nandi.info\/index.php?rest_route=%2Fwp%2Fv2%2Fcategories&post=10810"},{"taxonomy":"post_tag","embeddable":true,"href":"https:\/\/nandi.info\/index.php?rest_route=%2Fwp%2Fv2%2Ftags&post=10810"}],"curies":[{"name":"wp","href":"https:\/\/api.w.org\/{rel}","templated":true}]}}