{"id":10717,"date":"2022-12-15T10:42:49","date_gmt":"2022-12-15T09:42:49","guid":{"rendered":"https:\/\/nandi.info\/?p=10717"},"modified":"2022-12-15T10:42:49","modified_gmt":"2022-12-15T09:42:49","slug":"un-an-les-realisations-et-limpact-des-anr","status":"publish","type":"post","link":"https:\/\/nandi.info\/?p=10717","title":{"rendered":"Un an : Les r\u00e9alisations et l\u2019impact des ANR"},"content":{"rendered":"\n<p><strong>Le ministre de la Refondation de l\u2019\u00c9tat, charg\u00e9 des relations avec les institutions, Ibrahim Ikassa Ma\u00efga \u00e9tait, en fin de la semaine derni\u00e8re, au micro de l\u2019ORTM \u00e0 l\u2019occasion de l\u2019an I de la tenue des Assises nationales de la refondation. L\u2019Occasion pour lui de faire le point sur la mise en \u0153uvre des recommandations issues des ANR.<\/strong><\/p>\n\n\n\n<p><em>\u00ab&nbsp;11 d\u00e9cembre 2021 d\u00e9marrait un processus certainement avec beaucoup de scepticisme pour certains mais nous \u00e9tions convaincus que c\u2019\u00e9tait le moyen de redonner la parole au peuple pour qu\u2019il r\u00e9actualise ses besoins, red\u00e9finit ses attentes et va \u00e0 sa mise en \u0153uvre&nbsp;\u00bb<\/em>&nbsp;a indiqu\u00e9 le ministre Ikassa Ma\u00efga, \u00e0 l\u2019entame de ses propos, sur les antennes de l\u2019ORTM. Au Mali, les r\u00e9solutions de la plupart des fora ont \u00e9t\u00e9 mises dans les tiroirs. Celles des ANR seront-elles, elles aussi, mises dans les tiroirs. Non, selon le ministre de la Refondation.&nbsp;<em>\u00ab&nbsp;Les recommandations des Assises Nationales de la Refondation ne sont pas mises dans les tiroirs&nbsp;\u00bb.<\/em><\/p>\n\n\n\n<p><strong>La mise en place du Cadre strat\u00e9gique de la refondation de l\u2019\u00c9tat<\/strong><\/p>\n\n\n\n<p>Le gouvernement, selon le ministre Ibrahim Ikassa Ma\u00efga, a transform\u00e9 le rapport final des Assises National de la Refondation en outil de travail&nbsp;: le Cadre strat\u00e9gique de la refondation de l\u2019\u00c9tat.&nbsp;<em>\u00ab&nbsp;Ces recommandations ont \u00e9t\u00e9 traduites, sans d\u00e9naturation aucune, en action gouvernementale \u00e0 travers le Cadre strat\u00e9gique de la refondation de l\u2019Etat adopt\u00e9 en Conseil des ministres le 10 ao\u00fbt 2022&nbsp;\u00bb,<\/em>&nbsp;pr\u00e9cise le ministre Ibrahim Ikassa. Le ministre a rappel\u00e9 l\u2019adoption d\u2019un d\u00e9cret fixant le cadre institutionnel de pilotage du cadre strat\u00e9gique de la Refondation en vue de la mise en \u0153uvre des recommandations des ANR et la cr\u00e9ation d\u2019un comit\u00e9 ind\u00e9pendant de suivi de la mise en \u0153uvre de ces recommandations&nbsp;: le CINSERE-ANR.&nbsp;<em>\u00ab&nbsp;Aujourd\u2019hui, le Cadre strat\u00e9gique de la refondation de l\u2019Etat est le document -cadre de r\u00e9f\u00e9rence pour la programmation, la mise en \u0153uvre, le suivi et l\u2019\u00e9valuation des recommandations des Assises Nationales de la Refondation&nbsp;\u00bb<\/em>, a-t-il pr\u00e9cis\u00e9.<\/p>\n\n\n\n<p><strong>L\u2019\u00e9tat de mise en \u0153uvre des recommandations des ANR<\/strong><\/p>\n\n\n\n<p>A en croire le ministre de la Refondation, le Cadre strat\u00e9gique de la Refondation de l\u2019\u00c9tat a \u00e9t\u00e9 d\u00e9clin\u00e9 en 3 plans d\u2019actions pour la mise en \u0153uvre des 517 recommandations issues des ANR. Ils sont, entre autres&nbsp;: le plan d\u2019actions prioritaires du gouvernement de transition pour le court terme ( 2 ans pour la mise en \u0153uvre de 55 actions du CSRE)&nbsp;; le plan d\u2019action prioritaires compl\u00e9mentaires du gouvernement pour le moyen terme ( 3 \u00e0 4 ans pour la mise en \u0153uvre 155 actions du CSRE)&nbsp;; le Plan d\u2019action de la Refondation de l\u2019\u00c9tat (2022-2026) pour le long terme ( 5 ans pour la mise en \u0153uvre de l\u2019ensemble des 517 actions du CSRE).<\/p>\n\n\n\n<p>Selon le ministre Ma\u00efga, les actions r\u00e9alis\u00e9es sont au nombre de 15. D\u2019abord, 4 sur le domaine de la&nbsp;<em>Gouvernance, R\u00e9formes politiques et Institutionnelles<\/em>. Il s\u2019agit de la<\/p>\n\n\n\n<p>recomposition du Conseil National de la Transition conform\u00e9ment \u00e0 la Charte de la transition&nbsp;; de la relecture de la loi \u00e9lectorale&nbsp;; de la mise en place d\u2019un organe unique ind\u00e9pendant de gestion des \u00e9lections (AIGE)&nbsp;; de la Simplification de la proc\u00e9dure d\u2019obtention et de d\u00e9livrance de la carte NINA en nationalisant leur confection, production et d\u00e9livrance de la carte d\u2019identit\u00e9 nationale biom\u00e9trique (le contrat est sign\u00e9 et le d\u00e9cret portant Carte Nationale d\u2019Identit\u00e9 biom\u00e9trique adopt\u00e9 en conseil de ministre le 12 octobre 2022).<\/p>\n\n\n\n<p>Deux (2) actions ont \u00e9t\u00e9 r\u00e9alis\u00e9es dans le domaine de la d\u00e9fense, s\u00e9curit\u00e9, paix et coh\u00e9sion sociale. Il s\u2019agit de la militarisation de la police, et du d\u00e9veloppement de nouveaux partenariats militaires avec les puissances militaires pour mieux d\u00e9fendre la souverainet\u00e9 du Mali.<\/p>\n\n\n\n<p>La relance des activit\u00e9s des Chemins de fer pour le d\u00e9senclavement int\u00e9rieur et ext\u00e9rieur et promotion des emplois et l\u2019\u00e9conomie locale (r\u00e9paration des locomotives)&nbsp;; la r\u00e9habilitation des Ateliers Centraux de Korofina et de Kayes ainsi que les travaux confortatifs des ponts de Toukoto et Galougo)&nbsp;; la Cr\u00e9ation de la soci\u00e9t\u00e9 nationale des mines&nbsp;; le d\u00e9veloppement et la mise en \u0153uvre des plans de gestion et d\u2019augmentation de la productivit\u00e9 biologique des aires prot\u00e9g\u00e9es&nbsp;; le d\u00e9veloppement d\u2019une synergie d\u2019actions \u00e0 travers l\u2019instauration de cadres de concertation fonctionnels entre Minist\u00e8res en charge de l\u2019Environnement et les autres Minist\u00e8res sectoriels en charge des Mines, de la Sant\u00e9, de l\u2019Energie, de l\u2019Eau, des infrastructures, des transports et du D\u00e9veloppement Rural, sont les cinq ( 5) actions r\u00e9alis\u00e9es dans le domaine de la croissance \u00e9conomique et d\u00e9veloppement durable<strong><em>.<\/em><\/strong><\/p>\n\n\n\n<p>Dans le domaine du capital humain, Genre et Inclusion sociale, selon le ministre Ibrahim Ikassa Ma\u00efga, quatre (4) actions ont \u00e9t\u00e9 r\u00e9alis\u00e9es. Il s\u2019agit du maintien du Service National des Jeunes pour les nouveaux admis aux concours de la Fonction publique&nbsp;; de la Moralisation du concours d\u2019acc\u00e8s \u00e0 la fonction publique&nbsp;; de l\u2019organisation de la Conf\u00e9rence sociale pour n\u00e9gocier un pacte social de stabilit\u00e9 et de croissance&nbsp;; de l\u2019adoption d\u2019une loi criminalisant la vente illicite et de contrefa\u00e7on des m\u00e9dicaments ainsi que d\u2019autres produits de sant\u00e9.<\/p>\n\n\n\n<p><strong>Les 17 actions en cours de r\u00e9alisations<\/strong><\/p>\n\n\n\n<p>Aux dires du ministre de la Refondation de l\u2019\u00c9tat, 17 actions sont en cours de r\u00e9alisations sur les 55. Parmi ces actions, on peut noter, dans le domaine de la Gouvernance, R\u00e9formes politiques et institutionnelles, l\u2019\u00e9laboration d\u2019une nouvelle Constitution&nbsp;; la red\u00e9finition des vis\u00e9es diplomatiques et de la coop\u00e9ration en fonction des besoins nouveaux du Mali&nbsp;; la d\u00e9politisation de l\u2019administration publique (Gouverneurs, Pr\u00e9fets et sous-pr\u00e9fets, directeurs nationaux, directeurs g\u00e9n\u00e9raux, pr\u00e9sidents de CA des EPA) \u2026<\/p>\n\n\n\n<p>Le renforcement de la coop\u00e9ration entre les populations, l\u2019administration et les forces de s\u00e9curit\u00e9 et la consolidation des relations de confiances entre les FSD et les populations (poursuite de la mise en \u0153uvre de la police de proximit\u00e9)&nbsp;; et l\u2019identification et la mise en \u0153uvre des r\u00e9ponses ad\u00e9quates aux priorit\u00e9s pour la stabilisation et le retour \u00e0 la paix dans un court terme sont les deux actions en cours de r\u00e9alisations dans le domaine de la D\u00e9fense, S\u00e9curit\u00e9, Paix, R\u00e9conciliation et Coh\u00e9sion sociale<strong><em>.<\/em><\/strong><\/p>\n\n\n\n<p>A en croire le ministre de la Refondation, 4 actions parmi lesquelles la promotion et la valorisation des \u00e9nergies renouvelables, et la r\u00e9habilitation de l\u2019HUICOMA et de la COMATEX sont en cours de r\u00e9alisation dans le domaine de la croissance \u00e9conomique et d\u00e9veloppement durable.<\/p>\n\n\n\n<p>l\u2019enr\u00f4lement biom\u00e9trique de tous les fonctionnaires de l\u2019Etat et des Collectivit\u00e9s ainsi que les Forces arm\u00e9es et de s\u00e9curit\u00e9 afin de pr\u00e9venir la fraude (projet de Syst\u00e8me Int\u00e9gr\u00e9 de Gestion des Ressources humains de l\u2019Etat et des Collectivit\u00e9s Territoriales (SIGRH) est l\u2019une des actions d\u2019envergures en cours de r\u00e9alisations dans le domaine du Capital humain, Genre et Inclusion sociale<\/p>\n\n\n\n<p>Dans le domaine de la Jeunesse, Sport, Culture, Artisanat, Tourisme et Construction citoyenne, la prise en charge des conclusions du Comit\u00e9 d\u2019experts charg\u00e9s de l\u2019\u00e9laboration du programme national d\u2019\u00e9ducation aux valeurs (programme d\u2019\u00e9ducation aux valeurs) en cours de r\u00e9alisation.<\/p>\n\n\n\n<p><strong>Impact de la mise en \u0153uvre des recommandations issues des ANR<\/strong><\/p>\n\n\n\n<p>Avec fiert\u00e9, le ministre de la Refondation a indiqu\u00e9 que les Assises Nationales de la Refondation ont eu un impact positif sur le Mali. M\u00eame s\u2019il y a beaucoup, le ministre Ikassa a tenu \u00e0 citer trois (3). Il s\u2019agit de l\u2019affirmation de la souverainet\u00e9 de l\u2019\u00c9tat du Mali avec son corolaire le respect du au Mali sur la sc\u00e8ne internationale&nbsp;; la confiance du peuple envers les dirigeants malgr\u00e9 les difficult\u00e9s&nbsp;; la reconnaissance du peuple dans les actions du gouvernement.<\/p>\n\n\n\n<p>Le ministre Ikassa a invit\u00e9, \u00e0 l\u2019occasion de ce premier anniversaire de la tenue des ANR, pour inviter les Maliens \u00e0 soutenir les autorit\u00e9s pour la mise en \u0153uvre des recommandations.<\/p>\n\n\n\n<p><strong>Boureima Guindo<\/strong><\/p>\n","protected":false},"excerpt":{"rendered":"<p>Le ministre de la Refondation de l\u2019\u00c9tat, charg\u00e9 des relations avec les institutions, Ibrahim Ikassa Ma\u00efga \u00e9tait, en fin de la semaine derni\u00e8re, au micro de l\u2019ORTM \u00e0 l\u2019occasion de&hellip;<\/p>\n","protected":false},"author":1,"featured_media":10719,"comment_status":"open","ping_status":"closed","sticky":false,"template":"","format":"standard","meta":{"content-type":"","_lmt_disableupdate":"","_lmt_disable":"","_jetpack_memberships_contains_paid_content":false,"footnotes":"","jetpack_publicize_message":"","jetpack_publicize_feature_enabled":true,"jetpack_social_post_already_shared":true,"jetpack_social_options":{"image_generator_settings":{"template":"highway","default_image_id":0,"font":"","enabled":false},"version":2}},"categories":[71,23],"tags":[],"class_list":["post-10717","post","type-post","status-publish","format-standard","has-post-thumbnail","hentry","category-le-pays","category-politique"],"jetpack_publicize_connections":[],"featured_image_urls":{"full":"","thumbnail":"","medium":"","medium_large":"","large":"","1536x1536":"","2048x2048":"","penci-recipe-1200x1200":"","penci-recipe-1200x900":"","penci-recipe-1200x675":"","penci-single-full":"","penci-slider-full-thumb":"","penci-full-thumb":"","penci-slider-thumb":"","penci-magazine-slider":"","penci-thumb":"","penci-masonry-thumb":"","penci-thumb-square":"","penci-thumb-vertical":"","penci-thumb-small":""},"author_info":{"display_name":"Nandi","author_link":"https:\/\/nandi.info\/?author=1"},"category_info":"<a href=\"https:\/\/nandi.info\/?cat=71\" rel=\"category\">Le Pays<\/a> <a href=\"https:\/\/nandi.info\/?cat=23\" rel=\"category\">Politique<\/a>","tag_info":"Politique","comment_count":"0","jetpack_featured_media_url":"","jetpack_sharing_enabled":true,"_links":{"self":[{"href":"https:\/\/nandi.info\/index.php?rest_route=\/wp\/v2\/posts\/10717","targetHints":{"allow":["GET"]}}],"collection":[{"href":"https:\/\/nandi.info\/index.php?rest_route=\/wp\/v2\/posts"}],"about":[{"href":"https:\/\/nandi.info\/index.php?rest_route=\/wp\/v2\/types\/post"}],"author":[{"embeddable":true,"href":"https:\/\/nandi.info\/index.php?rest_route=\/wp\/v2\/users\/1"}],"replies":[{"embeddable":true,"href":"https:\/\/nandi.info\/index.php?rest_route=%2Fwp%2Fv2%2Fcomments&post=10717"}],"version-history":[{"count":0,"href":"https:\/\/nandi.info\/index.php?rest_route=\/wp\/v2\/posts\/10717\/revisions"}],"wp:featuredmedia":[{"embeddable":true,"href":"https:\/\/nandi.info\/index.php?rest_route=\/"}],"wp:attachment":[{"href":"https:\/\/nandi.info\/index.php?rest_route=%2Fwp%2Fv2%2Fmedia&parent=10717"}],"wp:term":[{"taxonomy":"category","embeddable":true,"href":"https:\/\/nandi.info\/index.php?rest_route=%2Fwp%2Fv2%2Fcategories&post=10717"},{"taxonomy":"post_tag","embeddable":true,"href":"https:\/\/nandi.info\/index.php?rest_route=%2Fwp%2Fv2%2Ftags&post=10717"}],"curies":[{"name":"wp","href":"https:\/\/api.w.org\/{rel}","templated":true}]}}