{"id":10710,"date":"2022-12-15T10:37:19","date_gmt":"2022-12-15T09:37:19","guid":{"rendered":"https:\/\/nandi.info\/?p=10710"},"modified":"2022-12-15T10:37:19","modified_gmt":"2022-12-15T09:37:19","slug":"education-larticle-39-morte-de-sa-belle-mort","status":"publish","type":"post","link":"https:\/\/nandi.info\/?p=10710","title":{"rendered":"\u00c9ducation : L\u2019article 39 morte de sa belle mort"},"content":{"rendered":"\n<p><strong>Le proc\u00e8s-verbal de r\u00e9conciliation finalement sign\u00e9, le Gouvernement et les syndicalistes de l\u2019\u00e9ducation signataires du 15 octobre 2016 s\u2019engagent pour la paix dans le milieu scolaire du pays. Tel est le r\u00e9sum\u00e9 des n\u00e9gociations men\u00e9es, courant mardi 13 d\u00e9cembre 2022, entre les parties gouvernementale et syndicaliste revendiquant l\u2019application de l\u2019article 39 du statut du personnel Enseignant du pays.<\/strong><\/p>\n\n\n\n<p class=\"has-drop-cap\">A la suite de l\u2019adoption de l\u2019Ordonnance portant grille dite unifi\u00e9e en juin 2021 par le Gouvernement de la transition rectifi\u00e9e, les syndicats de l\u2019\u00e9ducation signataires du 15 octobre 2016 ont engag\u00e9 une lutte pour l\u2019application de l\u2019article 39 du statut du personnel Enseignant. Pour mener \u00e0 bien leur lutte, ils avaient d\u00e9pos\u00e9, le 21 novembre 2022, un pr\u00e9avis de gr\u00e8ve de 3 jours sur toute l\u2019\u00e9tendue du pays, soit 72h de perturbation des cours dans le milieu scolaire. Ladite gr\u00e8ve devrait commencer le mercredi 14 jusqu\u2019au vendredi 16 d\u00e9cembre. Pour alors esquiver une crise scolaire et des gr\u00e8ves r\u00e9p\u00e9titives, des n\u00e9gociations ont \u00e9t\u00e9 entreprises entre les deux parties. Dans un communiqu\u00e9 publi\u00e9 \u00e0 l\u2019issue desdites n\u00e9gociations, les syndicats de l\u2019\u00e9ducation ont fait le point. Ainsi, les n\u00e9gociations, discussions et autres rencontres entres les deux parties ont abouti \u00e0 la prise de trois (3) mesures importantes. Conform\u00e9ment au proc\u00e8s-verbal sign\u00e9 et le communiqu\u00e9 des syndicats, les deux camps sont convenus de \u00ab&nbsp;la majoration de la prime sp\u00e9ciale de responsabilit\u00e9 avec un montant de 12,300 milliards F CFA correspondant \u00e0 11&nbsp;000F par enseignant \u00e0 compter du 1<sup>er<\/sup>&nbsp;novembre 2022&nbsp;\u00bb.La deuxi\u00e8me mesure porte sur \u00ab&nbsp;la cr\u00e9ation d\u2019une prime sp\u00e9ciale d\u2019enseignants&nbsp;\u00bb.Aussi, indique-t-on, le Gouvernement et les syndicats de l\u2019\u00e9ducation sont, au cours des derni\u00e8res n\u00e9gociations, convenus de \u00ab&nbsp;l\u2019\u00e9laboration et de l\u2019examen du document cadre d\u2019am\u00e9lioration des conditions de vie et de travail des enseignants&nbsp;\u00bb.<\/p>\n\n\n\n<p>Les syndicalistes accusent bonne r\u00e9ception de ces trois points \u00e9voqu\u00e9s. Ils tiennent d\u2019ailleurs \u00e0 remercier leurs militantes et militants pour leur engagement et mobilisation dans l\u2019aboutissement de cette lutte. Les syndicalistes \u00e9noncent adresser leur remerciement au Pr\u00e9sident de la transition, colonel Assimi Go\u00efta, ainsi qu\u2019au ministre Sadio Camara et le ministre Alousseini Sanou de l\u2019\u00c9conomie et des Finances, pour leur engagement dans l\u2019aboutissement de la lutte. Vu les efforts fournis par le Gouvernement, les corporations syndicales annoncent avoir souverainement d\u00e9cid\u00e9, en toute responsabilit\u00e9, de lever leur mot d\u2019ordre de gr\u00e8ve. Ils invitent, par cons\u00e9quent, les enseignants \u00e0 poursuivre le travail normalement sur toute l\u2019\u00e9tendue du pays, souligne-t-on dans le communiqu\u00e9 syndical datant du 13 d\u00e9cembre 2022. Au nombre de 7 syndicats \u00e0 scander l\u2019application de l\u2019article 39 depuis des ann\u00e9es, il y a un(1) syndicat parmi les sept(7) qui n\u2019a pas voulu signer le document de r\u00e9conciliation. Qu\u2019il s\u2019agisse du communiqu\u00e9 des syndicats ou du proc\u00e8s-verbal de r\u00e9conciliation paraph\u00e9, nulle part la signature du SYPESCO n\u2019apparait sur les documents. Acte insinuant que les responsables dudit mouvement ne seraient pas d\u2019accord avec la proposition gouvernementale accept\u00e9e par les six(6) autres (Syneb, Synefct, Synesec, Syldef, Fenarec et Coses) syndicats de l\u2019\u00e9ducation signataires du 15 octobre 2016.En tout \u00e9tat de cause, la signature du PV sous-entend que les deux parties se sont finalement engag\u00e9es \u00e0 faire la paix dans le milieu scolaire. Notons que l\u2019ann\u00e9e scolaire 2021-2022 a \u00e9t\u00e9 sauv\u00e9e gr\u00e2ce \u00e0 l\u2019imposition des sanctions \u00e9conomiques et financi\u00e8res aux Maliens par les Chefs d\u2019Etat et de Gouvernement de la CEDEAO. Parce que les syndicalistes avaient d\u00e9cid\u00e9 de soutenir le pays et de surseoir \u00e0 tout mouvement de gr\u00e8ve \u00e0 cause desdites sanctions ill\u00e9gales et ill\u00e9gitimes. Pour ce qui concerne l\u2019ann\u00e9e scolaire 2022-2023, ils voulaient ainsi reprendre les mouvements de gr\u00e8ve en r\u00e9it\u00e9rant leur ferme volont\u00e9 quant \u00e0 l\u2019application stricte du fameux article. La r\u00e9conciliation des deux parties marque des avanc\u00e9es notoires pour la paix et le d\u00e9roulement normal des cours dans les \u00e9tablissements scolaires du pays.<\/p>\n\n\n\n<p><strong>Mamadou Diarra<\/strong><\/p>\n\n\n\n<p><strong>Sant\u00e9<\/strong><\/p>\n","protected":false},"excerpt":{"rendered":"<p>Le proc\u00e8s-verbal de r\u00e9conciliation finalement sign\u00e9, le Gouvernement et les syndicalistes de l\u2019\u00e9ducation signataires du 15 octobre 2016 s\u2019engagent pour la paix dans le milieu scolaire du pays. Tel est&hellip;<\/p>\n","protected":false},"author":1,"featured_media":10714,"comment_status":"open","ping_status":"closed","sticky":false,"template":"","format":"standard","meta":{"content-type":"","_lmt_disableupdate":"","_lmt_disable":"","_jetpack_memberships_contains_paid_content":false,"footnotes":"","jetpack_publicize_message":"","jetpack_publicize_feature_enabled":true,"jetpack_social_post_already_shared":true,"jetpack_social_options":{"image_generator_settings":{"template":"highway","default_image_id":0,"font":"","enabled":false},"version":2}},"categories":[38,71],"tags":[],"class_list":["post-10710","post","type-post","status-publish","format-standard","has-post-thumbnail","hentry","category-education","category-le-pays"],"jetpack_publicize_connections":[],"featured_image_urls":{"full":"","thumbnail":"","medium":"","medium_large":"","large":"","1536x1536":"","2048x2048":"","penci-recipe-1200x1200":"","penci-recipe-1200x900":"","penci-recipe-1200x675":"","penci-single-full":"","penci-slider-full-thumb":"","penci-full-thumb":"","penci-slider-thumb":"","penci-magazine-slider":"","penci-thumb":"","penci-masonry-thumb":"","penci-thumb-square":"","penci-thumb-vertical":"","penci-thumb-small":""},"author_info":{"display_name":"Nandi","author_link":"https:\/\/nandi.info\/?author=1"},"category_info":"<a href=\"https:\/\/nandi.info\/?cat=38\" rel=\"category\">Education<\/a> <a href=\"https:\/\/nandi.info\/?cat=71\" rel=\"category\">Le Pays<\/a>","tag_info":"Le Pays","comment_count":"0","jetpack_featured_media_url":"","jetpack_sharing_enabled":true,"_links":{"self":[{"href":"https:\/\/nandi.info\/index.php?rest_route=\/wp\/v2\/posts\/10710","targetHints":{"allow":["GET"]}}],"collection":[{"href":"https:\/\/nandi.info\/index.php?rest_route=\/wp\/v2\/posts"}],"about":[{"href":"https:\/\/nandi.info\/index.php?rest_route=\/wp\/v2\/types\/post"}],"author":[{"embeddable":true,"href":"https:\/\/nandi.info\/index.php?rest_route=\/wp\/v2\/users\/1"}],"replies":[{"embeddable":true,"href":"https:\/\/nandi.info\/index.php?rest_route=%2Fwp%2Fv2%2Fcomments&post=10710"}],"version-history":[{"count":0,"href":"https:\/\/nandi.info\/index.php?rest_route=\/wp\/v2\/posts\/10710\/revisions"}],"wp:featuredmedia":[{"embeddable":true,"href":"https:\/\/nandi.info\/index.php?rest_route=\/"}],"wp:attachment":[{"href":"https:\/\/nandi.info\/index.php?rest_route=%2Fwp%2Fv2%2Fmedia&parent=10710"}],"wp:term":[{"taxonomy":"category","embeddable":true,"href":"https:\/\/nandi.info\/index.php?rest_route=%2Fwp%2Fv2%2Fcategories&post=10710"},{"taxonomy":"post_tag","embeddable":true,"href":"https:\/\/nandi.info\/index.php?rest_route=%2Fwp%2Fv2%2Ftags&post=10710"}],"curies":[{"name":"wp","href":"https:\/\/api.w.org\/{rel}","templated":true}]}}