{"id":10709,"date":"2022-12-15T10:32:05","date_gmt":"2022-12-15T09:32:05","guid":{"rendered":"https:\/\/nandi.info\/?p=10709"},"modified":"2022-12-15T10:32:05","modified_gmt":"2022-12-15T09:32:05","slug":"gestion-des-dechets-biomedicaux-dans-un-contexte-de-pandemie-a-la-covid-19-40-agents-des-cscom-de-la-region-de-bougouni-formes","status":"publish","type":"post","link":"https:\/\/nandi.info\/?p=10709","title":{"rendered":"Gestion des d\u00e9chets biom\u00e9dicaux dans un contexte de pand\u00e9mie \u00e0 la Covid-19 : 40 agents des CSCOM de la r\u00e9gion de Bougouni form\u00e9s"},"content":{"rendered":"\n<p><strong>Apr\u00e8s les \u00e9tapes des r\u00e9gions de Kayes et de San sur la gestion des d\u00e9chets biom\u00e9dicaux dans un contexte de pand\u00e9mie \u00e0 la Covid-19, le Projet de d\u00e9ploiement des ressources pour l\u2019am\u00e9lioration des services (PDREAS) a organis\u00e9, le mardi 13 d\u00e9cembre 2022, dans la salle de conf\u00e9rence de l\u2019h\u00f4tel Songho\u00ef de Bougouni, l\u2019atelier de formation du personnel de sant\u00e9 de la r\u00e9gion de Bougouni notamment des communes de<\/strong>&nbsp;<strong>Ti\u00e9mala Banimonoti\u00e9, de Zanti\u00e9bougou et Kok\u00e9l\u00e9. La c\u00e9r\u00e9monie d\u2019ouverture \u00e9tait pr\u00e9sid\u00e9e par le gouverneur de la r\u00e9gion de Bougouni, le G\u00e9n\u00e9ral de brigade K\u00e9ba Sangar\u00e9. Pour la circonstance, il \u00e9tait entour\u00e9 du coordinateur du PDREAS, S\u00e9kou Diakit\u00e9, du repr\u00e9sentant du maire de la commune urbaine de Bougouni, Issa Coulibaly, du repr\u00e9sentant du M\u00e9decin-chef du CSREF de Bougouni et de plusieurs participants venus desdites communes.<\/strong><\/p>\n\n\n\n<p class=\"has-drop-cap\">Notons que cette formation sur la gestion des d\u00e9chets biom\u00e9dicaux dans un contexte de pand\u00e9mie de la Covid-19 concerne les Centres de sant\u00e9 communautaire (CSCOM) des 102 Communes b\u00e9n\u00e9ficiaires du Projet de d\u00e9ploiement des ressources pour l\u2019am\u00e9lioration des services (PDREAS).<\/p>\n\n\n\n<p>Premier \u00e0 prendre la parole, le repr\u00e9sentant du maire de la commune urbaine de Bougouni, Issa Coulibaly dira que c\u2019est un honneur et un privil\u00e8ge, pour lui, d\u2019\u00eatre convi\u00e9 \u00e0 cette formation \u00e0 l\u2019intention du personnel des CSCOM sur la gestion des d\u00e9chets biom\u00e9dicaux. Il a aussi remerci\u00e9 le projet qui a permis \u00e0 la r\u00e9gion de Bougouni d\u2019\u00eatre l\u2019h\u00f4te de cette importante formation qui vise \u00e0 renforcer les capacit\u00e9s du personnel des CSOCOM dans le domaine de la gestion de ces d\u00e9chets.<\/p>\n\n\n\n<p>Aussi, il s\u2019est r\u00e9joui de savoir que la r\u00e9gion de Bougouni fait partie des r\u00e9gions du Mali dans lesquels la premi\u00e8re phase de cette formation se tient. Et de poursuivre que selon les r\u00e9sultats de l\u2019\u00e9tude d\u2019OMS en 2004, il av\u00e8re que la production des d\u00e9chets biom\u00e9dicaux est \u00e0 l\u2019origine des infections tels que l\u2019h\u00e9patite B, C et m\u00eame le VIH \/ Sida.<\/p>\n\n\n\n<p>Vu l\u2019effet d\u00e9lirante de ces maladies, il s\u2019est donc adress\u00e9 en particulier \u00e0 tous les acteurs impliqu\u00e9s dans le processus de gestion des d\u00e9chets biom\u00e9dicaux, d\u2019\u00eatre des serviteurs de rigueur et d\u2019\u00e9coute, autant de qualit\u00e9s et d\u2019aptitudes qui permettront de parvenir \u00e0 une meilleure gestion de ces d\u00e9chets et sauver ainsi des milliers de vies.<\/p>\n\n\n\n<p><strong>Les d\u00e9chets biom\u00e9dicaux, un probl\u00e8me majeur pour le personnel m\u00e9dical<\/strong><\/p>\n\n\n\n<p>Il a saisi l\u2019occasion pour renouveler l\u2019engagement du conseil communal de Bougouni \u00e0 accompagner le gouvernement du Mali avec assiduit\u00e9 dans cette action du Projet de D\u00e9ploiement des Ressources pour l\u2019Am\u00e9lioration des Services (PDREAS) en collaboration avec les services techniques impliqu\u00e9s.<\/p>\n\n\n\n<p>A sa suite, le repr\u00e9sentant du M\u00e9decin-chef a laiss\u00e9 entendre que les d\u00e9chets biom\u00e9dicaux consistent un probl\u00e8me majeur pour le personnel de sant\u00e9 surtout lorsqu\u2019ils ne sont pas bien g\u00e9r\u00e9s. Et de rassurer l\u2019engagement tout le personnel m\u00e9dical du Centre de sant\u00e9 de r\u00e9f\u00e9rence de Bougouni pour une meilleure gestion des d\u00e9chets biom\u00e9dicaux. Il a \u00e9galement salu\u00e9 les plus hautes pour engagement de l\u2019am\u00e9lioration de la qualit\u00e9 des soins \u00e0 travers la mise \u00e0 disposition des ambulances pour faciliter les r\u00e9f\u00e9rences.<\/p>\n\n\n\n<p>Pour sa part, le Coordinateur du PDREAS, S\u00e9kou Diakit\u00e9 a rappel\u00e9 que le PDREAS est un projet d\u2019assistance technique et financi\u00e8re, multi-bailleur sur financement de la Banque mondiale \u00e0 travers le Fonds IDA, de la Coop\u00e9ration Suisse et de l\u2019Ambassade des Pays-Bas. En effet, dit-il, le Gouvernement malien a sign\u00e9 le 12 juillet 2019 un Accord de financement avec la Banque mondiale pour la mise en \u0153uvre du PDREAS, pourtant sur une enveloppe initiale de 50 millions de dollars am\u00e9ricain soit environ 29,2 milliards de FCFA.<\/p>\n\n\n\n<p><strong>Renforcer les m\u00e9canismes d\u00e9centralis\u00e9s<\/strong><\/p>\n\n\n\n<p>Et d\u2019ajouter que sur un financement additionnel attendu des autres bailleurs de fonds tels que la Coop\u00e9ration Suisse et l\u2019Ambassade des Pays-Bas de 44,8 millions de dollars am\u00e9ricain soit environ 26,18 milliards de FCFA, le projet a d\u00e9j\u00e0 mobilis\u00e9 aupr\u00e8s de ses deux partenaires strat\u00e9giques plus de 31, 7 millions de dollar am\u00e9ricain sur quatre ans, ce qui ram\u00e8ne le PDREAS pour l\u2019instant jusqu\u2019en 2024.<\/p>\n\n\n\n<p>Selon lui, chaque ann\u00e9e c\u2019est un montant de cette enveloppe qui est mis \u00e0 la disposition de nos communes pour moins d\u2019Etat central, mais mieux d\u2019Etat du Mali. Il ajoutera que le PDREAS vise \u00e0 augmenter le d\u00e9veloppement des ressources mises \u00e0 la disposition des collectivit\u00e9s territoriales du Mali pour la fourniture des services sociaux de base de qualit\u00e9 et le renforcement des m\u00e9canismes d\u00e9centralis\u00e9s, impliquant une forte participation et une redevabilit\u00e9 accrue des b\u00e9n\u00e9ficiaires et utilisateurs de ces services.<\/p>\n\n\n\n<p>Avec la disponibilit\u00e9 des ressources mises \u00e0 la disposition du projet, dit-il, le projet am\u00e9liore chaque ann\u00e9e, avec les communes les plus m\u00e9ritantes qui auront satisfait aux exigences de la DCP, la dotation conditionnelle de performance, tels que la fourniture des services sociaux de base \u00e0 nos populations \u00e0 savoir l\u2019Education, la Sant\u00e9, l\u2019Assainissement et l\u2019Hydraulique villageoise, des services essentiels incontournables, aujourd\u2019hui, pour le bien-\u00eatre de nos populations \u00e0 la base et pour l\u2019\u00e9mergence d\u2019une citoyennet\u00e9 plus responsable et d\u2019acteurs locaux plus conscients de leurs devoirs et redevables envers la cit\u00e9.<\/p>\n\n\n\n<p><strong>Un transfert r\u00e9el de ressources financi\u00e8res aux 102 communes du projet<\/strong><\/p>\n\n\n\n<p>A le croire, les interventions de l\u2019Etat \u00e0 travers le PDREAS dans les 102 communes d\u2019action du projet permettent non seulement de renforcer notre processus de d\u00e9centralisation par un transfert r\u00e9el de ressources financi\u00e8res aux 102 communes du projet, mais \u00e9galement de cr\u00e9er les conditions d\u2019une saine comp\u00e9tition entre les collectivit\u00e9s territoriales \u00e0 travers le m\u00e9canisme de la DCP, afin que les autorit\u00e9s jouent pleinement les r\u00f4les qui sont les leurs dans la fourniture et l\u2019am\u00e9lioration des services de qualit\u00e9 aux populations.<\/p>\n\n\n\n<p>En effet, pr\u00e9cise-t-il, au titre de la premi\u00e8re ann\u00e9e de la DCP en 2020, deux communes sur quatre de la r\u00e9gion de Bougouni ont \u00e9t\u00e9 \u00e9valu\u00e9es satisfaisantes \u00e0 savoir la commune de Bougouni et celle de Kok\u00e9l\u00e9. Ainsi, ces deux collectivit\u00e9s ont pu b\u00e9n\u00e9ficier d\u2019un financement de pr\u00e8s de 200 millions de nos francs.<\/p>\n\n\n\n<p>\u00ab&nbsp;C\u2019est pourquoi, le th\u00e8me de la Gestion des d\u00e9chets Biom\u00e9dicaux, qui nous r\u00e9unit aujourd\u2019hui ici \u00e0 Bougouni est d\u2019une grande importance pour faire face aux dangers que provoquent les d\u00e9chets issus des soins de sant\u00e9 des structures hospitali\u00e8res publiques et priv\u00e9es pour la sant\u00e9 publique et l\u2019environnement de nos compatriotes, dans le contexte si fragile de cette pand\u00e9mie de Covid-19 qui a fait d\u00e9j\u00e0 plusieurs victimes dans notre pays&nbsp;\u00bb, a rench\u00e9ri le coordinateur du projet.<\/p>\n\n\n\n<p><strong>Sans un traitement ad\u00e9quat, les dangers des d\u00e9chets biom\u00e9dicaux augmentent<\/strong><\/p>\n\n\n\n<p>A ses dires, la probl\u00e9matique de la gestion des d\u00e9chets issus des activit\u00e9s des soins de sant\u00e9 de nos services hospitaliers publics ou priv\u00e9s, est devenue de plus en plus une pr\u00e9occupation de sant\u00e9 publique, qui se pose avec acuit\u00e9 \u00e0 toutes les formations sanitaires surtout au niveau local et communautaire. Et d\u2019ajouter que les d\u00e9chets m\u00e9dicaux qui sont des produits issus de l\u2019activit\u00e9 des soins m\u00e9dicaux, au m\u00eame titre que les d\u00e9chets issus de nos m\u00e9nages chaque jour connaissent une production sans cesse croissante, pas seulement au Mali, mais dans presque tous les pays, et leurs dangers augmentent proportionnellement \u00e0 leur quantit\u00e9 produite chaque jour sans un traitement ad\u00e9quat.<\/p>\n\n\n\n<p>Pour lui, Il est donc ressorti au cours de nos nombreuses rencontres et concertations avec les \u00e9lus, \u00e0 diff\u00e9rents niveaux, que de nombreuses difficult\u00e9s leur \u00e9taient pos\u00e9es quant \u00e0 la gestion efficiente des d\u00e9chets biom\u00e9dicaux, notamment par un manque d\u2019information et de formation du personnel des CSREF et des CSCOM, quant aux risques sanitaires et environnementaux li\u00e9s \u00e0 la mauvaise gestion de ces d\u00e9chets d\u2019un autre genre. \u00ab&nbsp;Les difficult\u00e9s sont amplifi\u00e9es par une m\u00e9connaissance criarde de la r\u00e8glementation nationale et internationale de gestion des d\u00e9chets biom\u00e9dicaux et la non maitrise des diff\u00e9rentes techniques de gestion de ceux-ci, en g\u00e9n\u00e9ral et ceux plus sp\u00e9cifiques nouveaux issus du traitement des soins des malades de la Covid-19 en particulier. D\u2019o\u00f9 l\u2019int\u00e9r\u00eat et le pourquoi de ces ateliers de formation en gestion des d\u00e9chets biom\u00e9dicaux \u00e0 travers le pays et dans toutes les 102 communes d\u2019intervention du PDREAS&nbsp;\u00bb, a-t-il pr\u00e9cis\u00e9.<\/p>\n\n\n\n<p><strong>Les d\u00e9chets rejet\u00e9s, responsables 70% de graves maladies souvent incurables<\/strong><\/p>\n\n\n\n<p>Quant au Gouverneur de la r\u00e9gion de Bougouni, le G\u00e9n\u00e9ral de brigade K\u00e9ba Sangar\u00e9 dira que les activit\u00e9s de soins autant qu\u2019elles permettent de prot\u00e9ger la sant\u00e9, de gu\u00e9rir les patients et de sauver des vies, autant elles g\u00e9n\u00e8rent aussi de nombreux d\u00e9chets dont environ 20%, selon l\u2019Organisation mondiale de la Sant\u00e9, repr\u00e9sentent un danger pour la Sant\u00e9 publique et l\u2019environnement.<\/p>\n\n\n\n<p>A le croire, les D\u00e9chets rejet\u00e9s seraient responsables, selon les m\u00eames sources, dans une proportion de 70% de graves maladies souvent incurables. En 2002, des r\u00e9sultats d\u2019une \u00e9tude conduite par la m\u00eame Organisation dans 22 pays en voie de d\u00e9veloppement ont montr\u00e9 que la proportion d\u2019\u00e9tablissement de sant\u00e9 qui \u00e9limine correctement les d\u00e9chets biom\u00e9dicaux \u00e9tait seulement de 18 \u00e0 64 %. \u00ab&nbsp;C\u2019est dire combien de fois la probl\u00e9matique de la gestion des d\u00e9chets biom\u00e9dicaux est pr\u00e9occupante dans nos pays en d\u00e9veloppement et particuli\u00e8rement au Mali, o\u00f9 on constate une absence r\u00e9elle de statistiques fiables et une m\u00e9connaissance criarde par beaucoup de professionnels de la Sant\u00e9 sur comment, quand, et o\u00f9 g\u00e9rer les d\u00e9chets biom\u00e9dicaux qu\u2019ils g\u00e9n\u00e8rent par leurs activit\u00e9s tant\u00f4t de soin, tant\u00f4t de recherche ou parfois ode simple stockage inappropri\u00e9&nbsp;\u00bb a-t-il conclu.<\/p>\n\n\n\n<p><strong>Mama PAGA<\/strong><\/p>\n\n\n\n<p><strong>Le Pays<\/strong><\/p>\n","protected":false},"excerpt":{"rendered":"<p>Apr\u00e8s les \u00e9tapes des r\u00e9gions de Kayes et de San sur la gestion des d\u00e9chets biom\u00e9dicaux dans un contexte de pand\u00e9mie \u00e0 la Covid-19, le Projet de d\u00e9ploiement des ressources&hellip;<\/p>\n","protected":false},"author":1,"featured_media":10711,"comment_status":"open","ping_status":"closed","sticky":false,"template":"","format":"standard","meta":{"content-type":"","_lmt_disableupdate":"","_lmt_disable":"","_jetpack_memberships_contains_paid_content":false,"footnotes":"","jetpack_publicize_message":"","jetpack_publicize_feature_enabled":true,"jetpack_social_post_already_shared":true,"jetpack_social_options":{"image_generator_settings":{"template":"highway","default_image_id":0,"font":"","enabled":false},"version":2}},"categories":[24],"tags":[],"class_list":["post-10709","post","type-post","status-publish","format-standard","has-post-thumbnail","hentry","category-sante"],"jetpack_publicize_connections":[],"featured_image_urls":{"full":"","thumbnail":"","medium":"","medium_large":"","large":"","1536x1536":"","2048x2048":"","penci-recipe-1200x1200":"","penci-recipe-1200x900":"","penci-recipe-1200x675":"","penci-single-full":"","penci-slider-full-thumb":"","penci-full-thumb":"","penci-slider-thumb":"","penci-magazine-slider":"","penci-thumb":"","penci-masonry-thumb":"","penci-thumb-square":"","penci-thumb-vertical":"","penci-thumb-small":""},"author_info":{"display_name":"Nandi","author_link":"https:\/\/nandi.info\/?author=1"},"category_info":"<a href=\"https:\/\/nandi.info\/?cat=24\" rel=\"category\">Sant\u00e9<\/a>","tag_info":"Sant\u00e9","comment_count":"0","jetpack_featured_media_url":"","jetpack_sharing_enabled":true,"_links":{"self":[{"href":"https:\/\/nandi.info\/index.php?rest_route=\/wp\/v2\/posts\/10709","targetHints":{"allow":["GET"]}}],"collection":[{"href":"https:\/\/nandi.info\/index.php?rest_route=\/wp\/v2\/posts"}],"about":[{"href":"https:\/\/nandi.info\/index.php?rest_route=\/wp\/v2\/types\/post"}],"author":[{"embeddable":true,"href":"https:\/\/nandi.info\/index.php?rest_route=\/wp\/v2\/users\/1"}],"replies":[{"embeddable":true,"href":"https:\/\/nandi.info\/index.php?rest_route=%2Fwp%2Fv2%2Fcomments&post=10709"}],"version-history":[{"count":0,"href":"https:\/\/nandi.info\/index.php?rest_route=\/wp\/v2\/posts\/10709\/revisions"}],"wp:featuredmedia":[{"embeddable":true,"href":"https:\/\/nandi.info\/index.php?rest_route=\/"}],"wp:attachment":[{"href":"https:\/\/nandi.info\/index.php?rest_route=%2Fwp%2Fv2%2Fmedia&parent=10709"}],"wp:term":[{"taxonomy":"category","embeddable":true,"href":"https:\/\/nandi.info\/index.php?rest_route=%2Fwp%2Fv2%2Fcategories&post=10709"},{"taxonomy":"post_tag","embeddable":true,"href":"https:\/\/nandi.info\/index.php?rest_route=%2Fwp%2Fv2%2Ftags&post=10709"}],"curies":[{"name":"wp","href":"https:\/\/api.w.org\/{rel}","templated":true}]}}