{"id":10701,"date":"2022-12-14T09:20:00","date_gmt":"2022-12-14T08:20:00","guid":{"rendered":"https:\/\/nandi.info\/?p=10701"},"modified":"2022-12-14T09:20:00","modified_gmt":"2022-12-14T08:20:00","slug":"tribune-il-est-temps","status":"publish","type":"post","link":"https:\/\/nandi.info\/?p=10701","title":{"rendered":"Tribune : Il est temps"},"content":{"rendered":"\n<p class=\"has-drop-cap\">Peu de p\u00e9riodes dans l\u2019histoire de notre nation ont \u00e9t\u00e9 plus difficiles que celle dans laquelle nous nous trouvons actuellement. Il est temps de prendre les d\u00e9cisions \u00e9clair\u00e9es essentielles \u00e0 la r\u00e9ussite de nos d\u00e9marches pour un Mali stable et surtout de montrer la volont\u00e9 politique n\u00e9cessaire qui nous permettra de consolider notre nation.<\/p>\n\n\n\n<p>A cet effet, nous devons rassembler toutes nos forces pour faire les meilleurs choix. Nous ne devons pas nous tromper d\u2019adversaire et nous ne devons pas non plus nous tromper dans le choix de nos engagements. La souffrance de notre insatisfaction doit nous permettre de&nbsp;retrouver le chemin de la solidarit\u00e9 et de l\u2019unit\u00e9. L\u2019unit\u00e9 doit \u00eatre au c\u0153ur de nos engagements, car l\u2019union de nos actions doit \u00eatre autour du Mali. Le Mali doit \u00eatre notre cause et notre source, et tout doit converger vers sa consolidation.<\/p>\n\n\n\n<p>Nous devons nous mobiliser plus que jamais pour sauver nos acquis afin d\u2019\u00e9viter \u00e0 tout prix que cette crise ne tourne davantage au d\u00e9sastre \u00e9conomique et social. En effet, nous devons avancer avec rapidit\u00e9 et urgence dans les n\u00e9gociations avec l\u2019ensemble des partenaires r\u00e9gionaux et internationaux afin d\u2019assurer la coh\u00e9sion de nos actions, mais aussi et surtout nous r\u00e9unir autour de l\u2019accord de paix afin d\u2019obtenir des avanc\u00e9es significatives et le conclure, \u00e9tant donn\u00e9 que nous avons beaucoup \u00e0 faire en cette p\u00e9riode de p\u00e9rils et de possibilit\u00e9s.<\/p>\n\n\n\n<p>Nous pensons qu\u2019il est n\u00e9cessaire d\u2019\u00eatre audacieux dans nos actions et elles doivent \u00eatre vitales. Et il n\u2019y a donc pas meilleur moment que le pr\u00e9sent pour agir hardiment afin d\u2019all\u00e9ger les souffrances de nos populations et consolider davantage notre nation. Dans ce cadre, nous devons efficacement et intelligemment engager une v\u00e9ritable offensive diplomatique en direction des alli\u00e9s et partenaires du d\u00e9veloppement pour les informer et les mobiliser en faveur du renforcement de la paix dans notre pays.<\/p>\n\n\n\n<p>Il est grand temps de prendre la direction de cet appel attendu qu\u2019il n\u2019y a pas d\u2019autre destin commun que celui d\u2019\u00eatre capables, ensemble, de relever les d\u00e9fis qui sont devant nous.<\/p>\n\n\n\n<p><strong>Cheick Boucadry Traor\u00e9<\/strong><\/p>\n","protected":false},"excerpt":{"rendered":"<p>Peu de p\u00e9riodes dans l\u2019histoire de notre nation ont \u00e9t\u00e9 plus difficiles que celle dans laquelle nous nous trouvons actuellement. Il est temps de prendre les d\u00e9cisions \u00e9clair\u00e9es essentielles \u00e0&hellip;<\/p>\n","protected":false},"author":1,"featured_media":10640,"comment_status":"open","ping_status":"closed","sticky":false,"template":"","format":"standard","meta":{"content-type":"","_lmt_disableupdate":"","_lmt_disable":"","_jetpack_memberships_contains_paid_content":false,"footnotes":"","jetpack_publicize_message":"","jetpack_publicize_feature_enabled":true,"jetpack_social_post_already_shared":true,"jetpack_social_options":{"image_generator_settings":{"template":"highway","default_image_id":0,"font":"","enabled":false},"version":2}},"categories":[33,21],"tags":[],"class_list":["post-10701","post","type-post","status-publish","format-standard","has-post-thumbnail","hentry","category-mali-tribune","category-societe"],"jetpack_publicize_connections":[],"featured_image_urls":{"full":"","thumbnail":"","medium":"","medium_large":"","large":"","1536x1536":"","2048x2048":"","penci-recipe-1200x1200":"","penci-recipe-1200x900":"","penci-recipe-1200x675":"","penci-single-full":"","penci-slider-full-thumb":"","penci-full-thumb":"","penci-slider-thumb":"","penci-magazine-slider":"","penci-thumb":"","penci-masonry-thumb":"","penci-thumb-square":"","penci-thumb-vertical":"","penci-thumb-small":""},"author_info":{"display_name":"Nandi","author_link":"https:\/\/nandi.info\/?author=1"},"category_info":"<a href=\"https:\/\/nandi.info\/?cat=33\" rel=\"category\">Mali Tribune<\/a> <a href=\"https:\/\/nandi.info\/?cat=21\" rel=\"category\">Soci\u00e9t\u00e9<\/a>","tag_info":"Soci\u00e9t\u00e9","comment_count":"0","jetpack_featured_media_url":"","jetpack_sharing_enabled":true,"_links":{"self":[{"href":"https:\/\/nandi.info\/index.php?rest_route=\/wp\/v2\/posts\/10701","targetHints":{"allow":["GET"]}}],"collection":[{"href":"https:\/\/nandi.info\/index.php?rest_route=\/wp\/v2\/posts"}],"about":[{"href":"https:\/\/nandi.info\/index.php?rest_route=\/wp\/v2\/types\/post"}],"author":[{"embeddable":true,"href":"https:\/\/nandi.info\/index.php?rest_route=\/wp\/v2\/users\/1"}],"replies":[{"embeddable":true,"href":"https:\/\/nandi.info\/index.php?rest_route=%2Fwp%2Fv2%2Fcomments&post=10701"}],"version-history":[{"count":0,"href":"https:\/\/nandi.info\/index.php?rest_route=\/wp\/v2\/posts\/10701\/revisions"}],"wp:featuredmedia":[{"embeddable":true,"href":"https:\/\/nandi.info\/index.php?rest_route=\/"}],"wp:attachment":[{"href":"https:\/\/nandi.info\/index.php?rest_route=%2Fwp%2Fv2%2Fmedia&parent=10701"}],"wp:term":[{"taxonomy":"category","embeddable":true,"href":"https:\/\/nandi.info\/index.php?rest_route=%2Fwp%2Fv2%2Fcategories&post=10701"},{"taxonomy":"post_tag","embeddable":true,"href":"https:\/\/nandi.info\/index.php?rest_route=%2Fwp%2Fv2%2Ftags&post=10701"}],"curies":[{"name":"wp","href":"https:\/\/api.w.org\/{rel}","templated":true}]}}