{"id":10697,"date":"2022-12-14T11:12:43","date_gmt":"2022-12-14T10:12:43","guid":{"rendered":"https:\/\/nandi.info\/?p=10697"},"modified":"2022-12-14T11:12:43","modified_gmt":"2022-12-14T10:12:43","slug":"cipres-debut-des-travaux-du-comite-dexperts-a-lome","status":"publish","type":"post","link":"https:\/\/nandi.info\/?p=10697","title":{"rendered":"CIPRES : D\u00e9but des travaux du Comit\u00e9 d\u2019experts \u00e0 LOM\u00c9\u00a0"},"content":{"rendered":"\n<p class=\"has-drop-cap\">Les travaux du Comit\u00e9 d\u2019experts de la Conf\u00e9rence Inter-africaine de Pr\u00e9voyance Sociale ont d\u00e9but\u00e9, ce mardi 13 d\u00e9cembre 2022. \u00e0 l\u2019h\u00f4tel du 02 f\u00e9vrier \u00e0 Lom\u00e9, au Togo.<\/p>\n\n\n\n<p>Le Mali, avec la Conseill\u00e8re Technique en charge des questions Juridiques du Minist\u00e8re de la Sant\u00e9 et du D\u00e9veloppement Social, le Directeur national de la Protection Sociale, le Point Focal CIPRES\/RAMU, les premiers responsables des Organismes de Pr\u00e9voyance Sociale du Mali (INPS, CANAM, CMSS), accompagn\u00e9s par leurs Conseillers respectifs, prennent part \u00e0 la rencontre.<\/p>\n\n\n\n<p>Cette r\u00e9union du Comit\u00e9 d\u2019experts de deux jours pr\u00e9pare les dossiers du Conseil des ministres de la CIPRES dont la 33\u00e8me session ordinaire s\u2019ouvre ce jeudi 15 d\u00e9cembre dans la capitale togolaise.<\/p>\n\n\n\n<p>Le Comit\u00e9 d\u2019Experts, faut-il le rappeler, est compos\u00e9 pour chaque \u00c9tat membre, du Directeur de l\u2019Administration Centrale charg\u00e9e de la Pr\u00e9voyance Sociale, les Directeurs G\u00e9n\u00e9raux des Organismes de Pr\u00e9voyance Sociale.<\/p>\n\n\n\n<p>Pour la pr\u00e9sente session, douze (12) points devant \u00eatre soumis \u00e0 l\u2019examen du Conseil des ministres, sont examin\u00e9s par les Experts.<\/p>\n\n\n\n<p>Il s\u2019agit de l\u2019Election du Pr\u00e9sident du Conseil des Ministres; l\u2019Examen et adoption du compte rendu de la 32\u00e8me session ordinaire du Conseil des Ministres de tutelle de la Pr\u00e9voyance Sociale tenue le 03 juin 2022 \u00e0 Gen\u00e8ve (Suisse);&nbsp; l\u2019Examen et adoption des projets du plan d\u2019actions et du budget de l\u2019exercice 2023.<\/p>\n\n\n\n<p>Mais aussi, l\u2019Examen et adoption du rapport annuel 2021; l\u2019Examen et adoption des propositions de normes en mati\u00e8re de placements des fonds de r\u00e9serve des Organismes de Pr\u00e9voyance Sociale; l\u2019Examen et adoption des projets de lignes directrices sur la couverture sociale des travailleurs de l\u2019\u00e9conomie informelle dans les \u00c9tats membres.<\/p>\n\n\n\n<p>A l\u2019ordre du jour \u00e9galement,l\u2019Examen et adoption du projet de lettre de mission de la Commission de Surveillance de la Pr\u00e9voyance Sociale, conform\u00e9ment \u00e0 la D\u00e9cision N\u00b0 610\/CM\/CIPRES du 16 d\u00e9cembre 2021; la Note d\u2019information sur la nomination de nouveaux membres de la Commission de Surveillance de la Pr\u00e9voyance Sociale;&nbsp; le Point sur la transposition du Socle juridique de s\u00e9curit\u00e9 sociale dans les l\u00e9gislations nationales des Etats membres.<\/p>\n\n\n\n<p>\u00c9galement, le Point sur l\u2019\u00e9tat d\u2019avancement de la r\u00e9vision du plan comptable de la Conf\u00e9rence; la situation des contributions des Etats membres au budget de la Conf\u00e9rence (huis clos) et les Divers.<\/p>\n\n\n\n<p>La c\u00e9r\u00e9monie d\u2019ouverture a \u00e9t\u00e9 pr\u00e9sid\u00e9e par Mme Myriam DOSSOU-d&rsquo;ALMEIDA, Ministre du D\u00e9veloppement \u00e0 la Base de la Jeunesse et de l&rsquo;Emploi des Jeunes du TOGO.<\/p>\n\n\n\n<p>La CIPRES, qui regroupe dix sept (17) \u00c9tats membres, a pour missions, entre autres, de fixer les r\u00e8gles communes de gestion des OPS, contr\u00f4ler leur gestion, R\u00e9aliser des \u00e9tudes et \u00e9laborer des propositions visant \u00e0 l\u2019harmonisation des dispositions l\u00e9gislatives et r\u00e9glementaires applicables aux OPS.<\/p>\n\n\n\n<p>Mais aussi, faciliter la mise en oeuvre, par des actions sp\u00e9cifiques au niveau r\u00e9gional, d\u2019une politique de formation initiale et permanente des cadres et techniciens des Organismes de Pr\u00e9voyance Sociale des Etats membres.<\/p>\n\n\n\n<p><strong>CT GUINDO depuis Lom\u00e9<\/strong><\/p>\n","protected":false},"excerpt":{"rendered":"<p>Les travaux du Comit\u00e9 d\u2019experts de la Conf\u00e9rence Inter-africaine de Pr\u00e9voyance Sociale ont d\u00e9but\u00e9, ce mardi 13 d\u00e9cembre 2022. \u00e0 l\u2019h\u00f4tel du 02 f\u00e9vrier \u00e0 Lom\u00e9, au Togo. Le Mali,&hellip;<\/p>\n","protected":false},"author":1,"featured_media":10698,"comment_status":"open","ping_status":"closed","sticky":false,"template":"","format":"standard","meta":{"content-type":"","_lmt_disableupdate":"","_lmt_disable":"","_jetpack_memberships_contains_paid_content":false,"footnotes":"","jetpack_publicize_message":"","jetpack_publicize_feature_enabled":true,"jetpack_social_post_already_shared":true,"jetpack_social_options":{"image_generator_settings":{"template":"highway","default_image_id":0,"font":"","enabled":false},"version":2}},"categories":[43,21],"tags":[],"class_list":["post-10697","post","type-post","status-publish","format-standard","has-post-thumbnail","hentry","category-nandi-info","category-societe"],"jetpack_publicize_connections":[],"featured_image_urls":{"full":"","thumbnail":"","medium":"","medium_large":"","large":"","1536x1536":"","2048x2048":"","penci-recipe-1200x1200":"","penci-recipe-1200x900":"","penci-recipe-1200x675":"","penci-single-full":"","penci-slider-full-thumb":"","penci-full-thumb":"","penci-slider-thumb":"","penci-magazine-slider":"","penci-thumb":"","penci-masonry-thumb":"","penci-thumb-square":"","penci-thumb-vertical":"","penci-thumb-small":""},"author_info":{"display_name":"Nandi","author_link":"https:\/\/nandi.info\/?author=1"},"category_info":"<a href=\"https:\/\/nandi.info\/?cat=43\" rel=\"category\">Nandi.info<\/a> <a href=\"https:\/\/nandi.info\/?cat=21\" rel=\"category\">Soci\u00e9t\u00e9<\/a>","tag_info":"Soci\u00e9t\u00e9","comment_count":"0","jetpack_featured_media_url":"","jetpack_sharing_enabled":true,"_links":{"self":[{"href":"https:\/\/nandi.info\/index.php?rest_route=\/wp\/v2\/posts\/10697","targetHints":{"allow":["GET"]}}],"collection":[{"href":"https:\/\/nandi.info\/index.php?rest_route=\/wp\/v2\/posts"}],"about":[{"href":"https:\/\/nandi.info\/index.php?rest_route=\/wp\/v2\/types\/post"}],"author":[{"embeddable":true,"href":"https:\/\/nandi.info\/index.php?rest_route=\/wp\/v2\/users\/1"}],"replies":[{"embeddable":true,"href":"https:\/\/nandi.info\/index.php?rest_route=%2Fwp%2Fv2%2Fcomments&post=10697"}],"version-history":[{"count":0,"href":"https:\/\/nandi.info\/index.php?rest_route=\/wp\/v2\/posts\/10697\/revisions"}],"wp:featuredmedia":[{"embeddable":true,"href":"https:\/\/nandi.info\/index.php?rest_route=\/"}],"wp:attachment":[{"href":"https:\/\/nandi.info\/index.php?rest_route=%2Fwp%2Fv2%2Fmedia&parent=10697"}],"wp:term":[{"taxonomy":"category","embeddable":true,"href":"https:\/\/nandi.info\/index.php?rest_route=%2Fwp%2Fv2%2Fcategories&post=10697"},{"taxonomy":"post_tag","embeddable":true,"href":"https:\/\/nandi.info\/index.php?rest_route=%2Fwp%2Fv2%2Ftags&post=10697"}],"curies":[{"name":"wp","href":"https:\/\/api.w.org\/{rel}","templated":true}]}}