{"id":10683,"date":"2022-12-13T11:45:52","date_gmt":"2022-12-13T10:45:52","guid":{"rendered":"https:\/\/nandi.info\/?p=10683"},"modified":"2022-12-13T11:45:52","modified_gmt":"2022-12-13T10:45:52","slug":"ambassade-des-etats-unis-au-mali-la-liberte-dexpression-en-vedette-a-la-journee-des-droits-de-lhomme","status":"publish","type":"post","link":"https:\/\/nandi.info\/?p=10683","title":{"rendered":"Ambassade des Etats-Unis au Mali : La libert\u00e9 d\u2019expression en vedette \u00e0 la journ\u00e9e des droits de l\u2019Homme"},"content":{"rendered":"\n<p class=\"has-drop-cap\">L\u2019Ambassade des Etats-Unis au Mali a c\u00e9l\u00e9br\u00e9 la journ\u00e9e internationale des Droits de l\u2019Homme, en organisant, le vendredi \u00e0 l\u2019Ambassade, une table ronde sur la libert\u00e9 d\u2019expression au Mali. C\u2019\u00e9tait en pr\u00e9sence du Charg\u00e9 d\u2019Affaires de l\u2019Ambassade, des responsables des Affaires politiques ; des affaires publiques ; de la communication. Les invit\u00e9s \u00e9taient des repr\u00e9sentants de la Commission nationale des Droits de l\u2019Homme (CNDH), de Amnesty International Mali, de la Division des Droits de l\u2019Homme et la Protection de la Minusma, d\u2019Internews et du R\u00e9seau des Media et Droits de l\u2019Homme (r\u00e9seau constitu\u00e9 de professionnels de m\u00e9dias).<\/p>\n\n\n\n<p>Les participants ont partag\u00e9 leurs points de vue et ont discut\u00e9 des d\u00e9fis \u00e0 relever dans leur travail. Il s\u2019agissait pour la section politique et \u00e9conomique de l\u2019Ambassade, de c\u00e9l\u00e9brer la journ\u00e9e des Droits de l\u2019Homme (10 d\u00e9cembre, date anniversaire, de la d\u00e9claration des Droits de l\u2019Homme DUDH), mais aussi de saluer le travail remarquable des acteurs des droits de l\u2019homme. Il s\u2019agit aussi de leur faire comprendre qu\u2019ils n\u2019\u00e9taient pas seuls dans leur exaltante et ingrate tache de promotion et de d\u00e9fense des droits de l\u2019homme. Mais qu\u2019ils doivent compter \u00e0 leurs c\u00f4t\u00e9s, les Etats-Unis, pays champion des droits de l\u2019homme.<\/p>\n\n\n\n<p>Ces acteurs sont assimilables \u00ab \u00e0 la voix des sans voix \u00bb, d\u00e9fendant les droits des autres. Les Etats-Unis soutiennent les efforts des acteurs des droits de l\u2019Homme, pour dire la v\u00e9rit\u00e9, car ils sont victimes de r\u00e9pression, de menace, de risque de toute sorte, et souvent de disparition forc\u00e9e. Malgr\u00e9 tout, ils sont en premi\u00e8re ligne pour d\u00e9noncer l\u2019injustice, l\u2019autoritarisme, pour pr\u00e9venir la corruption, et pour un monde plus juste. Ils sont confront\u00e9s \u00e0 des difficult\u00e9s pour acc\u00e9der \u00e0 certains d\u00e9tenus, malgr\u00e9 les engagements du gouvernement \u00e0 respecter les obligations internationales. Le r\u00f4le des acteurs des droits de l\u2019homme n\u2019est pas d\u2019\u00eatre juge ou justicier, mais pour rappeler l\u2019obligation de respecter les textes, de souligner s\u2019ils sont viol\u00e9s, les responsabilit\u00e9s des auteurs et les droits des victimes. La d\u00e9nonciation n\u2019est pas de donner raison ou tort, mais de dire si un droit a \u00e9t\u00e9 viol\u00e9.<\/p>\n\n\n\n<p>La libert\u00e9 d\u2019expression traverse des moments difficiles, marqu\u00e9s par les conditions de vie et de travail difficiles, la d\u00e9pendance \u00e9conomique, le difficile acc\u00e8s \u00e0 l\u2019information. Ils exercent et investiguent au prix de leur vie. Il y a une n\u00e9cessit\u00e9 de prot\u00e9ger suffisamment les media pour qu\u2019ils puissent livrer des informations v\u00e9rifi\u00e9es et cr\u00e9dibles. Le contexte de la crise politique et s\u00e9curitaire est sans doute marqu\u00e9 par l\u2019autocensure des media, qui essaient de se frayer un chemin parmi les tenants du pouvoir, l\u2019opposition et la neutralit\u00e9. A cet effet s\u2019impose un m\u00e9canisme de protection des journalistes. En cas de menace, quelle alerte donner et \u00e0 quelle r\u00e9ponse s\u2019attendre ?<\/p>\n\n\n\n<p>B. Daou<\/p>\n\n\n\n<p><strong>Le R\u00e9publicain Mali<\/strong><\/p>\n\n\n\n<p><\/p>\n","protected":false},"excerpt":{"rendered":"<p>L\u2019Ambassade des Etats-Unis au Mali a c\u00e9l\u00e9br\u00e9 la journ\u00e9e internationale des Droits de l\u2019Homme, en organisant, le vendredi \u00e0 l\u2019Ambassade, une table ronde sur la libert\u00e9 d\u2019expression au Mali. C\u2019\u00e9tait&hellip;<\/p>\n","protected":false},"author":1,"featured_media":10684,"comment_status":"open","ping_status":"closed","sticky":false,"template":"","format":"standard","meta":{"content-type":"","_lmt_disableupdate":"","_lmt_disable":"","_jetpack_memberships_contains_paid_content":false,"footnotes":"","jetpack_publicize_message":"","jetpack_publicize_feature_enabled":true,"jetpack_social_post_already_shared":true,"jetpack_social_options":{"image_generator_settings":{"template":"highway","default_image_id":0,"font":"","enabled":false},"version":2}},"categories":[94,69,21],"tags":[],"class_list":["post-10683","post","type-post","status-publish","format-standard","has-post-thumbnail","hentry","category-droits-humains","category-le-republicain-mali","category-societe"],"jetpack_publicize_connections":[],"featured_image_urls":{"full":"","thumbnail":"","medium":"","medium_large":"","large":"","1536x1536":"","2048x2048":"","penci-recipe-1200x1200":"","penci-recipe-1200x900":"","penci-recipe-1200x675":"","penci-single-full":"","penci-slider-full-thumb":"","penci-full-thumb":"","penci-slider-thumb":"","penci-magazine-slider":"","penci-thumb":"","penci-masonry-thumb":"","penci-thumb-square":"","penci-thumb-vertical":"","penci-thumb-small":""},"author_info":{"display_name":"Nandi","author_link":"https:\/\/nandi.info\/?author=1"},"category_info":"<a href=\"https:\/\/nandi.info\/?cat=94\" rel=\"category\">Droits Humains<\/a> <a href=\"https:\/\/nandi.info\/?cat=69\" rel=\"category\">Le R\u00e9publicain Mali<\/a> <a href=\"https:\/\/nandi.info\/?cat=21\" rel=\"category\">Soci\u00e9t\u00e9<\/a>","tag_info":"Soci\u00e9t\u00e9","comment_count":"0","jetpack_featured_media_url":"","jetpack_sharing_enabled":true,"_links":{"self":[{"href":"https:\/\/nandi.info\/index.php?rest_route=\/wp\/v2\/posts\/10683","targetHints":{"allow":["GET"]}}],"collection":[{"href":"https:\/\/nandi.info\/index.php?rest_route=\/wp\/v2\/posts"}],"about":[{"href":"https:\/\/nandi.info\/index.php?rest_route=\/wp\/v2\/types\/post"}],"author":[{"embeddable":true,"href":"https:\/\/nandi.info\/index.php?rest_route=\/wp\/v2\/users\/1"}],"replies":[{"embeddable":true,"href":"https:\/\/nandi.info\/index.php?rest_route=%2Fwp%2Fv2%2Fcomments&post=10683"}],"version-history":[{"count":0,"href":"https:\/\/nandi.info\/index.php?rest_route=\/wp\/v2\/posts\/10683\/revisions"}],"wp:featuredmedia":[{"embeddable":true,"href":"https:\/\/nandi.info\/index.php?rest_route=\/"}],"wp:attachment":[{"href":"https:\/\/nandi.info\/index.php?rest_route=%2Fwp%2Fv2%2Fmedia&parent=10683"}],"wp:term":[{"taxonomy":"category","embeddable":true,"href":"https:\/\/nandi.info\/index.php?rest_route=%2Fwp%2Fv2%2Fcategories&post=10683"},{"taxonomy":"post_tag","embeddable":true,"href":"https:\/\/nandi.info\/index.php?rest_route=%2Fwp%2Fv2%2Ftags&post=10683"}],"curies":[{"name":"wp","href":"https:\/\/api.w.org\/{rel}","templated":true}]}}