{"id":10680,"date":"2022-12-13T11:08:24","date_gmt":"2022-12-13T10:08:24","guid":{"rendered":"https:\/\/nandi.info\/?p=10680"},"modified":"2022-12-13T11:08:24","modified_gmt":"2022-12-13T10:08:24","slug":"26eme-edition-de-lespace-dinterpellation-democratique-du-mali-les-memes-maux-toujours-pas-de-remedes","status":"publish","type":"post","link":"https:\/\/nandi.info\/?p=10680","title":{"rendered":"26\u00e8me \u00e9dition de l\u2019Espace d\u2019Interpellation D\u00e9mocratique du Mali : Les m\u00eames maux, toujours pas de rem\u00e8des"},"content":{"rendered":"\n<p class=\"has-drop-cap\">Le colonel Abdoulaye Ma\u00efga, ministre d\u2019Etat, ministre de l\u2019administration territoriale et de la d\u00e9centralisation et porte-parole du gouvernement, repr\u00e9sentant le Premier Ministre, Choguel Kokalla Ma\u00efga, a pr\u00e9sid\u00e9, le 10 d\u00e9cembre 2022, les travaux de la 26\u00e8me \u00e9dition de l\u2019Espace d\u2019Interpellation D\u00e9mocratique (EID). Il ressort, apr\u00e8s les d\u00e9pouillements, que les litiges domaniaux et fonciers, les demandes de paiements de droits, les difficult\u00e9s li\u00e9es \u00e0 l\u2019acc\u00e8s \u00e0 la justice, l\u2019inex\u00e9cution des d\u00e9cisions de justice, les demandes de r\u00e9gularisation de situations administratives, les demandes d\u2019assistance, l\u2019ex\u00e9cution des march\u00e9s et contrats, les violations des droits humains, et les atteintes au patrimoine culturel, sont entre autres, les sujets qui ont marqu\u00e9 cette 26\u00e8me \u00e9dition.<\/p>\n\n\n\n<p>Comme d\u2019habitude, pr\u00e9sidents d\u2019institutions, ministres, responsables d\u2019organisations de la soci\u00e9t\u00e9 civile, d\u2019associations des d\u00e9fense des droits de l\u2019Homme, syndicats, citoyens, repr\u00e9sentations diplomatiques et consulaires, organisations internationales accr\u00e9dit\u00e9es au Mali, forces arm\u00e9es du Mali, autorit\u00e9s communales, l\u00e9gitimit\u00e9s traditionnelles et religieuses, en pr\u00e9sence des membres du jury d\u2019honneur dont Boureima Allaye Tour\u00e9, ont massivement pris part \u00e0 cet exercice d\u00e9mocratique.<\/p>\n\n\n\n<p>Le M\u00e9diateur de la R\u00e9publique, Sanogo Aminata Mall\u00e9, a salu\u00e9 les partenaires qui accompagnent depuis une d\u00e9cennie le M\u00e9diateur de la R\u00e9publique dans le cadre de la consolidation de l\u2019\u00e9tat de droit, la protection des droits et des libert\u00e9s, et la bonne gouvernance. Elle a aussi salu\u00e9 l\u2019accompagnement des m\u00e9dias gr\u00e2ce auxquels l\u2019exercice a pu r\u00e9sister \u00e0 l\u2019\u00e9preuve du temps et contribuer \u00e0 la consolidation de l\u2019\u00e9tat de droit au Mali.<\/p>\n\n\n\n<p>Au titre de cette 26\u00e8me \u00e9dition de l\u2019EID, dit Mme Sanogo Aminata Mall\u00e9, le secr\u00e9tariat permanent de l\u2019EID a enregistr\u00e9 334 interpellations contre 280 l\u2019ann\u00e9e derni\u00e8re. \u00ab Les dossiers ont \u00e9t\u00e9 class\u00e9s comme suit : 28 dossiers pour la lecture, 215 pour suite \u00e0 donner, 84 dossiers non retenus.<\/p>\n\n\n\n<p>A cela, il faut noter la satisfaction de sept demandes d\u2019interpellations pendant les travaux de d\u00e9pouillement. En effet, le nombre relativement croissant des interpellations de cette session t\u00e9moigne du pragmatisme sur lequel j\u2019ai plac\u00e9 mon mandat, \u00e0 savoir la m\u00e9diation de proximit\u00e9 afin de satisfaire le plus grand nombre des concitoyens \u00bb, a-t-elle d\u00e9clar\u00e9.<\/p>\n\n\n\n<p>Avant de pr\u00e9ciser que sur les 334 interpellations re\u00e7ues, 240 proviennent des d\u00e9l\u00e9gations territoriales. Cet enthousiasme pour l\u2019EID, selon elle, est le fruit de la mise en \u0153uvre du plan strat\u00e9gique de communication \u00e9labor\u00e9 \u00e0 cet effet. \u00ab C\u2019est ainsi que du 2 janvier au 30 novembre 2022, mes services ont accueilli, \u00e9cout\u00e9, orient\u00e9 5 366 usagers dont 2 541 \u00e0 Bamako et 2 825 au niveau des d\u00e9l\u00e9gations territoriales.<\/p>\n\n\n\n<p>Il faut noter la hausse du taux de participation des femmes qui est pass\u00e9 de 27 interpellations en 2021 \u00e0 45 cette ann\u00e9e, soit 13, 48%. Je lance un appel aux regroupements de la diaspora malienne en vue d\u2019appuyer les efforts du M\u00e9diateur pour la participation des compatriotes de l\u2019ext\u00e9rieur \u00e0 ce forum \u00bb, a-t-elle soulign\u00e9.<\/p>\n\n\n\n<p>Selon Sanogo Aminata Mall\u00e9, le d\u00e9pouillement des interpellations fait appara\u00eetre la pr\u00e9dominance des litiges domaniaux et fonciers, suivis des demandes de paiements de droits, des difficult\u00e9s li\u00e9es \u00e0 l\u2019acc\u00e8s \u00e0 la justice, de l\u2019inex\u00e9cution des d\u00e9cisions de justice, des demandes de r\u00e9gularisation des situations administratives, des demandes d\u2019assistance, de l\u2019ex\u00e9cution des march\u00e9s et contrats, des violations des droits humains, et des atteintes au patrimoine culturel. \u00ab Je salue l\u2019initiative pr\u00e9sidentielle relative \u00e0 la cons\u00e9cration de la journ\u00e9e du 11 novembre d\u00e9di\u00e9e \u00e0 nos honorables et respectables l\u00e9gitimit\u00e9s traditionnelles. De m\u00eame, l\u2019adoption de la loi portant modification et ratification par le CNT de l\u2019ordonnance du 24 d\u00e9cembre 2020 portant loi domaniale et fonci\u00e8re et la finalisation de l\u2019informatisation du cadastre contribueront \u00e0 la mise en \u0153uvre effective de la politique domaniale et fonci\u00e8re. L\u2019information du cadastre minier proc\u00e8de aussi de la m\u00eame volont\u00e9 d\u2019assainir le secteur minier permettant ainsi aux acteurs concern\u00e9s d\u2019avoir un regard prospectif sur ledit secteur \u00bb, a indiqu\u00e9 le M\u00e9diateur de la R\u00e9publique.<\/p>\n\n\n\n<p>Le M\u00e9diateur de la R\u00e9publique se r\u00e9jouit des mesures prises par les autorit\u00e9s de la transition pour assainir le cadre de vie des populations et r\u00e9pondre avec efficience aux exigences de nouveaux d\u00e9fis li\u00e9s \u00e0 la protection de l\u2019environnement et aux changements climatiques. \u00ab Je salue les efforts du gouvernement pour les r\u00e9formes politiques et institutionnelles en cours dans le cadre de la refondation de l\u2019Etat \u00bb, a fait savoir Sanogo Aminata Mall\u00e9.<\/p>\n\n\n\n<p>Avant d\u2019inviter les membres du jury d\u2019honneur \u00e0 porter une oreille attentive aux pr\u00e9occupations des interpellateurs. \u00ab Messieurs et dames du Jury d\u2019honneur, l\u2019attente des Maliens des sessions de l\u2019EID est de plus en plus croissante. Ils fondent leurs espoirs sur le M\u00e9diateur de la R\u00e9publique pour trouver des solutions pratiques \u00e0 leurs pr\u00e9occupations l\u00e9gitimes. Je demeure convaincue que les dossiers soumis \u00e0 votre appr\u00e9ciation seront examin\u00e9s avec minutie et impartialit\u00e9 \u00bb, dit-elle.<\/p>\n\n\n\n<p>A l\u2019endroit de l\u2019Etat, dit-elle, conform\u00e9ment \u00e0 notre slogan, \u00ab un recours pour le citoyen, un conseil pour l\u2019administration\u00bb, je voudrais encore attirer votre attention sur le respect par l\u2019administration, des principes d\u2019\u00e9galit\u00e9, de transparence, de neutralit\u00e9, d\u2019impartialit\u00e9, et surtout d\u2019\u00e9quit\u00e9. Car de nos jours, selon elle, l\u2019injustice conduit de plus en plus les citoyens \u00e0 se rendre justice eux-m\u00eames. \u00ab Ce qui met en p\u00e9ril le vivre ensemble. D\u2019o\u00f9 la n\u00e9cessit\u00e9 de veiller \u00e0 la bonne distribution de la justice dans les d\u00e9lais raisonnables\u00bb, a-t-elle pr\u00e9cis\u00e9.<\/p>\n\n\n\n<p>Le ministre d\u2019Etat, Abdoulaye Ma\u00efga, a indiqu\u00e9 que l\u2019EID traduit la volont\u00e9 de l\u2019administration publique de g\u00e9rer les affaires en toute transparence en laissant la possibilit\u00e9 aux usagers de l\u2019interpeller publiquement. Il traduit aussi, ajoute-t-il, notre attachement aux vertus du dialogue, fondement de notre culture, puisque l\u2019interpellation du gouvernement est une possibilit\u00e9 suppl\u00e9mentaire offerte aux usagers de reclamer leurs droits de mani\u00e8re pacifique. \u00ab Cela mat\u00e9rialise la vision du pr\u00e9sident de la transition qui per\u00e7oit la population malienne comme le centre de gravit\u00e9 de la transition pour refonder le Mali \u00bb, dit-il. De fortes recommandations ont \u00e9t\u00e9 formul\u00e9es par les membres du jury d\u2019honeur.<\/p>\n\n\n\n<p>A titre de rappel, la 25\u00e8me \u00e9dition a enregistr\u00e9 280 demandes d\u2019interpellations dont 206 retenues. Sur ces 206, 53 ont fait l\u2019objet de lecture publique et 153 pour suite \u00e0 donner. Les 53 interpellations retenues pour la lecture ont toutes re\u00e7u des d\u00e9partements minist\u00e9riels interpell\u00e9s, soit un taux d\u2019ex\u00e9cution de 100%.<\/p>\n\n\n\n<p>A souligner que sur les 53 interpellations, 22 avaient d\u00e9j\u00e0 \u00e9t\u00e9 satisfaites par les minist\u00e8res concern\u00e9s avant le 10 d\u00e9cembre 2021. S\u2019agissant des 153 interpellations retenues pour suite \u00e0 donner, 144 ont eu des r\u00e9ponses, soit un taux d\u2019ex\u00e9cution de 94,11%. Le reste est en cours de traitement.<\/p>\n\n\n\n<p>Quant aux 31 recommandations formul\u00e9es par le jury d\u2019honneur \u00e0 l\u2019endroit des d\u00e9partements interpell\u00e9s, 28 ont re\u00e7u des suites, soit un taux de 90, 32%. \u00abCe bilan m\u2019autorise \u00e0 remercier tous les d\u00e9partements minist\u00e9riels pour l\u2019int\u00e9r\u00eat qu\u2019ils accordent \u00e0 ce forum d\u00e9mocratique qui contribue \u00e0 l\u2019am\u00e9lioration des relations entre l\u2019administration et les usagers du service publique. Mais j\u2019attire votre attention sur les dispositions idoines \u00e0 prendre en vue de la mise en \u0153uvre effective des recommandations et des engagements pris \u00bb, a fait savoir Sanogo Aminata Mall\u00e9.<\/p>\n\n\n\n<p>Pour appel, l\u2019EID a d\u00e9but\u00e9 en 1994, sous l\u2019impulsion du Minist\u00e8re de la justice, en collaboration avec celui de la Culture et de la communication, avant d\u2019\u00eatre institu\u00e9 en forum annuel deux ann\u00e9es plus tard en 1996. Apr\u00e8s deux d\u00e9cennies de pratique, l\u2019organisation de ce forum a \u00e9t\u00e9 confi\u00e9e au M\u00e9diateur de la R\u00e9publique en 2012.<\/p>\n\n\n\n<p><strong>Hadama B. Fofana<\/strong><\/p>\n","protected":false},"excerpt":{"rendered":"<p>Le colonel Abdoulaye Ma\u00efga, ministre d\u2019Etat, ministre de l\u2019administration territoriale et de la d\u00e9centralisation et porte-parole du gouvernement, repr\u00e9sentant le Premier Ministre, Choguel Kokalla Ma\u00efga, a pr\u00e9sid\u00e9, le 10 d\u00e9cembre&hellip;<\/p>\n","protected":false},"author":1,"featured_media":7765,"comment_status":"open","ping_status":"closed","sticky":false,"template":"","format":"standard","meta":{"content-type":"","_lmt_disableupdate":"","_lmt_disable":"","_jetpack_memberships_contains_paid_content":false,"footnotes":"","jetpack_publicize_message":"","jetpack_publicize_feature_enabled":true,"jetpack_social_post_already_shared":true,"jetpack_social_options":{"image_generator_settings":{"template":"highway","default_image_id":0,"font":"","enabled":false},"version":2}},"categories":[69,21],"tags":[],"class_list":["post-10680","post","type-post","status-publish","format-standard","has-post-thumbnail","hentry","category-le-republicain-mali","category-societe"],"jetpack_publicize_connections":[],"featured_image_urls":{"full":"","thumbnail":"","medium":"","medium_large":"","large":"","1536x1536":"","2048x2048":"","penci-recipe-1200x1200":"","penci-recipe-1200x900":"","penci-recipe-1200x675":"","penci-single-full":"","penci-slider-full-thumb":"","penci-full-thumb":"","penci-slider-thumb":"","penci-magazine-slider":"","penci-thumb":"","penci-masonry-thumb":"","penci-thumb-square":"","penci-thumb-vertical":"","penci-thumb-small":""},"author_info":{"display_name":"Nandi","author_link":"https:\/\/nandi.info\/?author=1"},"category_info":"<a href=\"https:\/\/nandi.info\/?cat=69\" rel=\"category\">Le R\u00e9publicain Mali<\/a> <a href=\"https:\/\/nandi.info\/?cat=21\" rel=\"category\">Soci\u00e9t\u00e9<\/a>","tag_info":"Soci\u00e9t\u00e9","comment_count":"0","jetpack_featured_media_url":"","jetpack_sharing_enabled":true,"_links":{"self":[{"href":"https:\/\/nandi.info\/index.php?rest_route=\/wp\/v2\/posts\/10680","targetHints":{"allow":["GET"]}}],"collection":[{"href":"https:\/\/nandi.info\/index.php?rest_route=\/wp\/v2\/posts"}],"about":[{"href":"https:\/\/nandi.info\/index.php?rest_route=\/wp\/v2\/types\/post"}],"author":[{"embeddable":true,"href":"https:\/\/nandi.info\/index.php?rest_route=\/wp\/v2\/users\/1"}],"replies":[{"embeddable":true,"href":"https:\/\/nandi.info\/index.php?rest_route=%2Fwp%2Fv2%2Fcomments&post=10680"}],"version-history":[{"count":0,"href":"https:\/\/nandi.info\/index.php?rest_route=\/wp\/v2\/posts\/10680\/revisions"}],"wp:featuredmedia":[{"embeddable":true,"href":"https:\/\/nandi.info\/index.php?rest_route=\/"}],"wp:attachment":[{"href":"https:\/\/nandi.info\/index.php?rest_route=%2Fwp%2Fv2%2Fmedia&parent=10680"}],"wp:term":[{"taxonomy":"category","embeddable":true,"href":"https:\/\/nandi.info\/index.php?rest_route=%2Fwp%2Fv2%2Fcategories&post=10680"},{"taxonomy":"post_tag","embeddable":true,"href":"https:\/\/nandi.info\/index.php?rest_route=%2Fwp%2Fv2%2Ftags&post=10680"}],"curies":[{"name":"wp","href":"https:\/\/api.w.org\/{rel}","templated":true}]}}