{"id":10672,"date":"2022-12-11T13:21:00","date_gmt":"2022-12-11T12:21:00","guid":{"rendered":"https:\/\/nandi.info\/?p=10672"},"modified":"2022-12-11T13:21:00","modified_gmt":"2022-12-11T12:21:00","slug":"mali-minusma-une-convergence-de-vue-pour-atteindre-les-objectifs","status":"publish","type":"post","link":"https:\/\/nandi.info\/?p=10672","title":{"rendered":"Mali-Minusma : Une convergence de vue pour atteindre les objectifs"},"content":{"rendered":"\n<p><strong><em>Le Secr\u00e9taire g\u00e9n\u00e9ral adjoint de l\u2019Onu pour les Op\u00e9rations de maintien de la paix, Jean-Pierre Lacroix \u00e9tait en visite de 48h cette semaine \u00e0 Bamako. Ce dernier a rencontr\u00e9 les autorit\u00e9s maliennes pour discuter de la revue strat\u00e9gique de la Minusma. Selon le num\u00e9ro 2 des Nations unies, il y a une convergence de vue entre Bamako et l\u2019Onu pour atteindre les objectifs et priorit\u00e9s.&nbsp;<\/em><\/strong><\/p>\n\n\n\n<p class=\"has-drop-cap\">Dans le cadre de la revue strat\u00e9gique voulue par les membres du Conseil de S\u00e9curit\u00e9 des Nations unies en vue d\u2019un examen interne de la Minusma, le Secr\u00e9taire g\u00e9n\u00e9ral adjoint de l\u2019Onu pour les Op\u00e9rations de maintien de la paix, Jean-Pierre Lacroix a effectu\u00e9 cette semaine une visite de deux jours au Mali o\u00f9 il a rencontr\u00e9 les autorit\u00e9s de Transition.<\/p>\n\n\n\n<p>D\u2019abord il a \u00e9t\u00e9 re\u00e7u en audience par le chef de la diplomatie malienne, Abdoulaye Diop, par la suite suivi d\u2019une s\u00e9ance de travail \u00e9largi \u00e0 quelques membres du gouvernement parmi lesquels Sadio Camara, ministre de la D\u00e9fense et des Anciens combattants.<\/p>\n\n\n\n<p>Selon le Secr\u00e9taire g\u00e9n\u00e9ral adjoint de l\u2019Onu pour les Op\u00e9rations de maintien de la paix, il y a une convergence de vue pour atteindre les objectifs et priorit\u00e9s en mati\u00e8re de s\u00e9curit\u00e9 des populations civiles. Pour cela M. Lacroix affirme que pour atteindre cette convergence de vue, il faut marcher sur deux jambes.<\/p>\n\n\n\n<p>\u00ab&nbsp;<em>Nous avons besoin de marcher sur deux jambes. La premi\u00e8re, c\u2019est l\u2019appui, la bonne coordination et la bonne synergie avec le Mali. La deuxi\u00e8me, c\u2019est le soutien de nos Etats membres<\/em>&nbsp;\u00bb, a indiqu\u00e9 le num\u00e9ro 2 de l\u2019Onu.<\/p>\n\n\n\n<p>Abdoulaye Diop, ministre des Affaires \u00e9trang\u00e8res et de la Coop\u00e9ration international a fait attendre \u00e0 son h\u00f4te que le Mali a mis d\u00e9j\u00e0 en avant sa pr\u00e9occupation, ses attentes et ses priorit\u00e9s.<\/p>\n\n\n\n<p>\u00ab&nbsp;<em>Certes, il y a une convergence dans la vision. Mais notre coop\u00e9ration avec les Nations unies sera jug\u00e9e \u00e0 l\u2019aune de l\u2019efficacit\u00e9 ou de l\u2019am\u00e9lioration que nous pouvons apporter \u00e0 la s\u00e9curit\u00e9 des Maliens<\/em>&nbsp;\u00bb, a fait comprendre le chef de la diplomatie malienne.<\/p>\n\n\n\n<p>En fin de mission le Pr\u00e9sident de la Transition a accord\u00e9 une audience au diplomate onusien pour discuter des probl\u00e8mes cruciaux autour de la mise en \u0153uvre du mandat de la Mission multidimensionnelle int\u00e9gr\u00e9e des Nations unies pour la stabilisation au Mali, un mandat qui ne cesse d\u2019attiser davantage les relations entre le Mali et les Nations unies.<\/p>\n\n\n\n<p><strong>Ousmane Mahamane<\/strong><\/p>\n","protected":false},"excerpt":{"rendered":"<p>Le Secr\u00e9taire g\u00e9n\u00e9ral adjoint de l\u2019Onu pour les Op\u00e9rations de maintien de la paix, Jean-Pierre Lacroix \u00e9tait en visite de 48h cette semaine \u00e0 Bamako. Ce dernier a rencontr\u00e9 les&hellip;<\/p>\n","protected":false},"author":1,"featured_media":10674,"comment_status":"open","ping_status":"closed","sticky":false,"template":"","format":"standard","meta":{"content-type":"","_lmt_disableupdate":"","_lmt_disable":"","_jetpack_memberships_contains_paid_content":false,"footnotes":"","jetpack_publicize_message":"","jetpack_publicize_feature_enabled":true,"jetpack_social_post_already_shared":true,"jetpack_social_options":{"image_generator_settings":{"template":"highway","default_image_id":0,"font":"","enabled":false},"version":2}},"categories":[33,21],"tags":[],"class_list":["post-10672","post","type-post","status-publish","format-standard","has-post-thumbnail","hentry","category-mali-tribune","category-societe"],"jetpack_publicize_connections":[],"featured_image_urls":{"full":"","thumbnail":"","medium":"","medium_large":"","large":"","1536x1536":"","2048x2048":"","penci-recipe-1200x1200":"","penci-recipe-1200x900":"","penci-recipe-1200x675":"","penci-single-full":"","penci-slider-full-thumb":"","penci-full-thumb":"","penci-slider-thumb":"","penci-magazine-slider":"","penci-thumb":"","penci-masonry-thumb":"","penci-thumb-square":"","penci-thumb-vertical":"","penci-thumb-small":""},"author_info":{"display_name":"Nandi","author_link":"https:\/\/nandi.info\/?author=1"},"category_info":"<a href=\"https:\/\/nandi.info\/?cat=33\" rel=\"category\">Mali Tribune<\/a> <a href=\"https:\/\/nandi.info\/?cat=21\" rel=\"category\">Soci\u00e9t\u00e9<\/a>","tag_info":"Soci\u00e9t\u00e9","comment_count":"0","jetpack_featured_media_url":"","jetpack_sharing_enabled":true,"_links":{"self":[{"href":"https:\/\/nandi.info\/index.php?rest_route=\/wp\/v2\/posts\/10672","targetHints":{"allow":["GET"]}}],"collection":[{"href":"https:\/\/nandi.info\/index.php?rest_route=\/wp\/v2\/posts"}],"about":[{"href":"https:\/\/nandi.info\/index.php?rest_route=\/wp\/v2\/types\/post"}],"author":[{"embeddable":true,"href":"https:\/\/nandi.info\/index.php?rest_route=\/wp\/v2\/users\/1"}],"replies":[{"embeddable":true,"href":"https:\/\/nandi.info\/index.php?rest_route=%2Fwp%2Fv2%2Fcomments&post=10672"}],"version-history":[{"count":0,"href":"https:\/\/nandi.info\/index.php?rest_route=\/wp\/v2\/posts\/10672\/revisions"}],"wp:featuredmedia":[{"embeddable":true,"href":"https:\/\/nandi.info\/index.php?rest_route=\/"}],"wp:attachment":[{"href":"https:\/\/nandi.info\/index.php?rest_route=%2Fwp%2Fv2%2Fmedia&parent=10672"}],"wp:term":[{"taxonomy":"category","embeddable":true,"href":"https:\/\/nandi.info\/index.php?rest_route=%2Fwp%2Fv2%2Fcategories&post=10672"},{"taxonomy":"post_tag","embeddable":true,"href":"https:\/\/nandi.info\/index.php?rest_route=%2Fwp%2Fv2%2Ftags&post=10672"}],"curies":[{"name":"wp","href":"https:\/\/api.w.org\/{rel}","templated":true}]}}