{"id":10669,"date":"2022-12-11T13:01:00","date_gmt":"2022-12-11T12:01:00","guid":{"rendered":"https:\/\/nandi.info\/?p=10669"},"modified":"2022-12-11T13:01:00","modified_gmt":"2022-12-11T12:01:00","slug":"riz-le-mali-deuxieme-producteur-africain","status":"publish","type":"post","link":"https:\/\/nandi.info\/?p=10669","title":{"rendered":"Riz : Le Mali, deuxi\u00e8me producteur africain"},"content":{"rendered":"\n<p><strong><em>La 5\u00e8 \u00e9dition<\/em><\/strong><strong>&nbsp;<em>de la journ\u00e9e nationale du riz<\/em>&nbsp;<em>a ouvert ses portes le 7 d\u00e9cembre dernier. Le Mali, deuxi\u00e8me producteur africain, ambitionne de porter haut cette sp\u00e9culation.<\/em><\/strong><\/p>\n\n\n\n<p class=\"has-drop-cap\">La fili\u00e8re riz malienne a connu ces derniers temps une ascension fulgurante en se classant 2\u00e8 derri\u00e8re le Nigeria avec une production record de plus de 2 millions de tonnes contre plus de 3 millions pour le Nigeria.<\/p>\n\n\n\n<p>Ce r\u00e9sultat enregistr\u00e9 par la fili\u00e8re est le fruit des efforts consentis par le gouvernement et les partenaires en faveur du d\u00e9veloppement de la riziculture. M. Diallo, lors de la journ\u00e9e, a remerci\u00e9 et f\u00e9licit\u00e9 Ifriz-Mali, l\u2019interprofession de la fili\u00e8re riz au Mali, pour son \u00ab&nbsp;r\u00f4le primordial&nbsp;\u00bb.&nbsp;<em>\u00ab&nbsp;Malgr\u00e9 son jeune \u00e2ge, Ifriz-Mali s\u2019est impos\u00e9e comme un acteur incontournable en s\u2019attaquant aux maux qui minent la profession rizicole \u00e0 savoir l\u2019organisation des acteurs, la recherche et la stabilisation des march\u00e9s&nbsp;\u00bb<\/em>.<\/p>\n\n\n\n<p>Cr\u00e9\u00e9e le 23 mars 2016, l\u2019interprofession fili\u00e8re Riz au Mali est une organisation agricole \u00e0 caract\u00e8re associatif, apolitique et non confessionnelle. Elle a comme missions, en collaboration avec l\u2019\u00c9tat, la consolidation des acquis de la fili\u00e8re riz du Mali, de l\u2019optimiser et de rentabiliser les entreprises de production, de transformation, et de commercialisation du riz et des produits d\u00e9riv\u00e9s.<\/p>\n\n\n\n<p>Le pr\u00e9sident d\u2019Ifriz- Mali M. Faliry Boly, regrette la hausse du prix du riz. Pour lui, le contexte mondial explique cette tension. Il demande quand m\u00eame aux producteurs de redoubler d\u2019effort pour que les prix soient raisonnables sur le march\u00e9, pour que les producteurs tirent profits de leur travail et les transformateurs, commer\u00e7ants et les transporteurs, soient dans leurs frais.<\/p>\n\n\n\n<p>La c\u00e9r\u00e9monie a pris fin par une foire exposant les qualit\u00e9s de riz et les mati\u00e8res \u00e0 base de riz.<\/p>\n\n\n\n<p><strong>Aboubacar Sidiki Diarra<\/strong><\/p>\n\n\n\n<p><strong>(<em>Stagiaire<\/em>)<\/strong><\/p>\n\n\n\n<p><strong>Mali Tribune<\/strong><\/p>\n","protected":false},"excerpt":{"rendered":"<p>La 5\u00e8 \u00e9dition&nbsp;de la journ\u00e9e nationale du riz&nbsp;a ouvert ses portes le 7 d\u00e9cembre dernier. Le Mali, deuxi\u00e8me producteur africain, ambitionne de porter haut cette sp\u00e9culation. La fili\u00e8re riz malienne&hellip;<\/p>\n","protected":false},"author":1,"featured_media":10670,"comment_status":"open","ping_status":"closed","sticky":false,"template":"","format":"standard","meta":{"content-type":"","_lmt_disableupdate":"","_lmt_disable":"","_jetpack_memberships_contains_paid_content":false,"footnotes":"","jetpack_publicize_message":"","jetpack_publicize_feature_enabled":true,"jetpack_social_post_already_shared":true,"jetpack_social_options":{"image_generator_settings":{"template":"highway","default_image_id":0,"font":"","enabled":false},"version":2}},"categories":[60,30,33],"tags":[],"class_list":["post-10669","post","type-post","status-publish","format-standard","has-post-thumbnail","hentry","category-agriculture","category-economie","category-mali-tribune"],"jetpack_publicize_connections":[],"featured_image_urls":{"full":"","thumbnail":"","medium":"","medium_large":"","large":"","1536x1536":"","2048x2048":"","penci-recipe-1200x1200":"","penci-recipe-1200x900":"","penci-recipe-1200x675":"","penci-single-full":"","penci-slider-full-thumb":"","penci-full-thumb":"","penci-slider-thumb":"","penci-magazine-slider":"","penci-thumb":"","penci-masonry-thumb":"","penci-thumb-square":"","penci-thumb-vertical":"","penci-thumb-small":""},"author_info":{"display_name":"Nandi","author_link":"https:\/\/nandi.info\/?author=1"},"category_info":"<a href=\"https:\/\/nandi.info\/?cat=60\" rel=\"category\">Agriculture<\/a> <a href=\"https:\/\/nandi.info\/?cat=30\" rel=\"category\">Economie<\/a> <a href=\"https:\/\/nandi.info\/?cat=33\" rel=\"category\">Mali Tribune<\/a>","tag_info":"Mali Tribune","comment_count":"0","jetpack_featured_media_url":"","jetpack_sharing_enabled":true,"_links":{"self":[{"href":"https:\/\/nandi.info\/index.php?rest_route=\/wp\/v2\/posts\/10669","targetHints":{"allow":["GET"]}}],"collection":[{"href":"https:\/\/nandi.info\/index.php?rest_route=\/wp\/v2\/posts"}],"about":[{"href":"https:\/\/nandi.info\/index.php?rest_route=\/wp\/v2\/types\/post"}],"author":[{"embeddable":true,"href":"https:\/\/nandi.info\/index.php?rest_route=\/wp\/v2\/users\/1"}],"replies":[{"embeddable":true,"href":"https:\/\/nandi.info\/index.php?rest_route=%2Fwp%2Fv2%2Fcomments&post=10669"}],"version-history":[{"count":0,"href":"https:\/\/nandi.info\/index.php?rest_route=\/wp\/v2\/posts\/10669\/revisions"}],"wp:featuredmedia":[{"embeddable":true,"href":"https:\/\/nandi.info\/index.php?rest_route=\/"}],"wp:attachment":[{"href":"https:\/\/nandi.info\/index.php?rest_route=%2Fwp%2Fv2%2Fmedia&parent=10669"}],"wp:term":[{"taxonomy":"category","embeddable":true,"href":"https:\/\/nandi.info\/index.php?rest_route=%2Fwp%2Fv2%2Fcategories&post=10669"},{"taxonomy":"post_tag","embeddable":true,"href":"https:\/\/nandi.info\/index.php?rest_route=%2Fwp%2Fv2%2Ftags&post=10669"}],"curies":[{"name":"wp","href":"https:\/\/api.w.org\/{rel}","templated":true}]}}