{"id":10656,"date":"2022-12-12T10:49:12","date_gmt":"2022-12-12T09:49:12","guid":{"rendered":"https:\/\/nandi.info\/?p=10656"},"modified":"2022-12-12T10:49:12","modified_gmt":"2022-12-12T09:49:12","slug":"13e-edition-des-rencontres-de-bamako-les-artistes-photographes-a-lhonneur-jusquau-8-fevrier-2023","status":"publish","type":"post","link":"https:\/\/nandi.info\/?p=10656","title":{"rendered":"13e \u00e9dition des rencontres de Bamako : Les artistes photographes \u00e0 l\u2019honneur jusqu\u2019au 8 f\u00e9vrier 2023"},"content":{"rendered":"\n<p><strong>Le jeudi 8 d\u00e9cembre 2022, le Mus\u00e9e national du Mali a donn\u00e9 officiellement le ton de la 13e \u00e9dition des rencontres de Bamako, Biennale africaine de la Photographie sous la pr\u00e9sidence du ministre de l\u2019Artisanat, de la Culture, de l\u2019Industrie h\u00f4teli\u00e8re et du Tourisme, Andogoly GUINDO. Un rendez-vous culturel majeur qui sera c\u00e9l\u00e9br\u00e9 jusqu\u2019au 8 f\u00e9vrier 2023, avec la participation d\u2019environ 80 artistes photographes, critiques d\u2019art, peintres, graphistes, journalistes culturels du Mali, d\u2019Afrique et du monde.<\/strong><\/p>\n\n\n\n<p class=\"has-drop-cap\">Bamako abrite du 8 d\u00e9cembre 2022 au 8 f\u00e9vrier 2023, la 13e \u00e9dition de la biennale de la photographie&nbsp;africaine commun\u00e9ment appel\u00e9e les Rencontres de Bamako. Un rendez-vous culturel majeur qui met \u00e0 l\u2019honneur les artistes photographes du Mali, de l\u2019Afrique et du monde.<\/p>\n\n\n\n<p>Se pr\u00e9sentant comme l\u2019\u00e9dition de la r\u00e9silience, compte tenu de la crise multidimensionnelle que traverse le Mali depuis un moment, la 13\u00e8me \u00e9dition des Rencontres de Bamako est plac\u00e9e cette ann\u00e9e sous le signe \u00ab&nbsp;Maa ka Maaya ka ca a yere kono \u2014 Sur la multiplicit\u00e9, la diff\u00e9rence, le devenir et l\u2019h\u00e9ritage\u201d. Une pens\u00e9e du c\u00e9l\u00e8bre auteur Amadou Amp\u00e2t\u00e9 B\u00e2 tir\u00e9e de son ouvrage l\u2019\u00c9trange Destin de Wangrin afin de mettre l\u2019accent sur la diversit\u00e9 et la multiplicit\u00e9 des identit\u00e9s.<\/p>\n\n\n\n<p>Selon les initiateurs, ce th\u00e8me est une invitation&nbsp;\u00e0 r\u00e9fl\u00e9chir collectivement \u00e0&nbsp;<em>\u00ab&nbsp;ces multiplicit\u00e9s d\u2019\u00eatre et de diff\u00e9rences, \u00e0 d\u00e9passer la notion d\u2019\u00eatre unique et \u00e0 embrasser des identit\u00e9s compos\u00e9es, stratifi\u00e9es et fragment\u00e9es, ainsi que des compr\u00e9hensions multiples, complexes et non-lin\u00e9aires de l\u2019espace et du temps&nbsp;\u00bb.<\/em><\/p>\n\n\n\n<p>Donc, au-del\u00e0 du clich\u00e9 c\u2019est aussi un rendez-vous de r\u00e9flexion qui verra la participation d\u2019environ 80 artistes photographes, critiques d\u2019art, peintres, graphistes, journalistes culturels, etc.<\/p>\n\n\n\n<p>En effet, l\u2019importance de l\u2019\u00e9v\u00e8nement a r\u00e9uni lors de la c\u00e9r\u00e9monie d\u2019ouverture, en plus du ministre de l\u2019Artisanat, de la Culture, de l\u2019Industrie h\u00f4teli\u00e8re et du Tourisme, M. Andogoly GUINDO et son cabinet, l\u2019Ambassadeur et Chef de la D\u00e9l\u00e9gation de l\u2019Union europ\u00e9enne au Mali, Bart OUVRY ainsi que plusieurs autres Ambassadeurs et diplomates africains et occidentaux.<\/p>\n\n\n\n<p>En plus du Mus\u00e9e national du Mali, les expositions auront lieu sur plusieurs autres sites de la capitale malienne, notamment, \u00e0 la Maison Africaine de la Photographie, \u00e0 la Gare Ferroviaire de Bamako, au Mus\u00e9e du District de Bamako, au M\u00e9morial Modibo Keita, \u00e0 l\u2019Institut Fran\u00e7ais du Mali, \u00e0 la Galerie M\u00e9dina ainsi qu\u2019au Lyc\u00e9e des Jeunes Filles Ba Aminata Diallo, non moins invit\u00e9 d\u2019honneur de la 13\u00e8me \u00e9dition des Rencontres de Bamako.<\/p>\n\n\n\n<p><em>\u00ab&nbsp;C\u2019est une \u00e9dition aux allures sp\u00e9ciales, tant son organisation dans un contexte sanitaire insaisissable, a \u00e9t\u00e9 \u00e9maill\u00e9e de p\u00e9rip\u00e9ties et d\u2019incertitudes. Il a \u00e9t\u00e9 donn\u00e9 \u00e0 certains de penser et peut-\u00eatre, d\u2019esp\u00e9rer que cette 13\u00e8me \u00e9dition des Rencontres de Bamako ne se tiendra pas. Eh bien, elle est l\u00e0. C\u2019\u00e9tait donc, sans compter sur la d\u00e9termination des hautes autorit\u00e9s de la Transition de relever le d\u00e9fi, pour l\u2019honneur des maliens, pour le bonheur des artistes et pour l\u2019essor de l\u2019art contemporain de la photographie sur le continent&nbsp;\u00bb,<\/em>&nbsp;s\u2019est r\u00e9joui le ministre de l\u2019Artisanat, de la Culture, de l\u2019Industrie h\u00f4teli\u00e8re et du Tourisme, Monsieur Andogoly GUINDO, dans son allocution.<\/p>\n\n\n\n<p>Il estime qu\u2019au-del\u00e0 de l\u2019optique et du clich\u00e9, \u00ab&nbsp;nous c\u00e9l\u00e9brons l\u2019amiti\u00e9 entre les peuples, l\u2019excellence artistique et le renouveau&nbsp;\u00bb.<\/p>\n\n\n\n<p><strong>Issa Djiguiba<\/strong><\/p>\n\n\n\n<p><strong>Le Pays<\/strong><\/p>\n","protected":false},"excerpt":{"rendered":"<p>Le jeudi 8 d\u00e9cembre 2022, le Mus\u00e9e national du Mali a donn\u00e9 officiellement le ton de la 13e \u00e9dition des rencontres de Bamako, Biennale africaine de la Photographie sous la&hellip;<\/p>\n","protected":false},"author":1,"featured_media":10657,"comment_status":"open","ping_status":"closed","sticky":false,"template":"","format":"standard","meta":{"content-type":"","_lmt_disableupdate":"","_lmt_disable":"","_jetpack_memberships_contains_paid_content":false,"footnotes":"","jetpack_publicize_message":"","jetpack_publicize_feature_enabled":true,"jetpack_social_post_already_shared":true,"jetpack_social_options":{"image_generator_settings":{"template":"highway","default_image_id":0,"font":"","enabled":false},"version":2}},"categories":[32],"tags":[],"class_list":["post-10656","post","type-post","status-publish","format-standard","has-post-thumbnail","hentry","category-musique-art-et-culture"],"jetpack_publicize_connections":[],"featured_image_urls":{"full":"","thumbnail":"","medium":"","medium_large":"","large":"","1536x1536":"","2048x2048":"","penci-recipe-1200x1200":"","penci-recipe-1200x900":"","penci-recipe-1200x675":"","penci-single-full":"","penci-slider-full-thumb":"","penci-full-thumb":"","penci-slider-thumb":"","penci-magazine-slider":"","penci-thumb":"","penci-masonry-thumb":"","penci-thumb-square":"","penci-thumb-vertical":"","penci-thumb-small":""},"author_info":{"display_name":"Nandi","author_link":"https:\/\/nandi.info\/?author=1"},"category_info":"<a href=\"https:\/\/nandi.info\/?cat=32\" rel=\"category\">Musique Art et Culture<\/a>","tag_info":"Musique Art et Culture","comment_count":"0","jetpack_featured_media_url":"","jetpack_sharing_enabled":true,"_links":{"self":[{"href":"https:\/\/nandi.info\/index.php?rest_route=\/wp\/v2\/posts\/10656","targetHints":{"allow":["GET"]}}],"collection":[{"href":"https:\/\/nandi.info\/index.php?rest_route=\/wp\/v2\/posts"}],"about":[{"href":"https:\/\/nandi.info\/index.php?rest_route=\/wp\/v2\/types\/post"}],"author":[{"embeddable":true,"href":"https:\/\/nandi.info\/index.php?rest_route=\/wp\/v2\/users\/1"}],"replies":[{"embeddable":true,"href":"https:\/\/nandi.info\/index.php?rest_route=%2Fwp%2Fv2%2Fcomments&post=10656"}],"version-history":[{"count":0,"href":"https:\/\/nandi.info\/index.php?rest_route=\/wp\/v2\/posts\/10656\/revisions"}],"wp:featuredmedia":[{"embeddable":true,"href":"https:\/\/nandi.info\/index.php?rest_route=\/"}],"wp:attachment":[{"href":"https:\/\/nandi.info\/index.php?rest_route=%2Fwp%2Fv2%2Fmedia&parent=10656"}],"wp:term":[{"taxonomy":"category","embeddable":true,"href":"https:\/\/nandi.info\/index.php?rest_route=%2Fwp%2Fv2%2Fcategories&post=10656"},{"taxonomy":"post_tag","embeddable":true,"href":"https:\/\/nandi.info\/index.php?rest_route=%2Fwp%2Fv2%2Ftags&post=10656"}],"curies":[{"name":"wp","href":"https:\/\/api.w.org\/{rel}","templated":true}]}}