{"id":10652,"date":"2022-12-12T10:43:47","date_gmt":"2022-12-12T09:43:47","guid":{"rendered":"https:\/\/nandi.info\/?p=10652"},"modified":"2022-12-12T10:43:47","modified_gmt":"2022-12-12T09:43:47","slug":"62ieme-sommet-de-la-cedeao-le-mali-au-coeur-du-debat-le-communique-final-est-il-une-perche-tendue-a-assimi","status":"publish","type":"post","link":"https:\/\/nandi.info\/?p=10652","title":{"rendered":"62ieme sommet de la CEDEAO, le Mali au c\u0153ur du d\u00e9bat : Le Communiqu\u00e9 final est-il une perche tendue \u00e0 Assimi ?"},"content":{"rendered":"\n<p><strong>La&nbsp; 62\u00e8 session Ordinaire de l\u2019autorit\u00e9 des chefs d\u2019\u00c9tat et de gouvernement de la Communaut\u00e9 \u00e9conomique des \u00c9tats de l\u2019Afrique de l\u2019Ouest (CEDEAO) s\u2019est tenue le dimanche 4 novembre 2022 \u00e0 Abuja R\u00e9publique F\u00e9d\u00e9rale du Nigeria. Les sujets abord\u00e9s \u00e9taient relatives aux&nbsp; questions politico-s\u00e9curitaires, \u00e9conomiques et financi\u00e8res des pays membres. Au cours de cette session les chefs d\u2019Etats et de gouvernements de l\u2019organisation sous r\u00e9gionale ont examin\u00e9 les rapports sur l\u2019\u00e9tat de la Communaut\u00e9, les transitions au Mali, en Guin\u00e9e et au Burkina Faso. Le point d\u2019orgue du sommet a \u00e9t\u00e9 de&nbsp; demander au Mali de lib\u00e9rer les 46 soldats ivoiriens d\u00e9tenus au Mali.&nbsp;<\/strong><\/p>\n\n\n\n<p class=\"has-drop-cap\">Tous les regards des Etats de la sous-r\u00e9gion sont tourn\u00e9s vers le Mali, apr\u00e8s la 62<sup>i\u00e8me<\/sup>&nbsp;session ordinaire des chefs d\u2019Etats et de gouvernements de la Communaut\u00e9 Economique des Etats de l\u2019Afrique de l\u2019ouest, CEDEAO, afin de voir jaillir la fum\u00e9e blanche, celle annon\u00e7ant&nbsp; la lib\u00e9ration des 46 soldats ivoiriens incarc\u00e9r\u00e9s au Mali.&nbsp; Le Communiqu\u00e9 final, au-del\u00e0 des supputations et autres folles rumeurs, n\u2019a \u00e9t\u00e9 qu\u2019une demande polic\u00e9e aux autorit\u00e9s maliennes pour plus de coop\u00e9ration avec ses voisins et surtout une concession majeure sur la question des soldats ivoiriens.&nbsp; En effet, depuis le 10 juillet dernier les autorit\u00e9s maliennes ont arr\u00eat\u00e9 des soldats ivoiriens qu\u2019elles ont&nbsp; qualifi\u00e9 des\u2019\u2019 mercenaires\u2019\u2019 car elles n\u2019avaient pas \u00e9t\u00e9 inform\u00e9es de leur mission par les autorit\u00e9s ivoiriennes disent-elles.&nbsp; Cette affaire empoisonne les relations s\u00e9culaires et multiformes qui lient le Mali \u00e0 la C\u00f4te d\u2019Ivoire. C\u2019est pourquoi loin d\u2019une ing\u00e9rence dans les affaires bilat\u00e9rales de deux pays, la CEDEAO voudrait \u00e9viter un affrontement entre ces deux pays ce qui serait une menace \u00e0 la paix sous r\u00e9gionale, voire mondiale, surtout dans un contexte marqu\u00e9 par la lutte contre le terrorisme. Il revient aux autorit\u00e9s maliennes de donner maintenant une suite favorable \u00e0 la requ\u00eate de la CEDEAO afin que le Mali puisse retrouver toute sa place dans le concert des nations particuli\u00e8rement dans la sous-r\u00e9gion. Assimi Go\u00efta a une autre occasion de redorer son blason en acceptant cette perche tendue par la CEDEAO, car rien qu\u2019\u00e0 en juger par le communiqu\u00e9 final, l\u2019organisation sous r\u00e9gionale semble avoir la volont\u00e9 d\u2019aider le Mali \u00e0 sortir de cette crise multidimensionnelle, afin qu\u2019il renoue avec la bonne marche des pays sans coup d\u2019Etat.<\/p>\n\n\n\n<p>En somme,&nbsp; il est temps que le Mali cherche \u00e0 quitter&nbsp; son isolement pour int\u00e9grer la soci\u00e9t\u00e9 des nations.<\/p>\n\n\n\n<p><strong>Oumou SISSOKO\u00a0\u00a0\u00a0\u00a0<\/strong><\/p>\n\n\n\n<p><strong>L&rsquo;Alternance\u00a0\u00a0\u00a0\u00a0\u00a0\u00a0\u00a0\u00a0\u00a0\u00a0<\/strong><\/p>\n","protected":false},"excerpt":{"rendered":"<p>La&nbsp; 62\u00e8 session Ordinaire de l\u2019autorit\u00e9 des chefs d\u2019\u00c9tat et de gouvernement de la Communaut\u00e9 \u00e9conomique des \u00c9tats de l\u2019Afrique de l\u2019Ouest (CEDEAO) s\u2019est tenue le dimanche 4 novembre 2022&hellip;<\/p>\n","protected":false},"author":1,"featured_media":10653,"comment_status":"open","ping_status":"closed","sticky":false,"template":"","format":"standard","meta":{"content-type":"","_lmt_disableupdate":"","_lmt_disable":"","_jetpack_memberships_contains_paid_content":false,"footnotes":"","jetpack_publicize_message":"","jetpack_publicize_feature_enabled":true,"jetpack_social_post_already_shared":true,"jetpack_social_options":{"image_generator_settings":{"template":"highway","default_image_id":0,"font":"","enabled":false},"version":2}},"categories":[46,68],"tags":[],"class_list":["post-10652","post","type-post","status-publish","format-standard","has-post-thumbnail","hentry","category-cedeao","category-lalternance"],"jetpack_publicize_connections":[],"featured_image_urls":{"full":"","thumbnail":"","medium":"","medium_large":"","large":"","1536x1536":"","2048x2048":"","penci-recipe-1200x1200":"","penci-recipe-1200x900":"","penci-recipe-1200x675":"","penci-single-full":"","penci-slider-full-thumb":"","penci-full-thumb":"","penci-slider-thumb":"","penci-magazine-slider":"","penci-thumb":"","penci-masonry-thumb":"","penci-thumb-square":"","penci-thumb-vertical":"","penci-thumb-small":""},"author_info":{"display_name":"Nandi","author_link":"https:\/\/nandi.info\/?author=1"},"category_info":"<a href=\"https:\/\/nandi.info\/?cat=46\" rel=\"category\">CEDEAO<\/a> <a href=\"https:\/\/nandi.info\/?cat=68\" rel=\"category\">L'alternance<\/a>","tag_info":"L'alternance","comment_count":"0","jetpack_featured_media_url":"","jetpack_sharing_enabled":true,"_links":{"self":[{"href":"https:\/\/nandi.info\/index.php?rest_route=\/wp\/v2\/posts\/10652","targetHints":{"allow":["GET"]}}],"collection":[{"href":"https:\/\/nandi.info\/index.php?rest_route=\/wp\/v2\/posts"}],"about":[{"href":"https:\/\/nandi.info\/index.php?rest_route=\/wp\/v2\/types\/post"}],"author":[{"embeddable":true,"href":"https:\/\/nandi.info\/index.php?rest_route=\/wp\/v2\/users\/1"}],"replies":[{"embeddable":true,"href":"https:\/\/nandi.info\/index.php?rest_route=%2Fwp%2Fv2%2Fcomments&post=10652"}],"version-history":[{"count":0,"href":"https:\/\/nandi.info\/index.php?rest_route=\/wp\/v2\/posts\/10652\/revisions"}],"wp:featuredmedia":[{"embeddable":true,"href":"https:\/\/nandi.info\/index.php?rest_route=\/"}],"wp:attachment":[{"href":"https:\/\/nandi.info\/index.php?rest_route=%2Fwp%2Fv2%2Fmedia&parent=10652"}],"wp:term":[{"taxonomy":"category","embeddable":true,"href":"https:\/\/nandi.info\/index.php?rest_route=%2Fwp%2Fv2%2Fcategories&post=10652"},{"taxonomy":"post_tag","embeddable":true,"href":"https:\/\/nandi.info\/index.php?rest_route=%2Fwp%2Fv2%2Ftags&post=10652"}],"curies":[{"name":"wp","href":"https:\/\/api.w.org\/{rel}","templated":true}]}}