{"id":10648,"date":"2022-12-12T10:38:18","date_gmt":"2022-12-12T09:38:18","guid":{"rendered":"https:\/\/nandi.info\/?p=10648"},"modified":"2022-12-12T10:38:18","modified_gmt":"2022-12-12T09:38:18","slug":"session-du-comite-de-defense-nationale-assimi-salue-les-resultats-tangibles-des-fama","status":"publish","type":"post","link":"https:\/\/nandi.info\/?p=10648","title":{"rendered":"Session du Comit\u00e9 de D\u00e9fense Nationale : Assimi salue les r\u00e9sultats tangibles des FAMa"},"content":{"rendered":"\n<p><strong>Le pr\u00e9sident de la Transition, chef supr\u00eame des arm\u00e9es, le colonel Assimi Go\u00efta a invit\u00e9 les forces de D\u00e9fense et de S\u00e9curit\u00e9 du Mali \u00e0 \u00ab&nbsp;r\u00e9sister aux tentatives regrettables et se concentrer davantage sur les objectifs de s\u00e9curisation, de pacification et de d\u00e9veloppement du Mali pour le bien des populations&nbsp;\u00bb. Il a salu\u00e9 les r\u00e9sultats tangibles de l\u2019arm\u00e9e malienne sur le terrain. C\u2019\u00e9tait \u00e0 l\u2019occasion de la Session du Comit\u00e9 de D\u00e9fense Nationale.<\/strong><\/p>\n\n\n\n<p class=\"has-drop-cap\">L\u2019arm\u00e9e malienne monte en puissance depuis la rectification de la trajectoire de la transition. Les r\u00e9sultats enregistr\u00e9s en longueur de journ\u00e9e sont \u00e9normes. Les d\u00e9fis le sont \u00e9galement. Cette question \u00e9tait effectivement au c\u0153ur de la Session du Comit\u00e9 de D\u00e9fense nationale pr\u00e9sid\u00e9e par le pr\u00e9sident de la transition, le colonel Asssimi Go\u00efta, le jeudi dernier.<\/p>\n\n\n\n<p>A l\u2019entame de ses propos, le ministre de la D\u00e9fense et des Anciens Combattants, Colonel Sadio CAMARA, a salu\u00e9 la volont\u00e9 du chef de l\u2019\u00c9tat de faire de l\u2019arm\u00e9e malienne l\u2019une des meilleures dans la sous-r\u00e9gion. Il a rappel\u00e9 que la s\u00e9curisation de l\u2019arm\u00e9e \u00e9tait l\u2019une des priorit\u00e9s du gouvernement de la transition.&nbsp;<em>\u00ab Cette priorit\u00e9 est justifi\u00e9e par l\u2019\u00e9tat de l\u2019outil de d\u00e9fense, la d\u00e9gradation de la situation s\u00e9curitaire dans notre pays, ainsi que la prise en compte des pr\u00e9occupations fondamentales et des aspirations l\u00e9gitimes de nos populations \u00bb,<\/em>&nbsp;a indiqu\u00e9 le colonel Sadio Camara a qui a salu\u00e9 la dynamique de reconstruction de notre outil de d\u00e9fense. A l\u2019en croire, cette dynamique a permis des&nbsp;<em>\u00ab avanc\u00e9es significatives dans le renforcement des capacit\u00e9s des Forces de D\u00e9fense et de S\u00e9curit\u00e9 Maliennes \u00bb.<\/em><\/p>\n\n\n\n<p><strong>L\u2019appel du colonel Assimi aux FAMa<\/strong><\/p>\n\n\n\n<p>Dans son discours de cl\u00f4ture, le Pr\u00e9sident de la Transition a salu\u00e9, \u00e0 son tour, la mont\u00e9e en puissance de l\u2019arm\u00e9e malienne. Selon lui, de 2020 \u00e0 nos jours, des r\u00e9sultats honorables ont \u00e9t\u00e9 enregistr\u00e9s. Cons\u00e9quence directe du changement de la dynamique op\u00e9rationnelle&nbsp;<em>\u00ab eu \u00e9gard au renforcement et \u00e0 l\u2019\u00e9quipement des Forces en moyens de combat terrestres, a\u00e9riens et a\u00e9romobiles \u00bb.<\/em>&nbsp;Il a, par la suite, rassur\u00e9 que \u00ab<em>&nbsp;pour le retour de l\u2019\u00c9tat et des services sociaux de base dans les localit\u00e9s \u00e9prouv\u00e9es par le terrorisme, le r\u00f4le des Forces de D\u00e9fense et de S\u00e9curit\u00e9 est d\u2019une importance capitale \u00bb.&nbsp;<\/em>\u00c0 en croire ses propos, \u00ab l\u2019outil de D\u00e9fense est un symbole de la souverainet\u00e9 d\u2019un \u00c9tat \u00bb.<\/p>\n\n\n\n<p>Aux dires du Pr\u00e9sident, \u00ab&nbsp;<em>le droit souverain et la responsabilit\u00e9 enti\u00e8re de tout \u00c9tat, explique le Chef Supr\u00eame des Arm\u00e9es, sont d\u2019assurer la s\u00e9curit\u00e9 des personnes et des biens&nbsp;\u00bb.&nbsp;<\/em>Il a, par la suite, les campagnes m\u00e9diatiques contre l\u2019arm\u00e9e malienne. Il trouve d\u2019ailleurs que les Droits de l\u2019homme font l\u2019objet d\u2019une grande instrumentalisation dans le dessein de ternir l\u2019image de l\u2019Arm\u00e9e.&nbsp;<em>\u00ab&nbsp;Les communication de nos d\u00e9tracteurs font malheureusement le jeu de ces groupes criminels dans le but de ternir l\u2019image des forces D\u00e9fense et de S\u00e9curit\u00e9 aupr\u00e8s des population. Des r\u00e9sultats tangibles sont obtenus m\u00eame si certains d\u00e9fis persistent&nbsp;\u00bb,<\/em>&nbsp;a-t-il laiss\u00e9 entendre avant d\u2019ajouter \u00ab&nbsp;<em>en d\u00e9pit de notre abn\u00e9gation, des manipulations sont entreprises par des acteurs pour faire douter du bien fond\u00e9 de notre dynamique de refondation de l\u2019\u00c9tat en g\u00e9n\u00e9ral et la restructuration de notre outil de d\u00e9fense en particulier&nbsp;\u00bb.<\/em>&nbsp;Le pr\u00e9sident de la pr\u00e9sident n\u2019en d\u00e9col\u00e8re pas et ajoute&nbsp;<em>\u00ab nous relevons en permanence dans les rapports et interventions des manipulations li\u00e9es aux questions des droits de l\u2019homme, la diabolisation de nos partenariats sans compter les initiatives insidieuses pour la confiance du peuple \u00e0 la marche de la transition&nbsp;\u00bb.<\/em><\/p>\n\n\n\n<p>Le chef de l\u2019\u00c9tat a, enfin, appel\u00e9 les FAMa&nbsp;<em>\u00ab&nbsp;\u00e0 r\u00e9sister \u00e0 ces tentatives regrettables et nous concentrer davantage sur les objectifs de s\u00e9curisation, de pacification et de d\u00e9veloppement du Mali pour le bien des populations&nbsp;\u00bb<\/em>.<\/p>\n\n\n\n<p><strong>Boureima Guindo<\/strong><\/p>\n\n\n\n<p><strong>Le Pays<\/strong><\/p>\n","protected":false},"excerpt":{"rendered":"<p>Le pr\u00e9sident de la Transition, chef supr\u00eame des arm\u00e9es, le colonel Assimi Go\u00efta a invit\u00e9 les forces de D\u00e9fense et de S\u00e9curit\u00e9 du Mali \u00e0 \u00ab&nbsp;r\u00e9sister aux tentatives regrettables et&hellip;<\/p>\n","protected":false},"author":1,"featured_media":6127,"comment_status":"open","ping_status":"closed","sticky":false,"template":"","format":"standard","meta":{"content-type":"","_lmt_disableupdate":"","_lmt_disable":"","_jetpack_memberships_contains_paid_content":false,"footnotes":"","jetpack_publicize_message":"","jetpack_publicize_feature_enabled":true,"jetpack_social_post_already_shared":true,"jetpack_social_options":{"image_generator_settings":{"template":"highway","default_image_id":0,"font":"","enabled":false},"version":2}},"categories":[65,71,92,21],"tags":[],"class_list":["post-10648","post","type-post","status-publish","format-standard","has-post-thumbnail","hentry","category-armee","category-le-pays","category-slider","category-societe"],"jetpack_publicize_connections":[],"featured_image_urls":{"full":"","thumbnail":"","medium":"","medium_large":"","large":"","1536x1536":"","2048x2048":"","penci-recipe-1200x1200":"","penci-recipe-1200x900":"","penci-recipe-1200x675":"","penci-single-full":"","penci-slider-full-thumb":"","penci-full-thumb":"","penci-slider-thumb":"","penci-magazine-slider":"","penci-thumb":"","penci-masonry-thumb":"","penci-thumb-square":"","penci-thumb-vertical":"","penci-thumb-small":""},"author_info":{"display_name":"Nandi","author_link":"https:\/\/nandi.info\/?author=1"},"category_info":"<a href=\"https:\/\/nandi.info\/?cat=65\" rel=\"category\">Arm\u00e9e<\/a> <a href=\"https:\/\/nandi.info\/?cat=71\" rel=\"category\">Le Pays<\/a> <a href=\"https:\/\/nandi.info\/?cat=92\" rel=\"category\">Slider<\/a> <a href=\"https:\/\/nandi.info\/?cat=21\" rel=\"category\">Soci\u00e9t\u00e9<\/a>","tag_info":"Soci\u00e9t\u00e9","comment_count":"0","jetpack_featured_media_url":"","jetpack_sharing_enabled":true,"_links":{"self":[{"href":"https:\/\/nandi.info\/index.php?rest_route=\/wp\/v2\/posts\/10648","targetHints":{"allow":["GET"]}}],"collection":[{"href":"https:\/\/nandi.info\/index.php?rest_route=\/wp\/v2\/posts"}],"about":[{"href":"https:\/\/nandi.info\/index.php?rest_route=\/wp\/v2\/types\/post"}],"author":[{"embeddable":true,"href":"https:\/\/nandi.info\/index.php?rest_route=\/wp\/v2\/users\/1"}],"replies":[{"embeddable":true,"href":"https:\/\/nandi.info\/index.php?rest_route=%2Fwp%2Fv2%2Fcomments&post=10648"}],"version-history":[{"count":0,"href":"https:\/\/nandi.info\/index.php?rest_route=\/wp\/v2\/posts\/10648\/revisions"}],"wp:featuredmedia":[{"embeddable":true,"href":"https:\/\/nandi.info\/index.php?rest_route=\/"}],"wp:attachment":[{"href":"https:\/\/nandi.info\/index.php?rest_route=%2Fwp%2Fv2%2Fmedia&parent=10648"}],"wp:term":[{"taxonomy":"category","embeddable":true,"href":"https:\/\/nandi.info\/index.php?rest_route=%2Fwp%2Fv2%2Fcategories&post=10648"},{"taxonomy":"post_tag","embeddable":true,"href":"https:\/\/nandi.info\/index.php?rest_route=%2Fwp%2Fv2%2Ftags&post=10648"}],"curies":[{"name":"wp","href":"https:\/\/api.w.org\/{rel}","templated":true}]}}