{"id":10646,"date":"2022-12-12T10:31:11","date_gmt":"2022-12-12T09:31:11","guid":{"rendered":"https:\/\/nandi.info\/?p=10646"},"modified":"2022-12-12T10:31:11","modified_gmt":"2022-12-12T09:31:11","slug":"gouvernance-sous-la-transition-malienne-quand-le-gouvernement-fait-face-aux-multiples-defis","status":"publish","type":"post","link":"https:\/\/nandi.info\/?p=10646","title":{"rendered":"Gouvernance sous la transition malienne : Quand le gouvernement fait face aux multiples d\u00e9fis"},"content":{"rendered":"\n<p><strong><em>Pr\u00e8s de dix ans apr\u00e8s le putsch de 2012, le Mali, dont les zones rurales sont toujours en proie aux violences arm\u00e9es, a subi deux coups d\u2019Etat en moins d\u2019un an. Le premier, men\u00e9 par des officiers le 18 ao\u00fbt 2020, a abouti au renversement du pr\u00e9sident Ibrahim Boubacar Ke\u00efta (IBK). Pendant les neuf premiers mois d\u2019une p\u00e9riode de transition qui devrait en durer dix-huit, les tensions entre civils et militaires &nbsp;&nbsp;ont paralys\u00e9 le gouvernement. Un second coup, le 24 mai 2021, a permis aux Colonels de mettre \u00e0 l\u2019\u00e9cart le duo Bah N\u2019Daou et Moctar Ouane ce qui r\u00e9confortera le pouvoir des militaires, mais ouvre une nouvelle p\u00e9riode d\u2019incertitudes. Malgr\u00e9 une pr\u00e9sence massive, les partenaires internationaux, qui continuent de privil\u00e9gier la lutte anti-terroriste plut\u00f4t que le soutien aux r\u00e9formes de gouvernance, ont montr\u00e9 les limites de leur action.<\/em><\/strong>&nbsp;<strong><em>Le gouvernement de la transition cherche un second souffle pour redorer son blason, terni par des promesses non tenues, une chert\u00e9 de vie, une ins\u00e9curit\u00e9 g\u00e9n\u00e9ralis\u00e9e et une corruption rampante.<\/em><\/strong><\/p>\n\n\n\n<p>Arriv\u00e9es au nom de la rectification de la transition, les hommes de ce concept, incarn\u00e9s par le colonel Assimi Go\u00efta et Choguel Kokala Ma\u00efga, ont suscit\u00e9 beaucoup d\u2019espoir pour redresser la barre. Mais au bout d\u2019une ann\u00e9e de gestion de l\u2019\u00c9tat, les esp\u00e9rances semblent \u00eatre d\u00e9\u00e7ues<strong><em>.&nbsp;<\/em><\/strong>En effet, les promesses donn\u00e9es avec assurance restent encore au travers de la gorge des Maliens, en particulier les soutiens ind\u00e9fectibles de la transition. Ils se sentent perdus&nbsp; par la gestion d\u2019un gouvernement en proie \u00e0 de chocs financiers.<\/p>\n\n\n\n<p>Aujourd\u2019hui, face aux multiples probl\u00e8mes, le gouvernement tente bien que mal de sauver les meubles. Il est parvenu pour l\u2019instant \u00e0 d\u00e9samorcer la bombe sociale du c\u00f4t\u00e9 de certains syndicats qui avaient menac\u00e9 de paralyser l\u2019administration par une s\u00e9rie de gr\u00e8ves, dont les cons\u00e9quences allaient \u00eatre d\u00e9plaisantes pour le pays. Ces accords entre le gouvernement et ces syndicats ne sauraient cach\u00e9s le m\u00e9contentement social grandissant. Ils donnent un temps de souffle aux autorit\u00e9s de la transition avant que ceux-ci ne d\u00e9terrent la hache de guerre pour des engagements non tenus.<\/p>\n\n\n\n<p>Cette situation est essentiellement due \u00e0 une \u00e9quipe gouvernementale qui semble g\u00e9rer le pays sans objectifs clairs et bien pr\u00e9cis. Le Malaise social persiste malgr\u00e9 la chute d\u2019IBK.<\/p>\n\n\n\n<p>Face \u00e0 ces nombreux probl\u00e8mes, le Mali a besoin d\u2019un gouvernement digne \u00e0 la hauteur des attentes pour pr\u00e9server le climat social et sauver le pays de l\u2019ab\u00eeme. Le&nbsp;Mali souffre de graves probl\u00e8mes structurels dont l\u2019ins\u00e9curit\u00e9, et la chert\u00e9 de la vie&nbsp; qui touchent tout le territoire. Cette situation gravissime&nbsp; n\u2019est&nbsp; que l\u2019une &nbsp;des cons\u00e9quences du pilotage \u00e0 vue.<\/p>\n\n\n\n<p>La transition ouverte pour une dur\u00e9e de dix-huit mois apr\u00e8s le coup d\u2019Etat du 18 ao\u00fbt 2020 ne pouvait certes pas r\u00e9soudre \u00e0 elle seule l\u2019ensemble des probl\u00e8mes que rencontre le pays. Cependant, beaucoup de Maliens et de partenaires ext\u00e9rieurs esp\u00e9raient sans doute qu\u2019elle poserait les bases de v\u00e9ritables changements. En ce sens, les nouvelles autorit\u00e9s maliennes n\u2019ont pas jusqu\u2019ici donn\u00e9 satisfaction. Un changement de cap s\u2019impose pour refonder le Mali<em>.&nbsp;<\/em>La gouvernance doit \u00eatre revue et am\u00e9lior\u00e9e. Il est plus que n\u00e9cessaire de changer la fa\u00e7on dont les dirigeants proc\u00e8dent pour nous diriger.<\/p>\n\n\n\n<p>Le colonel Assimi Go\u00efta, pr\u00e9sident de la transition, doit r\u00e9agir au cri de c\u0153ur des Maliens qui croient encore en sa volont\u00e9 de changement pour le bien-\u00eatre du peuple malien au nom de l\u2019int\u00e9r\u00eat g\u00e9n\u00e9ral.<\/p>\n\n\n\n<p><strong>Assitan DIAKITE<\/strong><\/p>\n","protected":false},"excerpt":{"rendered":"<p>Pr\u00e8s de dix ans apr\u00e8s le putsch de 2012, le Mali, dont les zones rurales sont toujours en proie aux violences arm\u00e9es, a subi deux coups d\u2019Etat en moins d\u2019un&hellip;<\/p>\n","protected":false},"author":1,"featured_media":10596,"comment_status":"open","ping_status":"closed","sticky":false,"template":"","format":"standard","meta":{"content-type":"","_lmt_disableupdate":"","_lmt_disable":"","_jetpack_memberships_contains_paid_content":false,"footnotes":"","jetpack_publicize_message":"","jetpack_publicize_feature_enabled":true,"jetpack_social_post_already_shared":true,"jetpack_social_options":{"image_generator_settings":{"template":"highway","default_image_id":0,"font":"","enabled":false},"version":2}},"categories":[68,23],"tags":[],"class_list":["post-10646","post","type-post","status-publish","format-standard","has-post-thumbnail","hentry","category-lalternance","category-politique"],"jetpack_publicize_connections":[],"featured_image_urls":{"full":"","thumbnail":"","medium":"","medium_large":"","large":"","1536x1536":"","2048x2048":"","penci-recipe-1200x1200":"","penci-recipe-1200x900":"","penci-recipe-1200x675":"","penci-single-full":"","penci-slider-full-thumb":"","penci-full-thumb":"","penci-slider-thumb":"","penci-magazine-slider":"","penci-thumb":"","penci-masonry-thumb":"","penci-thumb-square":"","penci-thumb-vertical":"","penci-thumb-small":""},"author_info":{"display_name":"Nandi","author_link":"https:\/\/nandi.info\/?author=1"},"category_info":"<a href=\"https:\/\/nandi.info\/?cat=68\" rel=\"category\">L'alternance<\/a> <a href=\"https:\/\/nandi.info\/?cat=23\" rel=\"category\">Politique<\/a>","tag_info":"Politique","comment_count":"0","jetpack_featured_media_url":"","jetpack_sharing_enabled":true,"_links":{"self":[{"href":"https:\/\/nandi.info\/index.php?rest_route=\/wp\/v2\/posts\/10646","targetHints":{"allow":["GET"]}}],"collection":[{"href":"https:\/\/nandi.info\/index.php?rest_route=\/wp\/v2\/posts"}],"about":[{"href":"https:\/\/nandi.info\/index.php?rest_route=\/wp\/v2\/types\/post"}],"author":[{"embeddable":true,"href":"https:\/\/nandi.info\/index.php?rest_route=\/wp\/v2\/users\/1"}],"replies":[{"embeddable":true,"href":"https:\/\/nandi.info\/index.php?rest_route=%2Fwp%2Fv2%2Fcomments&post=10646"}],"version-history":[{"count":0,"href":"https:\/\/nandi.info\/index.php?rest_route=\/wp\/v2\/posts\/10646\/revisions"}],"wp:featuredmedia":[{"embeddable":true,"href":"https:\/\/nandi.info\/index.php?rest_route=\/"}],"wp:attachment":[{"href":"https:\/\/nandi.info\/index.php?rest_route=%2Fwp%2Fv2%2Fmedia&parent=10646"}],"wp:term":[{"taxonomy":"category","embeddable":true,"href":"https:\/\/nandi.info\/index.php?rest_route=%2Fwp%2Fv2%2Fcategories&post=10646"},{"taxonomy":"post_tag","embeddable":true,"href":"https:\/\/nandi.info\/index.php?rest_route=%2Fwp%2Fv2%2Ftags&post=10646"}],"curies":[{"name":"wp","href":"https:\/\/api.w.org\/{rel}","templated":true}]}}