{"id":10621,"date":"2022-12-11T16:39:37","date_gmt":"2022-12-11T15:39:37","guid":{"rendered":"https:\/\/nandi.info\/?p=10621"},"modified":"2022-12-11T16:39:37","modified_gmt":"2022-12-11T15:39:37","slug":"developpement-de-lagriculture-lelevage-et-de-la-pisciculture-ecoferme-p3-ouvre-le-centre-de-formation-timbuktu-a-vocation-agricole-pour-des-jeunes-non-diplomes-e","status":"publish","type":"post","link":"https:\/\/nandi.info\/?p=10621","title":{"rendered":"D\u00e9veloppement de l\u2019agriculture, l\u2019\u00e9levage et de la pisciculture : EcoFerme P3 ouvre le Centre de formation \u201cTimbuktu\u201d \u00e0 vocation agricole pour des jeunes non dipl\u00f4m\u00e9s et des techniciens"},"content":{"rendered":"\n<p><strong><em>Le ministre de l\u2019Entreprenariat national, de l\u2019Emploi et de la Formation professionnelle, Bakary Doumbia, accompagn\u00e9 du ministre du D\u00e9veloppement rural, Modibo K\u00e9ita, a proc\u00e9d\u00e9 le samedi 3 d\u00e9cembre 2022 \u00e0 Djelibani dans la Commune de Siby \u00e0 l\u2019inauguration du Centre de formation et d\u2019innovation \u201cTimbuktu\u201d \u00e0 vocation agricole et piscicole initi\u00e9 par EcoFerme P3 dont le promoteur est Adama Berth\u00e9. Le Centre se fixe comme objectif de contribuer \u00e0 la formation professionnelle au Mali dans le domaine de l\u2019agriculture, l\u2019\u00e9levage et de la pisciculture.<\/em><\/strong><\/p>\n\n\n\n<p class=\"has-drop-cap\">Selon le promoteur d\u2019EcoFerme P3 (poly-\u00e9levage, pisciculture, polyculture), Adama Berth\u00e9, le Centre Timbuktu situ\u00e9 \u00e0 Djelibani dans la Commune de Siby entend offrir des formations professionnelles th\u00e9oriques et pratiques \u00e0 destination des jeunes non dipl\u00f4m\u00e9s ou des techniciens qui voudraient peaufiner leur connaissance dans le domaine de l\u2019agriculture, de l\u2019\u00e9levage et de la pisciculture. Le complexe d\u00e9di\u00e9 au centre de formation est compos\u00e9 de 3 salles de classes dont 2 d\u2019une capacit\u00e9 de 50 places et une de 150 places, un dortoir pour les \u00e9tudiants, un r\u00e9fectoire, une direction, comprenant le bureau du directeur, des bureaux annexes, une salle de professeurs, le logement du chef de centre, des blocs de toilettes.<\/p>\n\n\n\n<p>Depuis une d\u00e9cennie, la ferme EcoFerme P3 a pris pied dans la Commune de Siby, pr\u00e9cis\u00e9ment dans le village de Djelibani. Mettant en exploitation une vingtaine d\u2019hectares sur 40 possibles, EcoFerme P3 s\u2019est b\u00e2tie \u00e0 la force de la volont\u00e9 d\u2019un homme qui cro\u00eet en la capacit\u00e9 de la terre de participer durablement \u00e0 la transformation de l\u2019\u00e9conomie malienne. Les premi\u00e8res orientations d\u2019EcoFerme P3 \u00e9taient dans le cadre de la production agricole.<\/p>\n\n\n\n<p>Ainsi, la ferme polyvalente avait opt\u00e9 pour la polyculture, le poly-\u00e9levage et la pisciculture d\u2019o\u00f9 le P3. De l\u2019orange aux alevins, en passant par les ovins et les bovins, EcoFerme P3 a une moyenne de production satisfaisante depuis plusieurs ann\u00e9es gr\u00e2ce notamment \u00e0 sa volont\u00e9 d\u2019int\u00e9grer dans la d\u00e9marche la recherche-action.<\/p>\n\n\n\n<p>A travers des benchmarks, des visites de mod\u00e8les de r\u00e9ussite au Mali et ailleurs et surtout la facilit\u00e9 de coop\u00e9ration avec des organisations sp\u00e9cialis\u00e9es dans l\u2019accompagnement agricole, EcoFerme P3 a su asseoir son mod\u00e8le \u00e9conomique.<\/p>\n\n\n\n<p>Concernant la polyculture, Adama Berth\u00e9 a inform\u00e9 que sur une superficie de 50 hectares, la production agricole concentre une bonne part des activit\u00e9s d\u2019EcoFerme P3.&nbsp;<em>\u201cEnviron 2000 pieds d\u2019orange tangelo occupent le premier versant de la ferme. A cela, s\u2019ajoute le mara\u00eechage et des cultures exotiques\u201d,<\/em>&nbsp;a-t-il dit.<\/p>\n\n\n\n<p>Sur le poly-\u00e9levage, il a indiqu\u00e9 que la ferme EcoFerme participe \u00e0 la diversification du cheptel malien. C\u2019est ainsi qu\u2019elle a entrepris l\u2019\u00e9levage d\u2019esp\u00e8ces animales nouvelles avec des installations modernes. Ce qui, \u00e0 ses dires, garantit des conditions idoines de mise en valeur du cheptel bovin et des ovins. En plus de ces esp\u00e8ces, la cuniculture, l\u2019aviculture et l\u2019apiculture sont au c\u0153ur de la production du p\u00f4le \u00e9levage de la ferme.<\/p>\n\n\n\n<p>Sur le volet de la pisciculture, Adama Berth\u00e9 a dit que sur toute la cha\u00eene, EcoFerme P3 a d\u00e9velopp\u00e9 une expertise certaine dans le domaine de la pisciculture.&nbsp;<em>\u201cDe l\u2019\u00e9levage \u00e0 la transformation, en passant par le grossissement, la pisciculture est une activit\u00e9 de choix de la ferme. Elle se d\u00e9veloppe sous plusieurs formes. Des \u00e9tangs, des enclos et m\u00eame un lac artificiel permettent de produire du poisson de qualit\u00e9 pour le march\u00e9 local. EcoFerme P3 se sp\u00e9cialise dans l\u2019\u00e9levage du tilapia oreochromis niloticus (carpe) en \u00e9tangs\u201d<\/em>, a-t-il inform\u00e9.<\/p>\n\n\n\n<p>A la c\u00e9r\u00e9monie d\u2019inauguration, le chef de village de Djelibani et le maire de Siby se sont r\u00e9jouis de l\u2019installation de la ferme dans leur Commune, surtout dans le village de Djelibani. Ils ont remerci\u00e9 Adama Berth\u00e9 qui a jur\u00e9 de faire de Djelibani l\u2019\u00e9mule de la r\u00e9gion de Sikasso en termes de production agricole.<\/p>\n\n\n\n<p>Le repr\u00e9sentant de la FAO au Mali, Mamadou Mansour Ndiaye a fait l\u2019\u00e9loge de la ferme EcoFerme qui est un symbole de ce qui doit \u00eatre fait par les Maliens. Car, \u00e0 ses dires, l\u2019Etat ne peut pas tout faire. Et l\u2019initiative d\u2019Adama Berth\u00e9 est un soutien au gouvernement pour l\u2019assurance de l\u2019autosuffisance alimentaire et la lutte contre la pauvret\u00e9 au Mali.&nbsp;<em>\u201cLes Maliens doivent s\u2019inspirer de l\u2019initiative d\u2019Adama Berth\u00e9 pour la faire prosp\u00e9rer partout au Mali pour la transformation du d\u00e9veloppement rural afin d\u2019atteindre la s\u00e9curit\u00e9 alimentaire.<\/em><\/p>\n\n\n\n<p><em>Adama Berth\u00e9 a montr\u00e9 le chemin qui doit \u00eatre suivi et soutenu. Car, le d\u00e9veloppement du Mali se trouve dans le d\u00e9veloppement de la terre. Le Mali peut r\u00e9aliser le miracle du d\u00e9veloppement agricole car pour cela, il a la terre fertile, l\u2019eau et les hommes, surtout sa jeunesse. Le destin du Mali sera forg\u00e9 par les Maliens\u201d<\/em>, a-t-il conseill\u00e9.<\/p>\n\n\n\n<p>Le ministre de l\u2019Entreprenariat national, de l\u2019Emploi et de la Formation professionnelle, Bakary Doumbia qui pr\u00e9sidait la c\u00e9r\u00e9monie d\u2019inauguration a avou\u00e9 que l\u2019initiative de la ferme EcoFerme s\u2019int\u00e8gre dans la Politique nationale de l\u2019emploi et de la formation professionnelle des autorit\u00e9s de la Transition. Il a esp\u00e9r\u00e9 que la ferme va contribuer \u00e0 la r\u00e9duction significative de la pauvret\u00e9 et \u00e0 la lutte contre le ch\u00f4mage et le sous-emploi des jeunes.&nbsp;&nbsp;<em>\u201cLes questions de l\u2019emploi et de d\u00e9veloppement des comp\u00e9tences ont un caract\u00e8re transversal. Ils doivent faire l\u2019objet d\u2019une attention particuli\u00e8re. L\u2019accompagnement de mon d\u00e9partement ne fera pas d\u00e9faut pour des projets comme celui d\u2019Adama Berth\u00e9. La ferme est la vision d\u2019un homme qui a toujours cru en son projet. Je le f\u00e9licite et l\u2019encourage \u00e0 continuer dans ce sens. Son cas doit servir d\u2019exemple \u00e0 chacun des Maliens. Le d\u00e9veloppement de ce pays passe par le secteur priv\u00e9 qui est le monteur de la croissance \u00e9conomique et, par cons\u00e9quent, de la r\u00e9duction de la pauvret\u00e9.&nbsp; L\u2019un des d\u00e9fis majeurs du Mali est l\u2019autosuffisance alimentaire. Former des jeunes filles et gar\u00e7ons en polyculture, pisciculture et en poly-\u00e9levage contribuera fortement \u00e0 l\u2019atteinte des objectifs du pays en mati\u00e8re d\u2019autosuffisance alimentaire.<\/em><\/p>\n\n\n\n<p><em>En optant pour la formation professionnelle, le centre Timbuktu outillera ses futurs apprenants sur les techniques et pratiques de la culture agricole mais aussi en entrepreneuriale. Il s\u2019agira de permettre \u00e0 l\u2019ensemble des futurs \u00e9tudiants du centre de pouvoir entreprendre dans le monde agricole avec s\u00e9r\u00e9nit\u00e9. Mon d\u00e9partement soutient les projets d\u2019entreprise allant dans ce sens. Nous accompagnons ce genre d\u2019initiative pour lutter implacablement contre le ch\u00f4mage et promouvoir l\u2019entreprenariat qui est gage de cr\u00e9ation d\u2019emplois\u201d<\/em>, a-t-il d\u00e9clar\u00e9.<\/p>\n\n\n\n<p>Le ministre du D\u00e9veloppement rural, Modibo K\u00e9ita, s\u2019est dit combl\u00e9 de l\u2019initiative d\u2019Adama Berth\u00e9 qui a compris que l\u2019entreprise familiale passe par la formation, le savoir-faire pour atteindre la s\u00e9curit\u00e9 alimentaire.<\/p>\n\n\n\n<p><strong>Siaka Doumbia<\/strong><\/p>\n\n\n\n<p><strong>Aujourd&rsquo;hui Mali<\/strong><\/p>\n","protected":false},"excerpt":{"rendered":"<p>Le ministre de l\u2019Entreprenariat national, de l\u2019Emploi et de la Formation professionnelle, Bakary Doumbia, accompagn\u00e9 du ministre du D\u00e9veloppement rural, Modibo K\u00e9ita, a proc\u00e9d\u00e9 le samedi 3 d\u00e9cembre 2022 \u00e0&hellip;<\/p>\n","protected":false},"author":1,"featured_media":10623,"comment_status":"open","ping_status":"closed","sticky":false,"template":"","format":"standard","meta":{"content-type":"","_lmt_disableupdate":"","_lmt_disable":"","_jetpack_memberships_contains_paid_content":false,"footnotes":"","jetpack_publicize_message":"","jetpack_publicize_feature_enabled":true,"jetpack_social_post_already_shared":true,"jetpack_social_options":{"image_generator_settings":{"template":"highway","default_image_id":0,"font":"","enabled":false},"version":2}},"categories":[19,88,30],"tags":[],"class_list":["post-10621","post","type-post","status-publish","format-standard","has-post-thumbnail","hentry","category-aujourdhui-mali","category-eco-developpement","category-economie"],"jetpack_publicize_connections":[],"featured_image_urls":{"full":"","thumbnail":"","medium":"","medium_large":"","large":"","1536x1536":"","2048x2048":"","penci-recipe-1200x1200":"","penci-recipe-1200x900":"","penci-recipe-1200x675":"","penci-single-full":"","penci-slider-full-thumb":"","penci-full-thumb":"","penci-slider-thumb":"","penci-magazine-slider":"","penci-thumb":"","penci-masonry-thumb":"","penci-thumb-square":"","penci-thumb-vertical":"","penci-thumb-small":""},"author_info":{"display_name":"Nandi","author_link":"https:\/\/nandi.info\/?author=1"},"category_info":"<a href=\"https:\/\/nandi.info\/?cat=19\" rel=\"category\">Aujourd\u2019hui Mali<\/a> <a href=\"https:\/\/nandi.info\/?cat=88\" rel=\"category\">Eco- D\u00e9veloppement<\/a> <a href=\"https:\/\/nandi.info\/?cat=30\" rel=\"category\">Economie<\/a>","tag_info":"Economie","comment_count":"0","jetpack_featured_media_url":"","jetpack_sharing_enabled":true,"_links":{"self":[{"href":"https:\/\/nandi.info\/index.php?rest_route=\/wp\/v2\/posts\/10621","targetHints":{"allow":["GET"]}}],"collection":[{"href":"https:\/\/nandi.info\/index.php?rest_route=\/wp\/v2\/posts"}],"about":[{"href":"https:\/\/nandi.info\/index.php?rest_route=\/wp\/v2\/types\/post"}],"author":[{"embeddable":true,"href":"https:\/\/nandi.info\/index.php?rest_route=\/wp\/v2\/users\/1"}],"replies":[{"embeddable":true,"href":"https:\/\/nandi.info\/index.php?rest_route=%2Fwp%2Fv2%2Fcomments&post=10621"}],"version-history":[{"count":0,"href":"https:\/\/nandi.info\/index.php?rest_route=\/wp\/v2\/posts\/10621\/revisions"}],"wp:featuredmedia":[{"embeddable":true,"href":"https:\/\/nandi.info\/index.php?rest_route=\/"}],"wp:attachment":[{"href":"https:\/\/nandi.info\/index.php?rest_route=%2Fwp%2Fv2%2Fmedia&parent=10621"}],"wp:term":[{"taxonomy":"category","embeddable":true,"href":"https:\/\/nandi.info\/index.php?rest_route=%2Fwp%2Fv2%2Fcategories&post=10621"},{"taxonomy":"post_tag","embeddable":true,"href":"https:\/\/nandi.info\/index.php?rest_route=%2Fwp%2Fv2%2Ftags&post=10621"}],"curies":[{"name":"wp","href":"https:\/\/api.w.org\/{rel}","templated":true}]}}