{"id":10613,"date":"2022-12-11T16:33:02","date_gmt":"2022-12-11T15:33:02","guid":{"rendered":"https:\/\/nandi.info\/?p=10613"},"modified":"2022-12-11T16:33:02","modified_gmt":"2022-12-11T15:33:02","slug":"formation-continue-promotion-de-la-recherche-mobilite-denseignants-chercheurs-et-etudiants-lecole-superieure-de-journalisme-et-des-sciences-de-la-communication-esjsc-du-mali-e","status":"publish","type":"post","link":"https:\/\/nandi.info\/?p=10613","title":{"rendered":"Formation continue, promotion de la recherche, mobilit\u00e9 d\u2019enseignants- chercheurs et \u00e9tudiants : L\u2019Ecole sup\u00e9rieure de journalisme et des sciences de la communication (ESJSC) du Mali et l\u2019Isic de Rabat scellent un partenariat"},"content":{"rendered":"\n<p><strong><em>L\u2019Ecole sup\u00e9rieure de journalisme et des sciences de la communication (ESJSC) et l\u2019Institut sup\u00e9rieur de l\u2019information et de la communication (Isic) de Rabat ont sign\u00e9 le mercredi 7 novembre une convention de partenariat international permettant de cr\u00e9er les conditions favorables pour le d\u00e9veloppement de tous les programmes jug\u00e9s d\u2019int\u00e9r\u00eat mutuel pour les deux structures respectives, notamment dans les domaines de l\u2019enseignement, la formation continue, la promotion de la recherche, la mobilit\u00e9 d\u2019enseignants-chercheurs et \u00e9tudiants\u2026<\/em><\/strong><\/p>\n\n\n\n<p class=\"has-drop-cap\">La signature de cette convention de partenariat s\u2019est d\u00e9roul\u00e9e dans l\u2019enceinte de l\u2019ESJSC du Mali entre le directeur g\u00e9n\u00e9ral de ladite \u00e9cole, Dr. Aboubacar Abdoulwahidou Ma\u00efga, et le directeur de l\u2019Institut sup\u00e9rieur de l\u2019information et de la communication (Isic) de Rabat, le Pr. Abdellatif Bensfia. C\u2019\u00e9tait sous l\u2019oeil vigilant du chef de cabinet du minist\u00e8re de l\u2019Enseignement sup\u00e9rieur et de la Recherche scientifique, Yacouba K\u00e9b\u00e9, et du conseiller politique et relations publiques de l\u2019ambassade du Royaume du Maroc au Mali.<\/p>\n\n\n\n<p>Etablie pour une dur\u00e9e de trois ann\u00e9es et automatiquement reconductible pour des p\u00e9riodes successives de m\u00eame dur\u00e9e, cette convention de partenariat permet, selon le directeur de l\u2019ESJSC de Bamako, de nourrir de grands espoirs en mati\u00e8re de diversification de leurs pratiques p\u00e9dagogiques et scientifiques aussi bien en licence qu\u2019au niveau des masters et doctorats.<\/p>\n\n\n\n<p>Ce partenariat entend instaurer les bases d\u2019une coop\u00e9ration multiforme et pluridisciplinaire devant permettre \u00e0 l\u2019Ecole sup\u00e9rieure de journalisme et des sciences de la communication et l\u2019Institut sup\u00e9rieur de l\u2019information et de la communication de Rabat d\u2019initier des fili\u00e8res de formation en master et y faire intervenir conjointement leurs enseignants.<\/p>\n\n\n\n<p>A cet \u00e9gard, il s\u2019agira \u00e9galement, pour les deux parties ; d\u2019organiser ensemble des conf\u00e9rences, colloques et journ\u00e9es scientifiques et d\u2019accueillir r\u00e9ciproquement les \u00e9tudiants de l\u2019Isic et de l\u2019ESISC dans le cadre de sorties p\u00e9dagogiques ou de stage de perfectionnement.<\/p>\n\n\n\n<p><em>\u201cNos meilleurs \u00e9tudiants pourraient ensuite b\u00e9n\u00e9ficier de bourses d\u2019\u00e9tudes en master ou en doctorat \u00e0 l\u2019Isic \u00e0 travers l\u2019Agence marocaine de coop\u00e9ration internationale (AMCI). A cet effet, l\u2019ambassadeur de Sa Majest\u00e9 le Roi du Maroc au Mali, S. E. Driss Isbayene, nous a d\u00e9j\u00e0 manifest\u00e9 sa volont\u00e9 d\u2019accompagnement\u201d,<\/em>&nbsp;a relev\u00e9 le directeur de l\u2019ESJSC de Bamako, Dr. Aboubacar Abdoulwahidou Ma\u00efga. Et d\u2019ajouter que l\u2019id\u00e9e est donc de cr\u00e9er les conditions favorables pour le d\u00e9veloppement de tous les programmes jug\u00e9s d\u2019int\u00e9r\u00eat mutuel pour les structures respectives, notamment : l\u2019enseignement, la formation continue, la promotion de la recherche, la mobilit\u00e9 d\u2019enseignants-chercheurs et d\u2019\u00e9tudiants, la co-organisation de rencontres culturelles et scientifiques\u2026<\/p>\n\n\n\n<p>De son c\u00f4t\u00e9, le DG de l\u2019ISIC de Rabat Pr. Abdellatif Bensfia a aussi fond\u00e9 beaucoup d\u2019espoir sur cette convention de partenariat international.&nbsp;<em>\u201cLa rel\u00e8ve est bien assur\u00e9e dans le cadre de cette profession, cette convention permettra de rapprocher les deux \u00e9coles, il s\u2019agit&nbsp;&nbsp; maintenant de faire en sorte qu\u2019elle soit r\u00e9ellement institutionnalis\u00e9e\u201d,&nbsp;<\/em>a-t-il soulign\u00e9.<\/p>\n\n\n\n<p>Il a rappel\u00e9 que dans le cadre de ce partenariat, leur \u00e9cole qui a 54 ann\u00e9es d\u2019exp\u00e9riences offre deux places chaque ann\u00e9e en master pour les laur\u00e9ats de l\u2019ESJSC. Le Pr. Bensfia de pr\u00e9ciser qu\u2019avec l\u2019ambassadeur du Royaume du Maroc, ils ont aussi \u00e9chang\u00e9 sur des modalit\u00e9s pour que les \u00e9tudiants de l\u2019ESJSC puissent b\u00e9n\u00e9ficier d\u2019une bourse marocaine pour acc\u00e9der \u00e0 leur institut.<\/p>\n\n\n\n<p>Le directeur de l\u2019Isic de Rabat de poursuivre qu\u2019avec son homologue de l\u2019ESJSC, ils travaillent pour le renforcement p\u00e9dagogique de la formation, avec le d\u00e9sir de proposer un cursus en licence vari\u00e9 qui int\u00e9grera deux aspects : le journalisme \u00e9lectronique, la communication institutionnelle publique et politique.<\/p>\n\n\n\n<p>Selon le Pr. Bensfia, il est question aussi dans cet accord de l\u2019ouverture d\u2019un mast\u00e8re sp\u00e9cialis\u00e9 \u00e0 l\u2019ESJSC l\u2019ann\u00e9e prochaine sur des volets comme la communication publique et politique, le journalisme \u00e9lectronique et la communication digitale.&nbsp;<em>\u201cCe sont des projets concrets sur lesquels nous sommes en train de r\u00e9fl\u00e9chir et de travailler. En principe au plus tard au mois de mai prochain, ces initiatives seront finalis\u00e9es. Il reste encore un autre projet, beaucoup plus ambitieux, c\u2019est de permettre \u00e0 nos \u00e9tudiants et professeurs de se rencontrer. Nous sommes en train de r\u00e9fl\u00e9chir sur d\u2019autres actions, notamment de faire participer des professeurs maliens \u00e0 toutes activit\u00e9s acad\u00e9miques et scientifiques\u201d<\/em>, a d\u00e9taill\u00e9 le Directeur G\u00e9n\u00e9ral de l\u2019Isic de Rabat.<\/p>\n\n\n\n<p>Repr\u00e9sentant l\u2019ambassadeur du Maroc, le conseiller politique Amine Ahmed Ayoub a appr\u00e9ci\u00e9 \u00e0 juste titre cet accord qui s\u2019inscrit selon lui dans la continuit\u00e9 du chemin de la coop\u00e9ration sud-sud que le Maroc et le Mali ont choisi de prendre il y a plusieurs ann\u00e9es de cela. Il a assur\u00e9 la disponibilit\u00e9 de l\u2019ambassade et du gouvernement marocain \u00e0 accompagner ESJSC et Isic de Rabat \u00e0 mettre en \u0153uvre leur accord de coop\u00e9ration dans les domaines de la formation en communication et journalisme.<\/p>\n\n\n\n<p>Quant au repr\u00e9sentant du ministre de l\u2019Enseignement sup\u00e9rieur et de la Recherche scientifique, le chef de cabinet Yacouba K\u00e9b\u00e9, il au nom du ministre salu\u00e9 l\u2019esprit de cette coop\u00e9ration qui va amener les deux parties vers beaucoup de chantiers qui seront \u00e0 l\u2019avantage des \u00e9tudiants et professeurs des deux pays. Il a saisi cette occasion pour saluer le travail abattu par l\u2019ESJSC qui va contribuer \u00e0 am\u00e9liorer le visage de la presse malienne et des acteurs de la communication.<\/p>\n\n\n\n<p>La signature et l\u2019\u00e9change des documents par les parties ont mis \u00e0 la signature de cette convention de partenariat international.<\/p>\n\n\n\n<p><strong>&nbsp;&nbsp;&nbsp;&nbsp;&nbsp;&nbsp;&nbsp;&nbsp;&nbsp;&nbsp;&nbsp;&nbsp;&nbsp;&nbsp;&nbsp;&nbsp;&nbsp;&nbsp;&nbsp;&nbsp;&nbsp;&nbsp;&nbsp;&nbsp;&nbsp; Kassoum Th\u00e9ra<\/strong><\/p>\n\n\n\n<p><strong>Aujourd&rsquo;hui Mali<\/strong><\/p>\n","protected":false},"excerpt":{"rendered":"<p>L\u2019Ecole sup\u00e9rieure de journalisme et des sciences de la communication (ESJSC) et l\u2019Institut sup\u00e9rieur de l\u2019information et de la communication (Isic) de Rabat ont sign\u00e9 le mercredi 7 novembre une&hellip;<\/p>\n","protected":false},"author":1,"featured_media":10618,"comment_status":"open","ping_status":"closed","sticky":false,"template":"","format":"standard","meta":{"content-type":"","_lmt_disableupdate":"","_lmt_disable":"","_jetpack_memberships_contains_paid_content":false,"footnotes":"","jetpack_publicize_message":"","jetpack_publicize_feature_enabled":true,"jetpack_social_post_already_shared":true,"jetpack_social_options":{"image_generator_settings":{"template":"highway","default_image_id":0,"font":"","enabled":false},"version":2}},"categories":[31,39,21],"tags":[],"class_list":["post-10613","post","type-post","status-publish","format-standard","has-post-thumbnail","hentry","category-cooperation","category-formation-professionnelle","category-societe"],"jetpack_publicize_connections":[],"featured_image_urls":{"full":"","thumbnail":"","medium":"","medium_large":"","large":"","1536x1536":"","2048x2048":"","penci-recipe-1200x1200":"","penci-recipe-1200x900":"","penci-recipe-1200x675":"","penci-single-full":"","penci-slider-full-thumb":"","penci-full-thumb":"","penci-slider-thumb":"","penci-magazine-slider":"","penci-thumb":"","penci-masonry-thumb":"","penci-thumb-square":"","penci-thumb-vertical":"","penci-thumb-small":""},"author_info":{"display_name":"Nandi","author_link":"https:\/\/nandi.info\/?author=1"},"category_info":"<a href=\"https:\/\/nandi.info\/?cat=31\" rel=\"category\">Coop\u00e9ration<\/a> <a href=\"https:\/\/nandi.info\/?cat=39\" rel=\"category\">Formation Professionnelle<\/a> <a href=\"https:\/\/nandi.info\/?cat=21\" rel=\"category\">Soci\u00e9t\u00e9<\/a>","tag_info":"Soci\u00e9t\u00e9","comment_count":"0","jetpack_featured_media_url":"","jetpack_sharing_enabled":true,"_links":{"self":[{"href":"https:\/\/nandi.info\/index.php?rest_route=\/wp\/v2\/posts\/10613","targetHints":{"allow":["GET"]}}],"collection":[{"href":"https:\/\/nandi.info\/index.php?rest_route=\/wp\/v2\/posts"}],"about":[{"href":"https:\/\/nandi.info\/index.php?rest_route=\/wp\/v2\/types\/post"}],"author":[{"embeddable":true,"href":"https:\/\/nandi.info\/index.php?rest_route=\/wp\/v2\/users\/1"}],"replies":[{"embeddable":true,"href":"https:\/\/nandi.info\/index.php?rest_route=%2Fwp%2Fv2%2Fcomments&post=10613"}],"version-history":[{"count":0,"href":"https:\/\/nandi.info\/index.php?rest_route=\/wp\/v2\/posts\/10613\/revisions"}],"wp:featuredmedia":[{"embeddable":true,"href":"https:\/\/nandi.info\/index.php?rest_route=\/"}],"wp:attachment":[{"href":"https:\/\/nandi.info\/index.php?rest_route=%2Fwp%2Fv2%2Fmedia&parent=10613"}],"wp:term":[{"taxonomy":"category","embeddable":true,"href":"https:\/\/nandi.info\/index.php?rest_route=%2Fwp%2Fv2%2Fcategories&post=10613"},{"taxonomy":"post_tag","embeddable":true,"href":"https:\/\/nandi.info\/index.php?rest_route=%2Fwp%2Fv2%2Ftags&post=10613"}],"curies":[{"name":"wp","href":"https:\/\/api.w.org\/{rel}","templated":true}]}}