{"id":10417,"date":"2022-12-04T13:43:32","date_gmt":"2022-12-04T12:43:32","guid":{"rendered":"https:\/\/nandi.info\/?p=10417"},"modified":"2022-12-04T13:43:32","modified_gmt":"2022-12-04T12:43:32","slug":"mali-senegal-fin-de-la-reddition-des-comptes-soldee-par-la-signature-dun-accord-de-paiement-entre-linps-et-lipres","status":"publish","type":"post","link":"https:\/\/nandi.info\/?p=10417","title":{"rendered":"Mali\/S\u00e9n\u00e9gal&nbsp;: Fin de la reddition des comptes sold\u00e9e par la signature d\u2019un accord de paiement entre l\u2019INPS et l\u2019IPRES"},"content":{"rendered":"\n<p><strong>L\u2019Institut National de Pr\u00e9voyance Sociale (INPS) \u00e9tait l\u2019h\u00f4te de son homologue du S\u00e9n\u00e9gal, l\u2019Institut de Pr\u00e9voyance Retraite du S\u00e9n\u00e9gal (IPRES) qui \u00e9tait en s\u00e9jour au Mali pour des travaux de reddition des comptes. Les travaux ont d\u00e9but\u00e9 le 20 novembre 2022 pour se solder par la signature d\u2019un accord de paiement entre les deux structures, le jeudi 1<sup>er<\/sup> d\u00e9cembre 2022.<\/strong><\/p>\n\n\n\n<p class=\"has-drop-cap\">\u00c0 l\u2019issue de cette signature, le Directeur G\u00e9n\u00e9ral de l\u2019INPS,&nbsp; Monsieur Ousmane Karim COULIBALY a accord\u00e9 une interview dans laquelle il a \u00e9voqu\u00e9, d\u2019entr\u00e9e de propos, l\u2019honneur que l\u2019IPRES (repr\u00e9sent\u00e9 par le chef de mission, Saloum Ba) a fait \u00e0 son Institut, \u00e0 travers cette visite. &nbsp;Il a, ensuite, rappel\u00e9 que l\u2019INPS et l\u2019IPRES sont li\u00e9s par une convention qui date de 1997. En application donc de cette convention, les deux caisses ont une obligation de reddition, tous les deux ans. La derni\u00e8re activit\u00e9 du genre, apprend-on du Directeur G\u00e9n\u00e9ral de l\u2019Institut National de Pr\u00e9voyance Sociale, &nbsp;remonte \u00e0 2018. \u00c0 cette date, il \u00e9tait convenu que les s\u00e9n\u00e9galais devraient faire le d\u00e9placement du Mali en 2020. Mais compte tenu de certaines circonstances exceptionnelles, la mission a \u00e9t\u00e9 plus tard report\u00e9e en 2022.<\/p>\n\n\n\n<figure class=\"wp-block-image size-large\"><img decoding=\"async\" src=\"https:\/\/nandi.info\/wp-content\/uploads\/2022\/12\/MaliSenegal-Fin-de-la-reddition-des-comptes-soldee-par-la-signature-dun-accord-de-paiement-entre-lINPS-et-lIPRES-3-1024x613.jpg\" alt=\"\" class=\"wp-image-10418\"\/><\/figure>\n\n\n\n<p>\u00c0 propos de la reddition proprement dite des comptes, le DG a relev\u00e9 que lors des travaux, il n\u2019y a pas eu de difficult\u00e9 et s\u2019est m\u00eame f\u00e9licit\u00e9 de leur bonne tenue. Il a estim\u00e9 que <em>\u00ab&nbsp;les comptes sont au vert &nbsp;et tout s\u2019est bien pass\u00e9 avec des comptes tr\u00e8s clairs, transparents, chacun ayant pleinement &nbsp;rempli sa part du contrat&nbsp;\u00bb.<\/em><\/p>\n\n\n\n<p>M. COULIBALY d\u2019indiquer que davantage d\u2019accords entre les deux structures permettront certainement de r\u00e9soudre le d\u00e9placement physique de nos compatriotes bas\u00e9s au S\u00e9n\u00e9gal et des s\u00e9n\u00e9galais qui r\u00e9sident au Mali pour toucher leurs droits.<\/p>\n\n\n\n<p>Selon lui, lorsqu\u2019un travailleur migre d\u2019un pays \u00e0 un autre, ses droits peuvent le suivre et il peut percevoir ses droits sur place.<\/p>\n\n\n\n<figure class=\"wp-block-image size-large\"><img decoding=\"async\" src=\"https:\/\/nandi.info\/wp-content\/uploads\/2022\/12\/MaliSenegal-Fin-de-la-reddition-des-comptes-soldee-par-la-signature-dun-accord-de-paiement-entre-lINPS-et-lIPRES-2-1024x489.jpg\" alt=\"\" class=\"wp-image-10419\"\/><\/figure>\n\n\n\n<p><em>\u00ab&nbsp;L\u2019accord de paiement touche g\u00e9n\u00e9ralement deux aspects de prestation, notamment les pensions et les rentes&nbsp;\u00bb,<\/em> a-t-il expliqu\u00e9. Avant d\u2019ajouter que&nbsp;:&nbsp;<em>\u00ab&nbsp;cela nous permet de faire des paiements, d\u2019accorder des facilit\u00e9s de paiement \u00e0 ces diff\u00e9rents b\u00e9n\u00e9ficiaires qui n\u2019auront &nbsp;plus \u00e0 faire des d\u00e9placements d\u2019un pays \u00e0 l\u2019autre. C\u2019est une pratique que nous sommes en train de chercher \u00e0 g\u00e9n\u00e9raliser.&nbsp; Chaque fois que les Maliens ont des difficult\u00e9s quelque part, nous avons mission d\u2019aller les secourir et leur proposer des services pour qu\u2019ils aient facilement leurs droits. C\u2019est dans ce cadre que lorsque nous faisons des propositions \u00e0 nos partenaires, chacun ayant les m\u00eames pr\u00e9occupations, ils acceptent&nbsp;\u00bb<\/em>. Il a, enfin, r\u00e9it\u00e9r\u00e9 sa perception selon laquelle il pense que les caisses ont vocation \u00e0 prot\u00e9ger et \u00e0 faire en sorte que les travailleurs sortent de la pr\u00e9carit\u00e9 surtout ceux du troisi\u00e8me \u00e2ge \u00e0 qui il faut \u00e9viter le d\u00e9nuement.<\/p>\n\n\n\n<p>Le Directeur G\u00e9n\u00e9ral de l\u2019INPS, M. Ousmane Karim COULIBALY n\u2019a pas manqu\u00e9 de remercier tous les participants aux travaux de reddition des comptes et a formul\u00e9 des v\u0153ux de succ\u00e8s au partenariat entre l\u2019INPS et l\u2019IPRES et de bon retour \u00e0 la d\u00e9l\u00e9gation de l\u2019IPRES qui a s\u00e9journ\u00e9 au Mali.<\/p>\n\n\n\n<p><strong><em>Adama DIARRA, Service des Relations Publiques, INPS.<\/em><\/strong><\/p>\n","protected":false},"excerpt":{"rendered":"<p>L\u2019Institut National de Pr\u00e9voyance Sociale (INPS) \u00e9tait l\u2019h\u00f4te de son homologue du S\u00e9n\u00e9gal, l\u2019Institut de Pr\u00e9voyance Retraite du S\u00e9n\u00e9gal (IPRES) qui \u00e9tait en s\u00e9jour au Mali pour des travaux de&hellip;<\/p>\n","protected":false},"author":1,"featured_media":10420,"comment_status":"open","ping_status":"closed","sticky":false,"template":"","format":"standard","meta":{"content-type":"","_lmt_disableupdate":"","_lmt_disable":"","_jetpack_memberships_contains_paid_content":false,"footnotes":"","jetpack_publicize_message":"","jetpack_publicize_feature_enabled":true,"jetpack_social_post_already_shared":true,"jetpack_social_options":{"image_generator_settings":{"template":"highway","default_image_id":0,"font":"","enabled":false},"version":2}},"categories":[43,21],"tags":[],"class_list":["post-10417","post","type-post","status-publish","format-standard","has-post-thumbnail","hentry","category-nandi-info","category-societe"],"jetpack_publicize_connections":[],"featured_image_urls":{"full":"","thumbnail":"","medium":"","medium_large":"","large":"","1536x1536":"","2048x2048":"","penci-recipe-1200x1200":"","penci-recipe-1200x900":"","penci-recipe-1200x675":"","penci-single-full":"","penci-slider-full-thumb":"","penci-full-thumb":"","penci-slider-thumb":"","penci-magazine-slider":"","penci-thumb":"","penci-masonry-thumb":"","penci-thumb-square":"","penci-thumb-vertical":"","penci-thumb-small":""},"author_info":{"display_name":"Nandi","author_link":"https:\/\/nandi.info\/?author=1"},"category_info":"<a href=\"https:\/\/nandi.info\/?cat=43\" rel=\"category\">Nandi.info<\/a> <a href=\"https:\/\/nandi.info\/?cat=21\" rel=\"category\">Soci\u00e9t\u00e9<\/a>","tag_info":"Soci\u00e9t\u00e9","comment_count":"0","jetpack_featured_media_url":"","jetpack_sharing_enabled":true,"_links":{"self":[{"href":"https:\/\/nandi.info\/index.php?rest_route=\/wp\/v2\/posts\/10417","targetHints":{"allow":["GET"]}}],"collection":[{"href":"https:\/\/nandi.info\/index.php?rest_route=\/wp\/v2\/posts"}],"about":[{"href":"https:\/\/nandi.info\/index.php?rest_route=\/wp\/v2\/types\/post"}],"author":[{"embeddable":true,"href":"https:\/\/nandi.info\/index.php?rest_route=\/wp\/v2\/users\/1"}],"replies":[{"embeddable":true,"href":"https:\/\/nandi.info\/index.php?rest_route=%2Fwp%2Fv2%2Fcomments&post=10417"}],"version-history":[{"count":0,"href":"https:\/\/nandi.info\/index.php?rest_route=\/wp\/v2\/posts\/10417\/revisions"}],"wp:featuredmedia":[{"embeddable":true,"href":"https:\/\/nandi.info\/index.php?rest_route=\/"}],"wp:attachment":[{"href":"https:\/\/nandi.info\/index.php?rest_route=%2Fwp%2Fv2%2Fmedia&parent=10417"}],"wp:term":[{"taxonomy":"category","embeddable":true,"href":"https:\/\/nandi.info\/index.php?rest_route=%2Fwp%2Fv2%2Fcategories&post=10417"},{"taxonomy":"post_tag","embeddable":true,"href":"https:\/\/nandi.info\/index.php?rest_route=%2Fwp%2Fv2%2Ftags&post=10417"}],"curies":[{"name":"wp","href":"https:\/\/api.w.org\/{rel}","templated":true}]}}