{"id":10403,"date":"2022-12-03T08:07:00","date_gmt":"2022-12-03T07:07:00","guid":{"rendered":"https:\/\/nandi.info\/?p=10403"},"modified":"2022-12-03T08:07:00","modified_gmt":"2022-12-03T07:07:00","slug":"alousseni-sanou-ministre-de-leconomie-et-des-finances-parle-de-la-cherte-de-la-vie-sur-les-produits-petroliers-nous-avons-enregistre-un-manque-a-gagner-de-plus-de-132-milliards-de-fcfa-entre","status":"publish","type":"post","link":"https:\/\/nandi.info\/?p=10403","title":{"rendered":"Alousseni Sanou, ministre de l&rsquo;\u00e9conomie et des finances, parle de la chert\u00e9 de la vie : \u00ab\u00a0Sur les produits p\u00e9troliers, nous avons enregistr\u00e9 un manque \u00e0 gagner de plus de 132 milliards de FCFA entre 2021-2022\u00a0\u00bb"},"content":{"rendered":"\n<p>\u00a0<strong><em>Le ministre de l&rsquo;Economie et des Finances, Alouss\u00e9ni Sanou et son homologue de l&rsquo;Industrie et du Commerce \u00e9taient face \u00e0 la presse, le mardi 22 novembre dernier, dans la salle de conf\u00e9rence du d\u00e9partement de l&rsquo;Industrie et du Commerce, pour parler de l&rsquo;\u00e9tat d&rsquo;\u00e9volution de la vie ch\u00e8re et les mesures prises par le gouvernement en vue de r\u00e9duire les cons\u00e9quences de l&rsquo;inflation des prix des produits de premi\u00e8re n\u00e9cessit\u00e9.<\/em><\/strong><\/p>\n\n\n\n<p class=\"has-drop-cap\">Selon les conf\u00e9renciers, l&rsquo;objectif de cette conf\u00e9rence de presse est d&rsquo;informer l&rsquo;opinion nationale et internationale sur les mesures prises par le gouvernement pour faire face \u00e0 l&rsquo;inflation des prix des produits sur les march\u00e9s. Dans son expos\u00e9, le ministre de l&rsquo;Economie et des Finances a pr\u00e9cis\u00e9 que les questions li\u00e9es \u00e0 la chert\u00e9 de la vie ont \u00e9t\u00e9 les pr\u00e9occupations centrales des plus hautes autorit\u00e9s du pays.<\/p>\n\n\n\n<p><em>\u00ab\u00a0C&rsquo;est pour cela que dans la plupart des cas, nous avons anticip\u00e9 pour apporter de r\u00e9ponses afin que le choc soit le moins ressenti par les m\u00e9nages et surtout les m\u00e9nages le plus vuln\u00e9rables du pays. Il faut rappeler que le Mali se trouve dans un contexte tr\u00e8s difficile li\u00e9 aux diff\u00e9rentes crises que nous avons connues depuis des ann\u00e9es. Nous sommes dans une crise s\u00e9curitaire depuis 2012 et cette crise s&rsquo;est exacerb\u00e9e en 2018 et 2019 et il a fallu que le gouvernement s&rsquo;engage dans une lutte implacable pour le retour de la s\u00e9curit\u00e9 dans notre pays. Vous n&rsquo;\u00eates pas sans savoir que les investissements que nous sommes en train de r\u00e9aliser en mati\u00e8re de d\u00e9fense, que ce soit en mati\u00e8re d&rsquo;acquisition de mat\u00e9riels a\u00e9riens, roulants, le recrutement, la formation et les op\u00e9rations sur le terrain sont des investissements importants\u00a0\u00bb<\/em>, a-t-il expliqu\u00e9.<\/p>\n\n\n\n<p>Il a ajout\u00e9 que dans le Plan d&rsquo;action du gouvernement (Pag), valid\u00e9 par le Conseil national de transition (CNT), la lutte contre l&rsquo;ins\u00e9curit\u00e9 se trouve en bonne place. <em>\u00ab\u00a0Ces investissements impactent fortement sur la situation budg\u00e9taire du pays. La deuxi\u00e8me chose, c&rsquo;est la crise de la Covid-19. Cette crise sanitaire a non seulement impact\u00e9 sur le plan de la sant\u00e9, mais \u00e9galement sur le plan \u00e9conomique.<\/em><\/p>\n\n\n\n<p><em>Avec la Covid-19, la plupart des entreprises \u00e9trang\u00e8res ont \u00e9t\u00e9 oblig\u00e9es de fermer. Il y a des ports qui ont \u00e9t\u00e9 ferm\u00e9s pendant un moment, c&rsquo;est-\u00e0-dire la logistique du commerce mondial \u00e9tait devenue tr\u00e8s ch\u00e8re. Un conteneur que nous avions \u00e0 3500 dollars est vendu aujourd&rsquo;hui \u00e0 17 500 dollars. Dans le m\u00eame temps, la Covid-19 a fait que des pays producteurs du sucre comme le Br\u00e9sil et la Malaise, un grand producteur d&rsquo;huile alimentaire ont vu leur production baiss\u00e9e d&rsquo;environ 50 %. La Chine qui \u00e9tait un pays exportateur est devenue un pays importateur de ces produits, ce qui fait que les prix de ces denr\u00e9es alimentaires ont fortement augment\u00e9 sur le march\u00e9 mondial. Et le Mali n&rsquo;\u00e9chappe pas ce march\u00e9 mondial parce que nous sommes oblig\u00e9s d&rsquo;importer tous ces produits\u00a0\u00bb,<\/em> s&rsquo;est-il d\u00e9fendu.<\/p>\n\n\n\n<p><em>\u00ab\u00a0Au-del\u00e0 de ces crises s\u00e9curitaires, nous avons \u00e9t\u00e9 confront\u00e9s \u00e0 une crise institutionnelle qui a fait que la plupart des bailleurs de fonds sont partis. Aujourd&rsquo;hui, nous sommes heureux de nous annoncer que la plupart de ces bailleurs de fonds sont de retour. Mais, il n&rsquo;en demeure pas moins que ces appuis budg\u00e9taires sont tr\u00e8s rares, alors c&rsquo;est des appuis budg\u00e9taires g\u00e9n\u00e9ralement qui permettent \u00e0 l&rsquo;Etat d&rsquo;\u00e9quilibrer son budget afin de faire face \u00e0 des d\u00e9penses comme les subventions aux co\u00fbts de la vie et d&rsquo;autres d\u00e9penses. Alors<\/em>, <em>ce qui fait que nous avons un manque \u00e0 gagner important que nous avons sur les recettes globales du budget\u00a0\u00bb<\/em>, a-t-il ajout\u00e9<\/p>\n\n\n\n<p>Pour le patron du d\u00e9partement de l&rsquo;Economie et des Finances, la troisi\u00e8me crise qui a impact\u00e9 fortement le Mali est la sanction \u00e9conomique que la C\u00e9d\u00e9ao nous a impos\u00e9e. <em>\u00ab\u00a0Cette crise a fait que pendant 6 mois nos fonds \u00e9taient bloqu\u00e9s \u00e0 la banque centrale.<\/em><\/p>\n\n\n\n<p><em>Le pays \u00e9tait ferm\u00e9 et nous n&rsquo;avions pas acc\u00e8s \u00e0 nos ressources et \u00e9galement seuls quelques produits \u00e9taient accept\u00e9s \u00e0 l&rsquo;import-export. Les cons\u00e9quences de ces crises \u00e9taient tr\u00e8s dramatiques, mais avec la b\u00e9n\u00e9diction et l&rsquo;accompagnement de tous les Maliens, nous avons pu tenir. L&rsquo;autre crise que nous avons connue \u00e9tait la crise entre la Russie et l&rsquo;Ukraine, cette crise a fait qu&rsquo;aujourd&rsquo;hui, le prix de beaucoup de denr\u00e9es venant de ces pays comme le bl\u00e9, les engrais et autre sont devenu tr\u00e8s cher parce que l&rsquo;acc\u00e8s de ces denr\u00e9es sur le march\u00e9 mondial est difficile\u00a0\u00bb<\/em>, a-t-il laiss\u00e9 entendre.<\/p>\n\n\n\n<p>Concernant les dispositions et les strat\u00e9gies mises en place par le gouvernement pour renforcer le pouvoir d&rsquo;achat et diminuer l&rsquo;impact de hausse des prix, Alouss\u00e9ni Sanou, indiquera que plusieurs mesures ont \u00e9t\u00e9 prises par le gouvernement.<\/p>\n\n\n\n<p><em>\u00ab\u00a0Dans ce contexte, nous devrions faire face non seulement \u00e0 une r\u00e9duction drastique de nos recettes en sachant bien que la crise s\u00e9curitaire nous fait perdre au moins 3 \u00e0 4 % de notre PIB en recettes. Ne ma\u00eetrisant pas une grande partie de notre territoire, il va de soi que la douane ne peut pas percevoir le droit qu&rsquo;il faut. Donc, nous avons un manque \u00e0 gagner de l&rsquo;\u00e9poque de plus de 400 milliards de F CFA sur les fronti\u00e8res que nous ne ma\u00eetrisons pas. Aujourd&rsquo;hui, Dieu, merci avec la s\u00e9curit\u00e9 qui est en train de venir dans ces fronti\u00e8res et progressivement, nous sommes en train de monter la pente.<\/em><\/p>\n\n\n\n<p><em>Face \u00e0 ces crises, il fallait que l&rsquo;Etat puisse r\u00e9pondre aux besoins des populations. Il faut savoir que dans le m\u00eame temps, il avait eu beaucoup de revendications salariales et l\u00e0 nous avons \u00e9t\u00e9 oblig\u00e9s de voir ce que nous pouvons faire avec les partenaires sociaux pour permettre d&rsquo;augmenter le pouvoir d&rsquo;achat des salari\u00e9s. Nous avons pass\u00e9 par une justice sociale avec nos partenaires sociaux ce qui nous a permis d&rsquo;avoir une harmonisation de la grille salariale avec un impact annuel d&rsquo;environ 200 milliards de F CFA pour permettre aux salari\u00e9s d&rsquo;avoir une augmentation afin de faire face aux diff\u00e9rentes crises\u00a0\u00bb<\/em>, a-t-il indiqu\u00e9.&nbsp;<\/p>\n\n\n\n<p><em>\u00ab\u00a0Au-del\u00e0 des mesures qui visent \u00e0 l&rsquo;am\u00e9liorer le niveau de revenu, il fallait \u00e9galement faire face \u00e0 l&rsquo;augmentation des grilles en essayant de d\u00e9duire des subventions. C&rsquo;est pourquoi nous avons continu\u00e9 \u00e0 faire des subventions sur les produits de premi\u00e8re n\u00e9cessit\u00e9. Il y a eu des subventions sur le riz en deux vagues, sur le sucre en deux vagues, sur le lait et l&rsquo;huile alimentaire.<\/em><\/p>\n\n\n\n<p><em>Par exemple : Entre 2021-2022, nous avons eu un manque \u00e0 gagner de plus de 17 milliards de F CFA sur le riz. En 2022, nous avons eu un manque \u00e0 gagner de plus 8 milliards sur le sucre. Sur le lait, nous avons un manque \u00e0 gagner de plus de 3 milliards de F CFA et sur l&rsquo;huile alimentaire, nous sommes \u00e0 plus 1 milliard de F CFA. Par rapport aux produits p\u00e9troliers, entre 2021-2022, nous avons un manque \u00e0 gagner de plus de 132 milliards de F CFA\u00a0\u00bb<\/em>, dira-t-il, ajoutant que l&rsquo;Etat est en train de faire des efforts pour une am\u00e9lioration de vie des populations.<\/p>\n\n\n\n<p><strong>&nbsp;&nbsp;&nbsp;&nbsp;&nbsp;&nbsp;&nbsp;&nbsp;&nbsp;&nbsp;&nbsp;&nbsp;&nbsp;&nbsp;&nbsp;&nbsp;&nbsp;&nbsp;&nbsp; Mahamadou Traor\u00e9<\/strong><\/p>\n","protected":false},"excerpt":{"rendered":"<p>\u00a0Le ministre de l&rsquo;Economie et des Finances, Alouss\u00e9ni Sanou et son homologue de l&rsquo;Industrie et du Commerce \u00e9taient face \u00e0 la presse, le mardi 22 novembre dernier, dans la salle&hellip;<\/p>\n","protected":false},"author":1,"featured_media":10051,"comment_status":"open","ping_status":"closed","sticky":false,"template":"","format":"standard","meta":{"content-type":"","_lmt_disableupdate":"","_lmt_disable":"","_jetpack_memberships_contains_paid_content":false,"footnotes":"","jetpack_publicize_message":"","jetpack_publicize_feature_enabled":true,"jetpack_social_post_already_shared":true,"jetpack_social_options":{"image_generator_settings":{"template":"highway","default_image_id":0,"font":"","enabled":false},"version":2}},"categories":[19,88,30],"tags":[],"class_list":["post-10403","post","type-post","status-publish","format-standard","has-post-thumbnail","hentry","category-aujourdhui-mali","category-eco-developpement","category-economie"],"jetpack_publicize_connections":[],"featured_image_urls":{"full":"","thumbnail":"","medium":"","medium_large":"","large":"","1536x1536":"","2048x2048":"","penci-recipe-1200x1200":"","penci-recipe-1200x900":"","penci-recipe-1200x675":"","penci-single-full":"","penci-slider-full-thumb":"","penci-full-thumb":"","penci-slider-thumb":"","penci-magazine-slider":"","penci-thumb":"","penci-masonry-thumb":"","penci-thumb-square":"","penci-thumb-vertical":"","penci-thumb-small":""},"author_info":{"display_name":"Nandi","author_link":"https:\/\/nandi.info\/?author=1"},"category_info":"<a href=\"https:\/\/nandi.info\/?cat=19\" rel=\"category\">Aujourd\u2019hui Mali<\/a> <a href=\"https:\/\/nandi.info\/?cat=88\" rel=\"category\">Eco- D\u00e9veloppement<\/a> <a href=\"https:\/\/nandi.info\/?cat=30\" rel=\"category\">Economie<\/a>","tag_info":"Economie","comment_count":"0","jetpack_featured_media_url":"","jetpack_sharing_enabled":true,"_links":{"self":[{"href":"https:\/\/nandi.info\/index.php?rest_route=\/wp\/v2\/posts\/10403","targetHints":{"allow":["GET"]}}],"collection":[{"href":"https:\/\/nandi.info\/index.php?rest_route=\/wp\/v2\/posts"}],"about":[{"href":"https:\/\/nandi.info\/index.php?rest_route=\/wp\/v2\/types\/post"}],"author":[{"embeddable":true,"href":"https:\/\/nandi.info\/index.php?rest_route=\/wp\/v2\/users\/1"}],"replies":[{"embeddable":true,"href":"https:\/\/nandi.info\/index.php?rest_route=%2Fwp%2Fv2%2Fcomments&post=10403"}],"version-history":[{"count":0,"href":"https:\/\/nandi.info\/index.php?rest_route=\/wp\/v2\/posts\/10403\/revisions"}],"wp:featuredmedia":[{"embeddable":true,"href":"https:\/\/nandi.info\/index.php?rest_route=\/"}],"wp:attachment":[{"href":"https:\/\/nandi.info\/index.php?rest_route=%2Fwp%2Fv2%2Fmedia&parent=10403"}],"wp:term":[{"taxonomy":"category","embeddable":true,"href":"https:\/\/nandi.info\/index.php?rest_route=%2Fwp%2Fv2%2Fcategories&post=10403"},{"taxonomy":"post_tag","embeddable":true,"href":"https:\/\/nandi.info\/index.php?rest_route=%2Fwp%2Fv2%2Ftags&post=10403"}],"curies":[{"name":"wp","href":"https:\/\/api.w.org\/{rel}","templated":true}]}}