{"id":10390,"date":"2022-12-03T07:48:00","date_gmt":"2022-12-03T06:48:00","guid":{"rendered":"https:\/\/nandi.info\/?p=10390"},"modified":"2022-12-03T07:48:00","modified_gmt":"2022-12-03T06:48:00","slug":"protection-et-conservation-de-la-biodiversite-au-mali-en-namibie-et-aux-philippines-la-societe-miniere-b2gold-fait-connaitre-ses-reussites","status":"publish","type":"post","link":"https:\/\/nandi.info\/?p=10390","title":{"rendered":"Protection et conservation de la biodiversit\u00e9 au Mali, en Namibie et aux philippines&nbsp;:<strong> <\/strong><strong>La soci\u00e9t\u00e9 mini\u00e8re B2Gold fait conna\u00eetre ses r\u00e9ussites<\/strong>"},"content":{"rendered":"\n<p class=\"has-drop-cap\">Depuis le d\u00e9marrage de la mine de F\u00e9kola en 2015, la soci\u00e9t\u00e9 mini\u00e8re B2Gold a \u00e9labor\u00e9 et mis en \u0153uvre une strat\u00e9gie de conservation de la biodiversit\u00e9. Parce qu&rsquo;elle avait compris que les activit\u00e9s mini\u00e8res peuvent potentiellement affecter la biodiversit\u00e9 et les \u00e9cosyst\u00e8mes, de mani\u00e8re directe et indirecte. C&rsquo;est pour cette raison que B2Gold s&rsquo;est impliqu\u00e9e dans la conservation de la biodiversit\u00e9 dans ses zones d&rsquo;influence. Et gr\u00e2ce \u00e0 l&rsquo;application de mesures d&rsquo;att\u00e9nuation efficaces, B2Gold a minimis\u00e9 les impacts sur les \u00e9l\u00e9ments prioritaires de la biodiversit\u00e9 et \u00e9labor\u00e9 des strat\u00e9gies de gestion \u00e0 long terme qui fournissent des r\u00e9sultats durables en mati\u00e8re de conservation de la nature.<\/p>\n\n\n\n<p>Le symposium organis\u00e9 le mercredi dernier avait pour objectif de faire conna\u00eetre les r\u00e9ussites de B2Gold en mati\u00e8re de conservation de la biodiversit\u00e9 au Mali, en Namibie et aux Philippines. Durant le colloque, les participants ont eu \u00e0 \u00e9changer, entre autres, sur l&rsquo;approche de l&rsquo;exploitation mini\u00e8re responsable de B2Gold ; la biodiversit\u00e9, cadre mondial post 2020 ; les solutions fond\u00e9es sur la nature, un moyen efficace de conservation de la biodiversit\u00e9 et de r\u00e9solution des probl\u00e8mes soci\u00e9taux ; gestion des risques et opportunit\u00e9s li\u00e9s \u00e0 la biodiversit\u00e9 ; qualit\u00e9 des eaux du bassin du fleuve S\u00e9n\u00e9gal ; l&rsquo;application de la d\u00e9tection \u00e9lectronique de la biodiversit\u00e9 dans le secteur minier ; l&rsquo;approche strat\u00e9gique de la gestion des menaces et opportunit\u00e9s li\u00e9es \u00e0 la biodiversit\u00e9 ; le projet de conservation de la r\u00e9serve de Fina dans la boucle du Baoul\u00e9 ; statut des populations de l\u00e9opard en Afrique de l&rsquo;Ouest ; ichtyologie du haut bassin du fleuve S\u00e9n\u00e9gal au Mali ; l&rsquo;impact de l&rsquo;instauration des No go Zones sur la biodiversit\u00e9 ; menaces et strat\u00e9gies d&rsquo;att\u00e9nuation des impacts des soci\u00e9t\u00e9s mini\u00e8res sur les chimpanz\u00e9s ; l&rsquo;\u00e9volution de la biodiversit\u00e9 herbac\u00e9e des formations savanicoles sous l&rsquo;influence de facteurs anthropiques (feu et p\u00e2ture) en zone soudanienne au Mali ; le plan d&rsquo;action r\u00e9gional pour la conservation des chimpanz\u00e9s occidentaux : objectifs et approches ; outils technologiques pour les suivis sur la biodiversit\u00e9 ; le dernier chien sauvage d&rsquo;Afrique de l&rsquo;Ouest et la fa\u00e7on dont les d\u00e9couvertes pr\u00e9liminaires de B2Gold dans le Niokolo Koba lui ont permis de d\u00e9velopper un programme d&rsquo;urgence pour les conserver ; le programme de micro-financement du fonds pour l&rsquo;environnement mondial (PMF\/FEM) : mode de fonctionnement et de mise en \u0153uvre.<\/p>\n\n\n\n<p>Dans son allocution d&rsquo;ouverture, le ministre de l&rsquo;Environnement, de l&rsquo;Assainissement et du D\u00e9veloppement durable, Modibo Kon\u00e9, a salu\u00e9 l&rsquo;organisation du symposium car, \u00e0 ses dires, le Mali poss\u00e8de une diversit\u00e9 biologique tr\u00e8s vari\u00e9e qui se traduit par une diversit\u00e9 g\u00e9n\u00e9tique. Faisant l&rsquo;\u00e9tat de la biodiversit\u00e9 malienne, il a inform\u00e9 que notre pays renferme d&rsquo;\u00e9normes potentialit\u00e9s fauniques repr\u00e9sentant toute la gamme des mammif\u00e8res sauvages, des oiseaux et des reptiles de la savane et de la steppe sah\u00e9lienne. <em>\u00ab\u00a0Actuellement, le Mali dispose d&rsquo;importantes ressources naturelles et biologiques compos\u00e9es de 107 for\u00eats class\u00e9es et 31 aires prot\u00e9g\u00e9es, soit 138 entit\u00e9s couvrant une superficie totale de 4 527 987 ha repr\u00e9sentant environ 12 % du territoire national. Le r\u00e9seau d&rsquo;aires prot\u00e9g\u00e9es comporte 2 r\u00e9serves de biosph\u00e8re, 3 parcs nationaux, 14 r\u00e9serves de faune (totale et partielle) et 9 Zones d&rsquo;Int\u00e9r\u00eat Cyn\u00e9g\u00e9tiques et 4 sites Ramsar. Selon le 6e rapport sur la diversit\u00e9 biologique 2021, il a \u00e9t\u00e9 d\u00e9nombr\u00e9 1739 esp\u00e8ces spontan\u00e9es ligneuses r\u00e9parties entre 687 genres provenant de 155 familles. Au moins 640 esp\u00e8ces d&rsquo;oiseaux sont connues dont 15 sont des esp\u00e8ces end\u00e9miques. Certaines d&rsquo;entre elles font la migration entre le Mali (Delta) et plus de 18 pays d&rsquo;Europe, d&rsquo;Afrique et d&rsquo;Asie\u00a0\u00bb,<\/em> a-t-il fait savoir.<\/p>\n\n\n\n<p>Le ministre a rappel\u00e9 que cette ressource biologique ou g\u00e9n\u00e9tique est le fondement de tous les \u00e9cosyst\u00e8mes et esp\u00e8ces sains et apporte des avantages essentiels aux populations. Pour lui, elle doit \u00eatre maintenue pour permettre \u00e0 toutes les esp\u00e8ces de s&rsquo;adapter aux changements environnementaux, d&rsquo;assurer la r\u00e9silience des \u00e9cosyst\u00e8mes et de lutter contre les maladies et les ravageurs envahissants. <em>\u00ab\u00a0La diversit\u00e9 biologique de milliers d&rsquo;esp\u00e8ces sauvages non domestiqu\u00e9es est essentielle \u00e0 l&rsquo;approvisionnement durable des services \u00e9cosyst\u00e9miques. Sans acc\u00e8s \u00e0 la diversit\u00e9 g\u00e9n\u00e9tique, les agro \u00e9leveurs et autres producteurs du monde rural ne peuvent d\u00e9velopper de nouvelles vari\u00e9t\u00e9s de cultures et soutenir la production animale, aquatique et foresti\u00e8re domestiqu\u00e9e. Par cons\u00e9quent, la diversit\u00e9 g\u00e9n\u00e9tique sous-tend toute la s\u00e9curit\u00e9 alimentaire mondiale et la r\u00e9colte des ressources naturelles. Cependant, cette diversit\u00e9 est aujourd&rsquo;hui en grand perte \u00e0 cause des facteurs anthropiques tels que les grands travaux d&rsquo;am\u00e9nagements, l&rsquo;orpaillage traditionnel, le dragage du li des fleuves, l&rsquo;exploitation du bois \u00e9nergie pour la consommation domestique en lien avec l&rsquo;accroissement d\u00e9mographique\u00a0\u00bb<\/em>, a-t-il pr\u00e9venu.<\/p>\n\n\n\n<p>Il a signal\u00e9 que le Mali, en plus des textes nationaux, a ratifi\u00e9 la Convention sur la diversit\u00e9 biologique \u00e0 travers l&rsquo;adoption de la loi n\u00b0 94-026\/AN-RM du 24 juin 1994 et sign\u00e9 le 29 mars 1995. Il a aussi sign\u00e9 et ratifi\u00e9 les protocoles de Cartagena et de Nagoya respectivement le 4 juin 2002 et le 16 octobre 2016.<\/p>\n\n\n\n<p><em>\u00ab\u00a0Le Mali, \u00e0 l&rsquo;instar de la communaut\u00e9 internationale, a \u00e9labor\u00e9 et mis en \u0153uvre la Strat\u00e9gie nationale de la Convention sur la diversit\u00e9 biologique et un plan d&rsquo;actions 2010 -2020, produit son 6e rapport national sur l&rsquo;\u00e9tat de mise en \u0153uvre de la convention et pr\u00e9pare activement la Conf\u00e9rence des Parties (COP15) qui se tiendra du 3 au 19 d\u00e9cembre 2022 \u00e0 Montr\u00e9al (Canada)\u00a0\u00bb,<\/em> a-t-il fait remarquer.<\/p>\n\n\n\n<figure class=\"wp-block-image size-large\"><img decoding=\"async\" src=\"https:\/\/nandi.info\/wp-content\/uploads\/2022\/12\/B2GOLD-1-2-1024x568.png\" alt=\"\" class=\"wp-image-10395\"\/><\/figure>\n\n\n\n<p>Il a r\u00e9v\u00e9l\u00e9 que le contrat minier sign\u00e9 entre le Mali et B2Gold fait obligation \u00e0 la protection, \u00e0 la pr\u00e9servation et \u00e0 la sauvegarde de la diversit\u00e9 biologique sur l&rsquo;\u00e9tendue de son permis minier. A ce titre, B2Gold a men\u00e9 les \u00e9tudes d&rsquo;impact environnemental et social de la mine de Fadougou assorties d&rsquo;un permis environnemental faisant ainsi de l&rsquo;entreprise un acteur important dans le respect des clauses environnementales. <em>\u00ab\u00a0B2Gold, comme toute autre industrie mini\u00e8re, doit s&rsquo;assurer que les avantages de l&rsquo;exploitation mini\u00e8re s&rsquo;\u00e9tendent au-del\u00e0 de la dur\u00e9e de vie de la mine elle-m\u00eame. Le d\u00e9veloppement minier responsable et durable a le potentiel d&rsquo;avoir des effets transformateurs positifs sur le d\u00e9veloppement socio-\u00e9conomique des communaut\u00e9s et des nations et il peut agir en tant que gardien de notre environnement naturel. En tant que soci\u00e9t\u00e9 mini\u00e8re responsable, B2Gold s&rsquo;engage \u00e0 d\u00e9velopper les ressources d&rsquo;une mani\u00e8re responsable qui prot\u00e8ge les personnes et respecte les droits de l&rsquo;homme et le patrimoine culturel. B2Gold cr\u00e9e un d\u00e9veloppement socio-\u00e9conomique qui att\u00e9nue les impacts sur l&rsquo;environnement et la biodiversit\u00e9. Notre approche de gestion consiste \u00e0 travailler dans des contextes sociaux, \u00e9conomiques et environnementaux de mani\u00e8re \u00e0 produire des r\u00e9sultats positifs et durables pour notre entreprise. Par cons\u00e9quent, B2Gold est honor\u00e9 de parrainer le premier Symposium sur la biodiversit\u00e9 au Mali dans le cadre de notre strat\u00e9gie de biodiversit\u00e9\u00a0\u00bb<\/em>, a-t-il d\u00e9clar\u00e9.<\/p>\n\n\n\n<p>Selon le ministre, le symposium offrira un forum aux chercheurs, aux praticiens en d\u00e9but de carri\u00e8re, aux professionnels et aux d\u00e9veloppeurs pour partager leurs exp\u00e9riences, les donn\u00e9es, les techniques et outils, former des synergies et promouvoir une r\u00e9flexion commune. <em>\u00ab\u00a0C&rsquo;est un forum qui sensibilise sur les approches innovantes de d\u00e9veloppement durable qui g\u00e8rent efficacement les menaces sur la biodiversit\u00e9, favorisent la r\u00e9silience et la conservation \u00e0 long terme. Le panel des participants est tr\u00e8s int\u00e9ressant et j&rsquo;esp\u00e8re que vous arriverez \u00e0 tirer des enseignements pour faire avancer les bonnes pratiques en faveur de la protection de l&rsquo;environnement et la gestion durable des ressources\u00a0\u00bb,<\/em> a-t-il souhait\u00e9.&nbsp;&nbsp;&nbsp;&nbsp;&nbsp;&nbsp;&nbsp;&nbsp;&nbsp;&nbsp;&nbsp;&nbsp;&nbsp; <strong>&nbsp;&nbsp;&nbsp;&nbsp;&nbsp;&nbsp;&nbsp;&nbsp;&nbsp;&nbsp;&nbsp;&nbsp;&nbsp;&nbsp;&nbsp;&nbsp;&nbsp;&nbsp;&nbsp;&nbsp;&nbsp;&nbsp;&nbsp;&nbsp;&nbsp;&nbsp;&nbsp;&nbsp;&nbsp;&nbsp;&nbsp;&nbsp;&nbsp;&nbsp;&nbsp;&nbsp;&nbsp;&nbsp;&nbsp;&nbsp;&nbsp;&nbsp;&nbsp;&nbsp;&nbsp;&nbsp;&nbsp;&nbsp;&nbsp;&nbsp;&nbsp;&nbsp;&nbsp;&nbsp;&nbsp;&nbsp;&nbsp;&nbsp;&nbsp;&nbsp;&nbsp;&nbsp;&nbsp;&nbsp;&nbsp;&nbsp;&nbsp;&nbsp;&nbsp;<\/strong><\/p>\n\n\n\n<p><strong>Siaka DOUMBIA<\/strong><\/p>\n\n\n\n<p><\/p>\n","protected":false},"excerpt":{"rendered":"<p>Depuis le d\u00e9marrage de la mine de F\u00e9kola en 2015, la soci\u00e9t\u00e9 mini\u00e8re B2Gold a \u00e9labor\u00e9 et mis en \u0153uvre une strat\u00e9gie de conservation de la biodiversit\u00e9. Parce qu&rsquo;elle avait&hellip;<\/p>\n","protected":false},"author":1,"featured_media":10396,"comment_status":"open","ping_status":"closed","sticky":false,"template":"","format":"standard","meta":{"content-type":"","_lmt_disableupdate":"","_lmt_disable":"","_jetpack_memberships_contains_paid_content":false,"footnotes":"","jetpack_publicize_message":"","jetpack_publicize_feature_enabled":true,"jetpack_social_post_already_shared":true,"jetpack_social_options":{"image_generator_settings":{"template":"highway","default_image_id":0,"font":"","enabled":false},"version":2}},"categories":[19,36],"tags":[],"class_list":["post-10390","post","type-post","status-publish","format-standard","has-post-thumbnail","hentry","category-aujourdhui-mali","category-environnement"],"jetpack_publicize_connections":[],"featured_image_urls":{"full":"","thumbnail":"","medium":"","medium_large":"","large":"","1536x1536":"","2048x2048":"","penci-recipe-1200x1200":"","penci-recipe-1200x900":"","penci-recipe-1200x675":"","penci-single-full":"","penci-slider-full-thumb":"","penci-full-thumb":"","penci-slider-thumb":"","penci-magazine-slider":"","penci-thumb":"","penci-masonry-thumb":"","penci-thumb-square":"","penci-thumb-vertical":"","penci-thumb-small":""},"author_info":{"display_name":"Nandi","author_link":"https:\/\/nandi.info\/?author=1"},"category_info":"<a href=\"https:\/\/nandi.info\/?cat=19\" rel=\"category\">Aujourd\u2019hui Mali<\/a> <a href=\"https:\/\/nandi.info\/?cat=36\" rel=\"category\">Environnement<\/a>","tag_info":"Environnement","comment_count":"0","jetpack_featured_media_url":"","jetpack_sharing_enabled":true,"_links":{"self":[{"href":"https:\/\/nandi.info\/index.php?rest_route=\/wp\/v2\/posts\/10390","targetHints":{"allow":["GET"]}}],"collection":[{"href":"https:\/\/nandi.info\/index.php?rest_route=\/wp\/v2\/posts"}],"about":[{"href":"https:\/\/nandi.info\/index.php?rest_route=\/wp\/v2\/types\/post"}],"author":[{"embeddable":true,"href":"https:\/\/nandi.info\/index.php?rest_route=\/wp\/v2\/users\/1"}],"replies":[{"embeddable":true,"href":"https:\/\/nandi.info\/index.php?rest_route=%2Fwp%2Fv2%2Fcomments&post=10390"}],"version-history":[{"count":0,"href":"https:\/\/nandi.info\/index.php?rest_route=\/wp\/v2\/posts\/10390\/revisions"}],"wp:featuredmedia":[{"embeddable":true,"href":"https:\/\/nandi.info\/index.php?rest_route=\/"}],"wp:attachment":[{"href":"https:\/\/nandi.info\/index.php?rest_route=%2Fwp%2Fv2%2Fmedia&parent=10390"}],"wp:term":[{"taxonomy":"category","embeddable":true,"href":"https:\/\/nandi.info\/index.php?rest_route=%2Fwp%2Fv2%2Fcategories&post=10390"},{"taxonomy":"post_tag","embeddable":true,"href":"https:\/\/nandi.info\/index.php?rest_route=%2Fwp%2Fv2%2Ftags&post=10390"}],"curies":[{"name":"wp","href":"https:\/\/api.w.org\/{rel}","templated":true}]}}