{"id":10387,"date":"2022-12-03T07:33:00","date_gmt":"2022-12-03T06:33:00","guid":{"rendered":"https:\/\/nandi.info\/?p=10387"},"modified":"2022-12-03T07:33:00","modified_gmt":"2022-12-03T06:33:00","slug":"sacko-holding-sa-une-cimenterie-a-355-milliards-fcfa-a-bema","status":"publish","type":"post","link":"https:\/\/nandi.info\/?p=10387","title":{"rendered":"Sacko HOLDING-SA :<strong> Une cimenterie \u00e0 355 milliards FCFA \u00e0 B\u00e9ma<\/strong><strong><\/strong>"},"content":{"rendered":"\n<p><strong><em>Le Mali sera bient\u00f4t dot\u00e9 d&rsquo;une nouvelle cimenterie. Il s&rsquo;agit de la cimenterie \u00ab\u00a0Ciment Sahel Mali\u00a0\u00bb, une filiale de la soci\u00e9t\u00e9 Sacko Holding d&rsquo;El hadj Mohamed Sacko. La pose de la premi\u00e8re pierre de cette cimenterie a eu lieu le jeudi 24 novembre 2022 \u00e0 B\u00e9ma dans la r\u00e9gion de Nioro du Sahel. La c\u00e9r\u00e9monie \u00e9tait pr\u00e9sid\u00e9e par le ministre de l&rsquo;Industrie et du Commerce, Mahmoud Ould Mohamed, accompagn\u00e9 des ministres Lamine Seydou Traor\u00e9 des Mines, de l&rsquo;Energie et l&rsquo;Eau, et Oumarou Diarra, ministre d\u00e9l\u00e9gu\u00e9 aupr\u00e8s du ministre de la Sant\u00e9 et du D\u00e9veloppement social, charg\u00e9 de l&rsquo;Action humanitaire, de la Solidarit\u00e9, des R\u00e9fugi\u00e9s et des D\u00e9plac\u00e9s.<\/em><\/strong><strong><em><\/em><\/strong><\/p>\n\n\n\n<p class=\"has-drop-cap\">D&rsquo;un co\u00fbt d&rsquo;investissement de 355 milliards de FCFA, la nouvelle cimenterie \u00ab\u00a0Ciment Sahel Mali\u00a0\u00bb, selon El hadj Mohamed Sacko (PDG de la Soci\u00e9t\u00e9 Sacko Holding-SA) aura une capacit\u00e9 de production annuelle de 4,5 millions de tonnes de ciment extensibles \u00e0 6 millions de tonnes par an. Elle cr\u00e9era 1000 emplois dont 800 directs et 200 indirects.<\/p>\n\n\n\n<p>El hadj Mohamed Sacko a tenu \u00e0 pr\u00e9ciser que tous les travailleurs seront recrut\u00e9s dans la r\u00e9gion de Nioro du Sahel (Di\u00e9ma, B\u00e9ma, Nioro du Sahel). Il a annonc\u00e9 qu&rsquo;avant l&rsquo;exploitation de l&rsquo;usine de \u00ab\u00a0Ciment Sahel Mali\u00a0\u00bb, la soci\u00e9t\u00e9 Sacko Holding proc\u00e9dera \u00e0 l&rsquo;\u00e9lectrification totale de la ville de B\u00e9ma et cela avant la fin de l&rsquo;ann\u00e9e 2023.<\/p>\n\n\n\n<p>Cr\u00e9\u00e9e en 2022 avec un capital initial de 2 milliards de F CFA, la nouvelle usine \u00ab\u00a0Ciment Sahel Mali SA\u00a0\u00bb, sortira de terre au bout de 30 mois \u00e0 compter de janvier 2023. \u00ab\u00a0Ciment Sahel Mali\u00a0\u00bb est le fruit du partenariat financier avec l&rsquo;entreprise turque d\u00e9nomm\u00e9e \u00d6zt\u00fcrk Holding. Le projet b\u00e9n\u00e9ficie de l&rsquo;expertise technique d&rsquo;une entreprise marocaine.<\/p>\n\n\n\n<p>La construction d&rsquo;une cimenterie \u00e0 B\u00e9ma a \u00e9t\u00e9 salu\u00e9e par les autorit\u00e9s administratives, coutumi\u00e8res de B\u00e9ma et le gouverneur de Nioro du Sahel. A leurs dires, l&rsquo;installation de l&rsquo;usine dans leur localit\u00e9 va contribuer \u00e0 la cr\u00e9ation d&#8217;emplois et r\u00e9duire le ch\u00f4mage chez les jeunes d\u00e9s\u0153uvr\u00e9s.<\/p>\n\n\n\n<p>Le chef de village de B\u00e9ma, Kindi Mandiougu\u00e9 Diawara a sollicit\u00e9 l&rsquo;encouragement et l&rsquo;accompagnement de Sacko Holding par les autorit\u00e9s du pays. Selon le gouverneur Alou Amadou Ha\u00efdara, l&rsquo;usine de ciment est un exemple du d\u00e9veloppement du Mali par les autorit\u00e9s de la Transition.<\/p>\n\n\n\n<p>A l&rsquo;en croire, les Maliens ne peuvent compter que sur eux-m\u00eames pour d\u00e9velopper le pays. Et El hadji Mohamed Sacko, en construisant l&rsquo;usine de ciment, vient de donner l&rsquo;exemple de ce d\u00e9veloppement du Mali Kura, a-t-il poursuivi.<\/p>\n\n\n\n<p>La mobilisation des populations de Nioro du Sahel et des villages environnants a \u00e9t\u00e9 totale avec la parade de 150 chevaux de l&rsquo;\u00e9curie Chelsea. L&rsquo;organisation mat\u00e9rielle a aussi \u00e9t\u00e9 r\u00e9ussie par l&rsquo;agence de communication dirig\u00e9e par le dynamique Sidy Dagnoko et son \u00e9quipe. En effet, Spirit communication a fait d\u00e9placer toute son \u00e9quipe avec des mat\u00e9riels de derni\u00e8re g\u00e9n\u00e9ration dont des drones et la diffusion de la c\u00e9r\u00e9monie sur des \u00e9crans g\u00e9ants.&nbsp; &nbsp;&nbsp;&nbsp;&nbsp;&nbsp;&nbsp;&nbsp;&nbsp;&nbsp;&nbsp;&nbsp;&nbsp;&nbsp;&nbsp;&nbsp;&nbsp;&nbsp;&nbsp;&nbsp;&nbsp;&nbsp;&nbsp;&nbsp;&nbsp;&nbsp;&nbsp;&nbsp;&nbsp;&nbsp;&nbsp;&nbsp;&nbsp;&nbsp;&nbsp;&nbsp;&nbsp;&nbsp;&nbsp;&nbsp;&nbsp;&nbsp;&nbsp;&nbsp;&nbsp;&nbsp;&nbsp;&nbsp;&nbsp;&nbsp;&nbsp;&nbsp;&nbsp;&nbsp;&nbsp;&nbsp;&nbsp;&nbsp;&nbsp;&nbsp;&nbsp;&nbsp;&nbsp;&nbsp;&nbsp;&nbsp;&nbsp;&nbsp;&nbsp;&nbsp;&nbsp;&nbsp;&nbsp;&nbsp;&nbsp;&nbsp;&nbsp;&nbsp;&nbsp;&nbsp;&nbsp;&nbsp;&nbsp;&nbsp;&nbsp;&nbsp;&nbsp;&nbsp;&nbsp;&nbsp;&nbsp;&nbsp;&nbsp;&nbsp;&nbsp;&nbsp;&nbsp;&nbsp;&nbsp;&nbsp;&nbsp;&nbsp;&nbsp;&nbsp;&nbsp;&nbsp;&nbsp;&nbsp;&nbsp;&nbsp;<\/p>\n\n\n\n<p><strong>Siaka Doumbia, Envoy\u00e9 sp\u00e9cial<\/strong><\/p>\n\n\n\n<p><\/p>\n","protected":false},"excerpt":{"rendered":"<p>Le Mali sera bient\u00f4t dot\u00e9 d&rsquo;une nouvelle cimenterie. Il s&rsquo;agit de la cimenterie \u00ab\u00a0Ciment Sahel Mali\u00a0\u00bb, une filiale de la soci\u00e9t\u00e9 Sacko Holding d&rsquo;El hadj Mohamed Sacko. La pose de&hellip;<\/p>\n","protected":false},"author":1,"featured_media":10392,"comment_status":"open","ping_status":"closed","sticky":false,"template":"","format":"standard","meta":{"content-type":"","_lmt_disableupdate":"","_lmt_disable":"","_jetpack_memberships_contains_paid_content":false,"footnotes":"","jetpack_publicize_message":"","jetpack_publicize_feature_enabled":true,"jetpack_social_post_already_shared":true,"jetpack_social_options":{"image_generator_settings":{"template":"highway","default_image_id":0,"font":"","enabled":false},"version":2}},"categories":[19,88,30],"tags":[],"class_list":["post-10387","post","type-post","status-publish","format-standard","has-post-thumbnail","hentry","category-aujourdhui-mali","category-eco-developpement","category-economie"],"jetpack_publicize_connections":[],"featured_image_urls":{"full":"","thumbnail":"","medium":"","medium_large":"","large":"","1536x1536":"","2048x2048":"","penci-recipe-1200x1200":"","penci-recipe-1200x900":"","penci-recipe-1200x675":"","penci-single-full":"","penci-slider-full-thumb":"","penci-full-thumb":"","penci-slider-thumb":"","penci-magazine-slider":"","penci-thumb":"","penci-masonry-thumb":"","penci-thumb-square":"","penci-thumb-vertical":"","penci-thumb-small":""},"author_info":{"display_name":"Nandi","author_link":"https:\/\/nandi.info\/?author=1"},"category_info":"<a href=\"https:\/\/nandi.info\/?cat=19\" rel=\"category\">Aujourd\u2019hui Mali<\/a> <a href=\"https:\/\/nandi.info\/?cat=88\" rel=\"category\">Eco- D\u00e9veloppement<\/a> <a href=\"https:\/\/nandi.info\/?cat=30\" rel=\"category\">Economie<\/a>","tag_info":"Economie","comment_count":"0","jetpack_featured_media_url":"","jetpack_sharing_enabled":true,"_links":{"self":[{"href":"https:\/\/nandi.info\/index.php?rest_route=\/wp\/v2\/posts\/10387","targetHints":{"allow":["GET"]}}],"collection":[{"href":"https:\/\/nandi.info\/index.php?rest_route=\/wp\/v2\/posts"}],"about":[{"href":"https:\/\/nandi.info\/index.php?rest_route=\/wp\/v2\/types\/post"}],"author":[{"embeddable":true,"href":"https:\/\/nandi.info\/index.php?rest_route=\/wp\/v2\/users\/1"}],"replies":[{"embeddable":true,"href":"https:\/\/nandi.info\/index.php?rest_route=%2Fwp%2Fv2%2Fcomments&post=10387"}],"version-history":[{"count":0,"href":"https:\/\/nandi.info\/index.php?rest_route=\/wp\/v2\/posts\/10387\/revisions"}],"wp:featuredmedia":[{"embeddable":true,"href":"https:\/\/nandi.info\/index.php?rest_route=\/"}],"wp:attachment":[{"href":"https:\/\/nandi.info\/index.php?rest_route=%2Fwp%2Fv2%2Fmedia&parent=10387"}],"wp:term":[{"taxonomy":"category","embeddable":true,"href":"https:\/\/nandi.info\/index.php?rest_route=%2Fwp%2Fv2%2Fcategories&post=10387"},{"taxonomy":"post_tag","embeddable":true,"href":"https:\/\/nandi.info\/index.php?rest_route=%2Fwp%2Fv2%2Ftags&post=10387"}],"curies":[{"name":"wp","href":"https:\/\/api.w.org\/{rel}","templated":true}]}}