{"id":10331,"date":"2022-11-30T11:20:00","date_gmt":"2022-11-30T10:20:00","guid":{"rendered":"https:\/\/nandi.info\/?p=10331"},"modified":"2022-11-30T11:20:00","modified_gmt":"2022-11-30T10:20:00","slug":"revision-constitutionnelle-elections-de-quoi-les-partis-politiques-ont-ils-peur","status":"publish","type":"post","link":"https:\/\/nandi.info\/?p=10331","title":{"rendered":"<strong>R\u00e9vision constitutionnelle-\u00e9lections&nbsp;:<\/strong> <strong>De quoi les partis politiques ont-ils peur&nbsp;?<\/strong>"},"content":{"rendered":"\n<p><strong>Apparemment notre manchette de la semaine derni\u00e8re (AR\u00c8NE POLITIQUE MALIENNE&nbsp;: La disette a-t-elle r\u00e9duit les partis au silence&nbsp;? Le Matin N\u00b0555 du mercredi 23 novembre 2022) semble avoir r\u00e9veill\u00e9 les politiciens d\u00e9s\u0153uvr\u00e9s de la R\u00e9publique. C\u2019est ainsi que, samedi dernier (26 novembre 2022), le Cadre des partis et regroupements politiques pour le retour \u00e0 l\u2019ordre constitutionnel a anim\u00e9 une conf\u00e9rence de presse pour exiger l\u2019abandon du projet de la nouvelle constitution et l\u2019organisation des \u00e9lections pr\u00e9sidentielles et l\u00e9gislatives sous la responsabilit\u00e9 d\u2019un gouvernement inclusif de mission. Autrement, pensent des observateurs, ils exigent un gouvernement d\u2019ouverture en esp\u00e9rant \u00eatre massivement invit\u00e9s \u00e0 la table des convives.<\/strong><\/p>\n\n\n\n<p>L\u2019organisation d\u2019un dialogue r\u00e9publicain de haut niveau avec la classe politique et la soci\u00e9t\u00e9 civile, l\u2019organisation des \u00e9lections pr\u00e9sidentielles et l\u00e9gislatives par un gouvernement inclusif, l\u2019abandon du projet de la nouvelle constitution\u2026 Voil\u00e0, entre autres, les exigences formul\u00e9es par le Cadre des partis et regroupements politiques pour le retour \u00e0 l\u2019ordre constitutionnel (une alliance&nbsp; qui serait constitu\u00e9e de dizaines de partis et de mouvements politiques) lors d\u2019une conf\u00e9rence de presse anim\u00e9e samedi dernier (26 novembre 2022). Et selon son pr\u00e9sident, Dr Modibo Soumar\u00e9, il s\u2019agit d\u2019une condition sine qua non pour \u00ab<em>sortir rapidement le Mali de la crise<\/em>\u00bb.<\/p>\n\n\n\n<p>Selon ses responsables, la sortie de crise n\u00e9cessite un \u00ab<em>changement de cap et de paradigme<\/em>\u00bb avec une vision politique clairement assum\u00e9e et des actions concr\u00e8tes. D\u2019o\u00f9, selon eux, l\u2019urgence d\u2019un \u00ab<em>dialogue r\u00e9publicain<\/em>\u00bb de haut niveau avec la classe politique et les autres forces de la soci\u00e9t\u00e9 en vue d\u2019une vraie d\u00e9crispation et d\u2019une vraie r\u00e9conciliation entre les maliens. Cela permettra, selon Amadou Ko\u00efta (PS Yeleen Kura et porte-parole de la coalition) de \u00ab<em>d\u00e9gager un large consensus autour de la gestion et la conduite de la transition<\/em>\u00bb. Dans une d\u00e9claration lue par M. Ko\u00efta devant la presse (et sign\u00e9e par les repr\u00e9sentants des partis politiques et regroupements politiques comme Esp\u00e9rance Jiguiya Kura, PS Yeleen Kura, Ensemble pour le Mali, Action R\u00e9publicaine pour le Progr\u00e8s\/ARP, ASMA, ICAP\u2026) le cadre a souhait\u00e9 l\u2019\u00e9tablissement d\u2019une carte \u00e9lectorale sur la base des donn\u00e9es s\u00e9curitaires, l\u2019audit du fichier \u00e9lectoral, la distinction entre la gestion de la situation s\u00e9curitaire du pays (qui est permanente) et celle de la s\u00e9curisation des \u00e9lections qui est temporelle et qui n\u00e9cessite une strat\u00e9gie sp\u00e9cifique.<\/p>\n\n\n\n<p>Selon le porte-parole&nbsp;Ko\u00efta, le cadre soup\u00e7onne surtout les autorit\u00e9s de vouloir \u00ab<em>changer la constitution<\/em>\u00bb et modifier \u00ab<em>les chronogrammes \u00e9lectoraux<\/em>\u00bb. Il a ainsi d\u00e9nonc\u00e9 cela comme \u00ab<em>une d\u00e9marche non inclusive<\/em>\u00bb. Ce regroupement a \u00e9galement exig\u00e9 la cessation des arrestations extrajudiciaires, des intimidations et des menaces des personnalit\u00e9s politiques ainsi que le retour de celles qui ont \u00e9t\u00e9 contraintes \u00e0 l\u2019exil, le retour du Mali dans le concert des nations, le respect strict de l\u2019ind\u00e9pendance de la justice et des droits et libert\u00e9s\u2026 Tout comme il a r\u00e9clam\u00e9 la nomination d\u2019un Premier ministre \u00ab<em>non partisan, consensuel, comp\u00e9tent, int\u00e8gre et ayant une connaissance av\u00e9r\u00e9e des dynamiques politiques, \u00e9conomiques et s\u00e9curitaires du pays<\/em>\u00bb.<\/p>\n\n\n\n<p>Il faut rappeler que, depuis juillet dernier, cette coalition n\u2019a pas cess\u00e9 de r\u00e9clamer la d\u00e9mission du Premier ministre Dr Choguel Kokalla Ma\u00efga. Une exigence remise donc sur la table avec l\u2019annonce du retour de Choguel au devant de la sc\u00e8ne politique. \u00ab<em>Notre regroupement tient \u00e0 sa position<\/em>\u00bb, a martel\u00e9 Dr Modibo Soumar\u00e9, pr\u00e9sident du cadre, tout en se r\u00e9jouissant du r\u00e9tablissement du chef du gouvernement.<\/p>\n\n\n\n<p>Le timing de cette&nbsp; conf\u00e9rence presse ne semble pas avoir surpris beaucoup d\u2019observateurs qui jugent n\u00e9cessaire l\u2019impulsion aujourd\u2019hui d\u2019une nouvelle dynamique \u00e0 la transition. \u00ab<em>Ces derni\u00e8res semaines, il a \u00e9t\u00e9 beaucoup question de la n\u00e9cessit\u00e9 d\u2019un remaniement minist\u00e9riel. Et le cadre revient \u00e0 la charge avec les m\u00eames revendications pour exercer la pression sur les autorit\u00e9s de la transition afin d\u2019obtenir quelques portefeuilles dans le prochain gouvernement<\/em>\u00bb, a analys\u00e9 un interlocuteur.<\/p>\n\n\n\n<p>\u00ab<em>Certaines revendications sont pertinentes comme la r\u00e9duction du train de vie de l\u2019Etat, la fin des intimidations et des arrestations arbitraires, le respect strict de l\u2019ind\u00e9pendance de la justice et des droits et libert\u00e9s, l\u2019audit du fichier \u00e9lectoral et surtout le respect du d\u00e9lai de la transition. Mais, je ne trouve pas raisonnable qu\u2019on exige \u00e0 ce stade l\u2019abandon du projet de nouvelle constitution qui est le socle de la refondation de l\u2019Etat. C\u2019est plus que jamais le moment de proc\u00e9der \u00e0 cette r\u00e9vision d\u2019autant plus que tous les r\u00e9gimes d\u00e9mocratiquement \u00e9lus l\u2019ont tent\u00e9 sans succ\u00e8s. Il faut juste se donner la main aujourd\u2019hui pour am\u00e9liorer le projet dans l\u2019int\u00e9r\u00eat de la d\u00e9mocratie<\/em>\u00bb, conclut-il.<\/p>\n\n\n\n<p>\u00ab<em>Ces politiciens cherchent juste \u00e0 manger en exigeant un gouvernement d&rsquo;union\u2026 Certes le pays a besoin d&rsquo;union de tous ses fils et filles, mais il n\u2019est pas opportun aujourd\u2019hui d\u2019ouvrir le gouvernement aux politiciens. Qu\u2019ils se pr\u00e9parent plut\u00f4t pour les prochaines \u00e9ch\u00e9ances \u00e9lectorales, en demandant par exemple aux Maliens de voter Non au r\u00e9f\u00e9rendum constitutionnel s\u2019ils ne sont pas d\u2019accord avec le projet. Mais, cela ne les arrange pas parce que ceux qui exigent aujourd\u2019hui le retrait du projet de constitution ne p\u00e8sent pas lourd sur l\u2019\u00e9chiquier politique. Ils veulent juste faire du bruit pour entrer dans le gouvernement<\/em>\u00bb, analyse un autre interlocuteur.<\/p>\n\n\n\n<p>Le pr\u00e9sident Assimi Go\u00efta va-t-il alors c\u00e9der \u00e0 leur \u00ab<em>chantage politique<\/em>\u00bb&nbsp;? Les semaines \u00e0 venir vont nous \u00e9difier&nbsp;!<\/p>\n\n\n\n<p><strong>Kader To\u00e9<\/strong><\/p>\n","protected":false},"excerpt":{"rendered":"<p>Apparemment notre manchette de la semaine derni\u00e8re (AR\u00c8NE POLITIQUE MALIENNE&nbsp;: La disette a-t-elle r\u00e9duit les partis au silence&nbsp;? Le Matin N\u00b0555 du mercredi 23 novembre 2022) semble avoir r\u00e9veill\u00e9 les&hellip;<\/p>\n","protected":false},"author":1,"featured_media":7682,"comment_status":"open","ping_status":"closed","sticky":false,"template":"","format":"standard","meta":{"content-type":"","_lmt_disableupdate":"","_lmt_disable":"","_jetpack_memberships_contains_paid_content":false,"footnotes":"","jetpack_publicize_message":"","jetpack_publicize_feature_enabled":true,"jetpack_social_post_already_shared":true,"jetpack_social_options":{"image_generator_settings":{"template":"highway","default_image_id":0,"font":"","enabled":false},"version":2}},"categories":[53,23],"tags":[],"class_list":["post-10331","post","type-post","status-publish","format-standard","has-post-thumbnail","hentry","category-le-matin","category-politique"],"jetpack_publicize_connections":[],"featured_image_urls":{"full":"","thumbnail":"","medium":"","medium_large":"","large":"","1536x1536":"","2048x2048":"","penci-recipe-1200x1200":"","penci-recipe-1200x900":"","penci-recipe-1200x675":"","penci-single-full":"","penci-slider-full-thumb":"","penci-full-thumb":"","penci-slider-thumb":"","penci-magazine-slider":"","penci-thumb":"","penci-masonry-thumb":"","penci-thumb-square":"","penci-thumb-vertical":"","penci-thumb-small":""},"author_info":{"display_name":"Nandi","author_link":"https:\/\/nandi.info\/?author=1"},"category_info":"<a href=\"https:\/\/nandi.info\/?cat=53\" rel=\"category\">Le Matin<\/a> <a href=\"https:\/\/nandi.info\/?cat=23\" rel=\"category\">Politique<\/a>","tag_info":"Politique","comment_count":"0","jetpack_featured_media_url":"","jetpack_sharing_enabled":true,"_links":{"self":[{"href":"https:\/\/nandi.info\/index.php?rest_route=\/wp\/v2\/posts\/10331","targetHints":{"allow":["GET"]}}],"collection":[{"href":"https:\/\/nandi.info\/index.php?rest_route=\/wp\/v2\/posts"}],"about":[{"href":"https:\/\/nandi.info\/index.php?rest_route=\/wp\/v2\/types\/post"}],"author":[{"embeddable":true,"href":"https:\/\/nandi.info\/index.php?rest_route=\/wp\/v2\/users\/1"}],"replies":[{"embeddable":true,"href":"https:\/\/nandi.info\/index.php?rest_route=%2Fwp%2Fv2%2Fcomments&post=10331"}],"version-history":[{"count":0,"href":"https:\/\/nandi.info\/index.php?rest_route=\/wp\/v2\/posts\/10331\/revisions"}],"wp:featuredmedia":[{"embeddable":true,"href":"https:\/\/nandi.info\/index.php?rest_route=\/"}],"wp:attachment":[{"href":"https:\/\/nandi.info\/index.php?rest_route=%2Fwp%2Fv2%2Fmedia&parent=10331"}],"wp:term":[{"taxonomy":"category","embeddable":true,"href":"https:\/\/nandi.info\/index.php?rest_route=%2Fwp%2Fv2%2Fcategories&post=10331"},{"taxonomy":"post_tag","embeddable":true,"href":"https:\/\/nandi.info\/index.php?rest_route=%2Fwp%2Fv2%2Ftags&post=10331"}],"curies":[{"name":"wp","href":"https:\/\/api.w.org\/{rel}","templated":true}]}}