{"id":10314,"date":"2022-11-30T11:58:32","date_gmt":"2022-11-30T10:58:32","guid":{"rendered":"https:\/\/nandi.info\/?p=10314"},"modified":"2022-11-30T11:58:32","modified_gmt":"2022-11-30T10:58:32","slug":"safo-les-chefs-installes","status":"publish","type":"post","link":"https:\/\/nandi.info\/?p=10314","title":{"rendered":"Safo : Les chefs install\u00e9s"},"content":{"rendered":"\n<p><strong><em>La mairie de la Commune rurale de Safo a servi de cadre \u00e0 la c\u00e9r\u00e9monie de la remise des insignes et attestations aux 14 chefs traditionnels de la Commune rurale de Safo.<\/em><\/strong><\/p>\n\n\n\n<p class=\"has-drop-cap\">Suivant le d\u00e9cret n\u00b02022- 0128\/PT-RM du 4 mars 2022, le 11 novembre, a \u00e9t\u00e9 institu\u00e9 journ\u00e9e nationale des l\u00e9gitimit\u00e9s traditionnelles.<\/p>\n\n\n\n<p>Les chefs de villages de Safo ont re\u00e7u leurs insignes et attestations, le jeudi dernier 24 novembre dernier. La c\u00e9r\u00e9monie a mobilis\u00e9, les 14 chefs des villages de N\u2019zorokoro, Falayan, Tassan, Ch\u00f4do, Somabougou, S\u00e9riwala, Dabani, Don\u00e9gu\u00e9bougou, Dognoumana, Kodialani, K\u00f4la, Sirababougou, Torodo, Safo.<\/p>\n\n\n\n<p>Sakouba Mady Demb\u00e9l\u00e9, sous-pr\u00e9fet de Kalaban-coro, qui pr\u00e9sidait la c\u00e9r\u00e9monie a profit\u00e9 pour situer la c\u00e9r\u00e9monie dans son contexte.&nbsp;<em>\u00ab&nbsp;L\u2019objectif global de la remise des insignes et attestations, est de contribuer \u00e0 mieux exploiter le syst\u00e8me de gouvernance des l\u00e9gitimit\u00e9s traditionnelles pour promouvoir la paix, la coh\u00e9sion sociale et soutenir la refondation de l\u2019Etat. Ces insignes ne vous donnent pas le pouvoir d\u2019un gendarme, ni d\u2019un juge, mais juste vous valorise. Personnellement, nous avons \u00e9t\u00e9 tr\u00e8s ravis de la qualit\u00e9 de l\u2019accueil, la pr\u00e9sence massive des autorit\u00e9s traditionnelles car aucune difficult\u00e9 n\u2019a \u00e9t\u00e9 signal\u00e9e&nbsp;\u00bb.<\/em><\/p>\n\n\n\n<p>A sa suite, le maire de Safo, Guiro Traor\u00e9, ajoute&nbsp;: \u00ab&nbsp;<em>Nous esp\u00e9rons qu\u2019elle permettra aux chefs de villages d\u2019\u00e9touffer beaucoup de petites querelles dans nos villages, de s\u2019assumer dans les litiges fonciers, avant d\u2019en arriver \u00e0 la mairie parce que nous trouvons ici que les chefs de villages jouent un r\u00f4le important dans la soci\u00e9t\u00e9. Ici, nous n\u2019avons jamais connu des probl\u00e8mes dans le choix des chefs de villages comme \u00e0 ailleurs&nbsp;\u00bb.<\/em><\/p>\n\n\n\n<p>Le porte-parole des chefs de villages Doss\u00e9 Coulibaly de Dognoumana a exprim\u00e9 leur joie et leur reconnaissance pour la volont\u00e9 d\u2019honorer la fonction du chef de village. Il a, au nom de ses coll\u00e8gues chefs de villages, formul\u00e9 des b\u00e9n\u00e9dictions pour la r\u00e9ussite de la transition, la paix au Mali et pr\u00f4n\u00e9 la coh\u00e9sion sociale entre tout le peuple.<\/p>\n\n\n\n<p><strong>Abou Safoun\u00e9 Diarra<\/strong><\/p>\n\n\n\n<p><strong>(<em>stagiaire<\/em>)<\/strong><\/p>\n","protected":false},"excerpt":{"rendered":"<p>La mairie de la Commune rurale de Safo a servi de cadre \u00e0 la c\u00e9r\u00e9monie de la remise des insignes et attestations aux 14 chefs traditionnels de la Commune rurale&hellip;<\/p>\n","protected":false},"author":1,"featured_media":10315,"comment_status":"open","ping_status":"closed","sticky":false,"template":"","format":"standard","meta":{"content-type":"","_lmt_disableupdate":"","_lmt_disable":"","_jetpack_memberships_contains_paid_content":false,"footnotes":"","jetpack_publicize_message":"","jetpack_publicize_feature_enabled":true,"jetpack_social_post_already_shared":true,"jetpack_social_options":{"image_generator_settings":{"template":"highway","default_image_id":0,"font":"","enabled":false},"version":2}},"categories":[33,21],"tags":[],"class_list":["post-10314","post","type-post","status-publish","format-standard","has-post-thumbnail","hentry","category-mali-tribune","category-societe"],"jetpack_publicize_connections":[],"featured_image_urls":{"full":"","thumbnail":"","medium":"","medium_large":"","large":"","1536x1536":"","2048x2048":"","penci-recipe-1200x1200":"","penci-recipe-1200x900":"","penci-recipe-1200x675":"","penci-single-full":"","penci-slider-full-thumb":"","penci-full-thumb":"","penci-slider-thumb":"","penci-magazine-slider":"","penci-thumb":"","penci-masonry-thumb":"","penci-thumb-square":"","penci-thumb-vertical":"","penci-thumb-small":""},"author_info":{"display_name":"Nandi","author_link":"https:\/\/nandi.info\/?author=1"},"category_info":"<a href=\"https:\/\/nandi.info\/?cat=33\" rel=\"category\">Mali Tribune<\/a> <a href=\"https:\/\/nandi.info\/?cat=21\" rel=\"category\">Soci\u00e9t\u00e9<\/a>","tag_info":"Soci\u00e9t\u00e9","comment_count":"0","jetpack_featured_media_url":"","jetpack_sharing_enabled":true,"_links":{"self":[{"href":"https:\/\/nandi.info\/index.php?rest_route=\/wp\/v2\/posts\/10314","targetHints":{"allow":["GET"]}}],"collection":[{"href":"https:\/\/nandi.info\/index.php?rest_route=\/wp\/v2\/posts"}],"about":[{"href":"https:\/\/nandi.info\/index.php?rest_route=\/wp\/v2\/types\/post"}],"author":[{"embeddable":true,"href":"https:\/\/nandi.info\/index.php?rest_route=\/wp\/v2\/users\/1"}],"replies":[{"embeddable":true,"href":"https:\/\/nandi.info\/index.php?rest_route=%2Fwp%2Fv2%2Fcomments&post=10314"}],"version-history":[{"count":0,"href":"https:\/\/nandi.info\/index.php?rest_route=\/wp\/v2\/posts\/10314\/revisions"}],"wp:featuredmedia":[{"embeddable":true,"href":"https:\/\/nandi.info\/index.php?rest_route=\/"}],"wp:attachment":[{"href":"https:\/\/nandi.info\/index.php?rest_route=%2Fwp%2Fv2%2Fmedia&parent=10314"}],"wp:term":[{"taxonomy":"category","embeddable":true,"href":"https:\/\/nandi.info\/index.php?rest_route=%2Fwp%2Fv2%2Fcategories&post=10314"},{"taxonomy":"post_tag","embeddable":true,"href":"https:\/\/nandi.info\/index.php?rest_route=%2Fwp%2Fv2%2Ftags&post=10314"}],"curies":[{"name":"wp","href":"https:\/\/api.w.org\/{rel}","templated":true}]}}