{"id":10312,"date":"2022-11-30T12:00:54","date_gmt":"2022-11-30T11:00:54","guid":{"rendered":"https:\/\/nandi.info\/?p=10312"},"modified":"2022-11-30T12:00:54","modified_gmt":"2022-11-30T11:00:54","slug":"vols-denfants-maliens-adoptes-en-france-lassociation-francaise-rayon-de-soleil-de-lenfant-etranger-au-centre-dun-vaste-trafic-denfants-m","status":"publish","type":"post","link":"https:\/\/nandi.info\/?p=10312","title":{"rendered":"<strong>Vols d\u2019enfants maliens adopt\u00e9s en France&nbsp;:<\/strong> <strong>L\u2019association fran\u00e7aise \u00abRayon de soleil de l\u2019enfant \u00e9tranger\u00bb au centre d\u2019un vaste trafic d\u2019enfants maliens<\/strong>"},"content":{"rendered":"\n<p><strong>\u00abRayon de soleil de l\u2019enfant \u00e9tranger\u00bb (RDSEE), l\u2019un des plus grands organismes fran\u00e7ais d\u2019adoption et toujours agr\u00e9\u00e9 par le Quai d\u2019Orsay (minist\u00e8re fran\u00e7ais des Affaires \u00e9trang\u00e8res) est au c\u0153ur d\u2019un grand scandale \u00abd\u2019enfants vol\u00e9s\u00bb, notamment au Mali. C\u2019est ce que d\u00e9montre le quotidien fran\u00e7ais \u00abLe Monde\u00bb (parution du jeudi 24 novembre 2022) qui a enqu\u00eat\u00e9 sur cette association pendant 5 ans. Elle est aujourd\u2019hui dans la ligne de mire de la justice fran\u00e7aise.<\/strong><\/p>\n\n\n\n<p class=\"has-drop-cap\"><em>Le scandale des enfants \u00abvol\u00e9s\u00bb&nbsp;: la d\u00e9rive d\u2019une association fran\u00e7aise au c\u0153ur d\u2019une enqu\u00eate judiciaire<\/em>&nbsp;! Tel \u00e9tait le titre d\u2019un article d\u2019investigation publi\u00e9 jeudi dernier (23 novembre 2022) par le quotidien fran\u00e7ais \u00ab<em>Le Monde<\/em>\u00bb. C\u2019est la suite logique d\u2019un autre article publi\u00e9 le 9 juin 2020 et qui \u00e9tait intitul\u00e9&nbsp;: \u00ab<em>De Paris \u00e0 Bamako, la douloureuse qu\u00eate de v\u00e9rit\u00e9 de Marie M. sur les circonstances de son adoption, il y a trente-deux ans<\/em>\u00bb&nbsp;(par Morgane Le Cam et Kaourou Magassa).<\/p>\n\n\n\n<p>Le 6 septembre 2022, le tribunal de Paris a r\u00e9clam\u00e9 l\u2019ouverture d\u2019une enqu\u00eate contre l\u2019association \u00ab<em>Rayon de soleil de l\u2019enfant \u00e9tranger<\/em>\u00bb (RDSEE, une association agr\u00e9\u00e9e par le minist\u00e8re fran\u00e7ais des Affaires \u00e9trang\u00e8res pour exercer en Bulgarie, en Chili, en Chine, en Cor\u00e9e du Sud et en Inde) et Danielle Boudault pour \u00ab<em>recel d\u2019escroquerie<\/em>\u00bb \u00e0 la suite d\u2019une plainte d\u00e9pos\u00e9e en juin 2020 par neuf fran\u00e7ais adopt\u00e9s au Mali.<\/p>\n\n\n\n<p>Les plaignants leur reprochent d\u2019avoir mis en place des \u00ab<em>stratag\u00e8mes<\/em>\u00bb leur permettant de contourner la loi dans le but de les faire adopter en France entre 1989 et 1996. Et cela en trompant leurs parents aussi biologiques qu\u2019adoptifs. Aux vrais parents, l\u2019association aurait promis un s\u00e9jour temporaire en France pour leurs enfants. Aux parents adoptifs, RDSEE aurait assur\u00e9 que \u00ab<em>les petits Maliens avaient \u00e9t\u00e9 abandonn\u00e9s par leurs familles d\u2019origine<\/em>\u00bb, a \u00e9crit \u00ab<em>Le Monde<\/em>\u00bb apr\u00e8s 5 ans d\u2019enqu\u00eate sur cette association \u00e0 \u00ab<em>l\u2019origine de l\u2019adoption de 7&nbsp;000 enfa<\/em>nts\u00bb dans le monde.<\/p>\n\n\n\n<p>Au Mali tout comme en Centrafrique, en Ha\u00efti, au P\u00e9rou et en Roumanie, RDSEE est \u00ab<em>suspect\u00e9e d\u2019avoir fait adopter des enfants, qui n\u2019auraient pas d\u00fb l\u2019\u00eatre, pour satisfaire les demandes d\u2019adoption \u00e0 l\u2019international des couples fran\u00e7ais<\/em>\u00bb. Ayant d\u00e9cid\u00e9 de d\u00e9fendre gratuitement les neuf plaignants, les avocats N\u00e9omi Saidi-Cottier et Joseph Br\u00e9ham de l\u2019Alliance des avocats pour les droits de l\u2019Homme (AADH) sont \u00e9galement venus enqu\u00eater au Mali.<\/p>\n\n\n\n<p>C\u2019est ainsi qu\u2019ils ont s\u00e9journ\u00e9 ici en septembre dernier et ont rencontr\u00e9 six familles qui ont eu le bonheur de retrouver leurs enfants \u00ab<em>vol\u00e9s<\/em>\u00bb par \u00ab<em>Rayon&nbsp;de soleil<\/em>\u00bb entre 1989 et 1996. \u00ab<em>Ils ne se connaissent pas, mais racontent la m\u00eame histoire aux deux avocats venus r\u00e9colter leurs t\u00e9moignages pour les pr\u00e9senter \u00e0 la justice fran\u00e7aise. L\u2019histoire d\u2019une association qui aurait exploit\u00e9 leur mis\u00e8re et leur analphab\u00e9tisme<\/em>\u00bb, rapporte \u00ab<em>Le Monde<\/em>\u00bb qui a suivi les avocats lors de leurs d\u00e9placements dans notre pays.<\/p>\n\n\n\n<p><strong>En larmes, s\u00e9par\u00e9s et conduits vers des directions diff\u00e9rentes<\/strong><\/p>\n\n\n\n<p>\u00ab<em>Ils nous disaient qu\u2019ils partaient en France temporairement, qu\u2019ils auraient la chance de faire des \u00e9tudes et reviendraient nous voir r\u00e9guli\u00e8rement. Ils nous ont fait signer des papiers qu\u2019on ne comprenait pas. J\u2019ai tellement regrett\u00e9<\/em>\u00bb, a avou\u00e9 \u00e0 nos confr\u00e8res Habi Diakit\u00e9 qui, comme les autres parents abus\u00e9s par RDSEE, ne sait ni \u00e9crire ni lire. En 1991, cette association lui fait signer un consentement \u00e0 l\u2019adoption pl\u00e9ni\u00e8re consacrant \u00ab<em>la rupture de filiation<\/em>\u00bb avec ses deux enfants, Youssouf et Mamadou, alors respectivement \u00e2g\u00e9s de 3 et 5 ans.<\/p>\n\n\n\n<p>\u00ab<em>Pour la convaincre de les envoyer dans l&rsquo;Hexagone, Danielle Boudault<\/em> (coop\u00e9rante fran\u00e7aise d\u00e9tach\u00e9e par l\u2019administration pour enseigner le droit \u00e0 Bamako) <em>lui avait promis que la fratrie serait adopt\u00e9e par la m\u00eame famille. Arriv\u00e9s \u00e0 l\u2019a\u00e9roport de Roissy, les bambins en larmes seront s\u00e9par\u00e9s par l\u2019association<\/em>\u00bb, \u00e9crit le quotidien fran\u00e7ais. \u00ab<em>Au d\u00e9but des ann\u00e9es 90, l\u2019adoption internationale tourne au business \u00e0 Bamako<\/em>\u00bb, ajoute-t-il. Dans un courrier adress\u00e9 au Quai d\u2019Orsay, RDSEE \u00e9crit avoir \u00e9t\u00e9 victime d\u2019un \u00ab<em>d\u00e9tournement de fonds au d\u00e9triment des enfants confi\u00e9s<\/em>\u00bb perp\u00e9tr\u00e9 par son antenne malienne, l\u2019Association rayon de soleil de l\u2019enfant malien (ARSEM). \u00ab<em>Le minist\u00e8re des Affaires \u00e9trang\u00e8res est alert\u00e9, d\u00e8s 1990, des pratiques douteuses de l\u2019organisme qu\u2019il a agr\u00e9\u00e9. Cette ann\u00e9e-l\u00e0, le consul de France avertit ses services&nbsp;: la somme demand\u00e9e par Rayon de soleil aux familles adoptives<\/em> (20&nbsp;000 F CFA) <em>pour les frais \u00e0 r\u00e9gler \u00e0 Bamako, ne correspond pas aux d\u00e9penses r\u00e9elles<\/em>\u00bb, rappelle \u00abLe Monde\u00bb.<\/p>\n\n\n\n<p>\u00ab<em>Pourtant, le consulat et la Mission d\u2019adoption internationale<\/em> (MAI) du Quai d\u2019Orsay (dont le r\u00f4le est de contr\u00f4ler les adoptions r\u00e9alis\u00e9es par les organismes agr\u00e9\u00e9s) <em>continueront \u00e0 d\u00e9livrer des visas aux enfants adopt\u00e9s au Mali via RDSEE jusqu\u2019en 2001<\/em>\u00bb, indique le quotidien. Et l\u2019AADH s\u2019interroge&nbsp;: combien des 320 dossiers maliens g\u00e9r\u00e9s par Rayon de soleil&nbsp; se sont r\u00e9v\u00e9l\u00e9s irr\u00e9guliers&nbsp;? \u00ab<em>Impossible de le dire<\/em>\u00bb, r\u00e9pond \u00ab<em>Le Monde<\/em>\u00bb.<\/p>\n\n\n\n<p>Selon lui, \u00ab<em>cette tromperie et ces trafics pr\u00e9sum\u00e9s hantent encore une ancienne b\u00e9n\u00e9vole fran\u00e7aise de la Maison d\u2019accueil maternelle et infantile<\/em>\u00bb (MAMI qui a remplac\u00e9 ARSEM). Interrog\u00e9e par nos confr\u00e8res fran\u00e7ais, elle qualifie cette maison de \u00ab<em>centre d\u2019arrachement des petits \u00e0 leurs m\u00e8res<\/em>\u00bb. Selon elle, les membres de RDSEE allaient \u00ab<em>chercher les femmes jusque dans la rue pour les convaincre de donner leurs b\u00e9b\u00e9s\u2026<\/em>\u00bb. Cette association exploitait aussi \u00ab<em>des failles de la loi malienne pour organiser une fili\u00e8re<\/em>\u00bb. Vingt-cinq ans apr\u00e8s, cette b\u00e9n\u00e9vole a d\u00e9clar\u00e9 \u00e0 nos confr\u00e8res se rappeler de certains mots r\u00e9p\u00e9t\u00e9s par certaines salari\u00e9es fran\u00e7aises de RDSEE \u00e0 propos des m\u00e8res maliennes. \u00ab<em>Elles font des enfants comme des lapins, on peut bien leur en retirer un\u2026 Un de perdu, dix de retrouv\u00e9s\u2026<\/em>\u00bb, a-t-elle r\u00e9v\u00e9l\u00e9. Et de regretter, \u00ab<em>on a arrach\u00e9 ces gamins \u00e0 leurs parents pour le bonheur de couples fran\u00e7ais en mal d\u2019enfants<\/em>\u00bb.<\/p>\n\n\n\n<p><strong>Un juteux trafic s\u2019est d\u00e9velopp\u00e9 \u00e0 partir des difficult\u00e9s d\u2019adoption en France dans les ann\u00e9es 90<\/strong><\/p>\n\n\n\n<p>Un vrai filon d\u2019or pour l\u2019association et ses complices d\u2019autant plus que, dans la France des ann\u00e9es 90, la demande d\u2019adoption a explos\u00e9 car&nbsp;\u00ab<em>adopter un petit pupille fran\u00e7ais<\/em>\u00bb relevait de plus en plus du parcours du combattant. \u00ab<em>Leur nombre d\u00e9cro\u00eet, les d\u00e9lais d\u2019attente s\u2019allongent et les conditions pos\u00e9es aux futurs parents se durcissent. Ainsi, en 1991, sur les 20&nbsp;000 couples souhaitant adopter, seuls 1&nbsp;000 remplissent les conditions pour en accueillir un. Les 19&nbsp;000 autres se tournent alors vers l\u2019\u00e9tranger. La France devient le champion mondial de l\u2019adoption internationale, juste derri\u00e8re les Etats-Unis<\/em>\u00bb, \u00e9crit \u00abLe Monde\u00bb.<\/p>\n\n\n\n<p>La France ne r\u00e9agissant pas aux alertes, finalement la r\u00e9action viendra du Mali. Comme le dit le journal, face \u00e0 l\u2019afflux des \u00ab<em>demandes de Fran\u00e7ais<\/em>\u00bb, le \u00ab<em>gouvernement serre le vis<\/em>\u00bb et cr\u00e9e \u00e0 la fin des ann\u00e9es 90 une commission charg\u00e9e de filtrer les dossiers. L\u2019association RDSEE tente alors par tous les moyens de la contourner tandis que les dossiers qu\u2019elle lui pr\u00e9sente sont rejet\u00e9s pour \u00ab<em>non-conformit\u00e9 aux dispositions r\u00e9glementaires<\/em>\u00bb du Mali. Les parents des enfants en passe d\u2019\u00eatre adopt\u00e9s \u00e9tant encore en vie,&nbsp;\u00ab<em>ces adoptions sont ill\u00e9gales<\/em>\u00bb. Face \u00e0 ces blocages, les familles en attente en France s\u2019impatientent. Cela devient vite une affaire d\u2019Etat puisque celles-ci finissent par saisir leurs \u00e9lus locaux qui saisissent \u00e0 leur tour Hubert V\u00e9drine et Lionel Jospin alors respectivement ministre des Affaires \u00e9trang\u00e8res et Premier ministre de la France.<\/p>\n\n\n\n<p>Pourtant, interrog\u00e9 par nos confr\u00e8res, Hubert V\u00e9drine va tenter de d\u00e9douaner l\u2019Etat fran\u00e7ais en d\u00e9clarant, \u00ab<em>c\u2019est un raisonnement compl\u00e8tement franco-fran\u00e7ais, formaliste et juridique basique\u2026 Vous ne trouverez de toute fa\u00e7on aucune association qui ait pu respecter toutes les r\u00e8gles de l\u2019\u00e9poque<\/em>\u00bb. Avant de r\u00e9cemment confirmer au journal, \u00ab<em>il y a certainement eu des pratiques illicites\u00bb au sein de l\u2019association<\/em>\u00bb. Curieusement, le d\u00e9partement continue de la consid\u00e9rer comme \u00ab<em>un interlocuteur fiable dans la fa\u00e7on dont elle travaille\u2026 Il n\u2019y aucun manquement<\/em>\u00bb.<\/p>\n\n\n\n<p>Pis, le MAI n\u2019envisage pas non plus de retirer \u00e0 RDSEE son agr\u00e9ment dans les cinq pays o\u00f9 elle officie. Le Quai d\u2019Orsay pr\u00e9f\u00e8re se cacher aujourd\u2019hui derri\u00e8re la justice pour faire son boulot. \u00ab<em>Si sanction il doit y avoir, \u00e7a sera \u00e0 la justice de les prononcer\u2026 On verra ensuite les cons\u00e9quences qu\u2019il faut en tirer<\/em>\u00bb, conclut Hubert V\u00e9drine dans les colonnes de \u00ab<em>Le Monde<\/em>\u00bb. En tout cas, pour ce quotidien fran\u00e7ais, l\u2019ouverture d\u2019une enqu\u00eate pour recel d\u2019escroquerie le 6&nbsp;septembre dernier par le tribunal de Paris est \u00ab<em>un premier soulagement apr\u00e8s des ann\u00e9es de combat m\u00e9pris\u00e9<\/em>\u00bb.<\/p>\n\n\n\n<p>Mais, si obtenir justice peut apporter une certaine consolation aux 9 plaignants, rien &nbsp;ne pourra par contre recoller d\u00e9finitivement les morceaux \u00e9parpill\u00e9s de ces vies bris\u00e9es, des parents et enfants s\u00e9par\u00e9s pendant au moins un quart de si\u00e8cle sans aucun espoir de se revoir un jour&nbsp;!<\/p>\n\n\n\n<p><strong>Moussa Bolly<\/strong><\/p>\n\n\n\n<p><strong>PS&nbsp;: A suivre la semaine prochaine le t\u00e9moignage d\u2019une victime de \u00abRayon de soleil de l\u2019enfant \u00e9tranger\u00bb.<\/strong><\/p>\n","protected":false},"excerpt":{"rendered":"<p>\u00abRayon de soleil de l\u2019enfant \u00e9tranger\u00bb (RDSEE), l\u2019un des plus grands organismes fran\u00e7ais d\u2019adoption et toujours agr\u00e9\u00e9 par le Quai d\u2019Orsay (minist\u00e8re fran\u00e7ais des Affaires \u00e9trang\u00e8res) est au c\u0153ur d\u2019un&hellip;<\/p>\n","protected":false},"author":1,"featured_media":10317,"comment_status":"open","ping_status":"closed","sticky":false,"template":"","format":"standard","meta":{"content-type":"","_lmt_disableupdate":"","_lmt_disable":"","_jetpack_memberships_contains_paid_content":false,"footnotes":"","jetpack_publicize_message":"","jetpack_publicize_feature_enabled":true,"jetpack_social_post_already_shared":true,"jetpack_social_options":{"image_generator_settings":{"template":"highway","default_image_id":0,"font":"","enabled":false},"version":2}},"categories":[53,92,21],"tags":[],"class_list":["post-10312","post","type-post","status-publish","format-standard","has-post-thumbnail","hentry","category-le-matin","category-slider","category-societe"],"jetpack_publicize_connections":[],"featured_image_urls":{"full":"","thumbnail":"","medium":"","medium_large":"","large":"","1536x1536":"","2048x2048":"","penci-recipe-1200x1200":"","penci-recipe-1200x900":"","penci-recipe-1200x675":"","penci-single-full":"","penci-slider-full-thumb":"","penci-full-thumb":"","penci-slider-thumb":"","penci-magazine-slider":"","penci-thumb":"","penci-masonry-thumb":"","penci-thumb-square":"","penci-thumb-vertical":"","penci-thumb-small":""},"author_info":{"display_name":"Nandi","author_link":"https:\/\/nandi.info\/?author=1"},"category_info":"<a href=\"https:\/\/nandi.info\/?cat=53\" rel=\"category\">Le Matin<\/a> <a href=\"https:\/\/nandi.info\/?cat=92\" rel=\"category\">Slider<\/a> <a href=\"https:\/\/nandi.info\/?cat=21\" rel=\"category\">Soci\u00e9t\u00e9<\/a>","tag_info":"Soci\u00e9t\u00e9","comment_count":"0","jetpack_featured_media_url":"","jetpack_sharing_enabled":true,"_links":{"self":[{"href":"https:\/\/nandi.info\/index.php?rest_route=\/wp\/v2\/posts\/10312","targetHints":{"allow":["GET"]}}],"collection":[{"href":"https:\/\/nandi.info\/index.php?rest_route=\/wp\/v2\/posts"}],"about":[{"href":"https:\/\/nandi.info\/index.php?rest_route=\/wp\/v2\/types\/post"}],"author":[{"embeddable":true,"href":"https:\/\/nandi.info\/index.php?rest_route=\/wp\/v2\/users\/1"}],"replies":[{"embeddable":true,"href":"https:\/\/nandi.info\/index.php?rest_route=%2Fwp%2Fv2%2Fcomments&post=10312"}],"version-history":[{"count":0,"href":"https:\/\/nandi.info\/index.php?rest_route=\/wp\/v2\/posts\/10312\/revisions"}],"wp:featuredmedia":[{"embeddable":true,"href":"https:\/\/nandi.info\/index.php?rest_route=\/"}],"wp:attachment":[{"href":"https:\/\/nandi.info\/index.php?rest_route=%2Fwp%2Fv2%2Fmedia&parent=10312"}],"wp:term":[{"taxonomy":"category","embeddable":true,"href":"https:\/\/nandi.info\/index.php?rest_route=%2Fwp%2Fv2%2Fcategories&post=10312"},{"taxonomy":"post_tag","embeddable":true,"href":"https:\/\/nandi.info\/index.php?rest_route=%2Fwp%2Fv2%2Ftags&post=10312"}],"curies":[{"name":"wp","href":"https:\/\/api.w.org\/{rel}","templated":true}]}}