{"id":10310,"date":"2022-11-30T11:51:40","date_gmt":"2022-11-30T10:51:40","guid":{"rendered":"https:\/\/nandi.info\/?p=10310"},"modified":"2022-11-30T11:51:40","modified_gmt":"2022-11-30T10:51:40","slug":"structures-de-gouvernance-la-bad-renforce-les-capacites","status":"publish","type":"post","link":"https:\/\/nandi.info\/?p=10310","title":{"rendered":"Structures de gouvernance : La Bad renforce les capacit\u00e9s"},"content":{"rendered":"\n<p><em><strong>Le ministre de l\u2019Economie et des Finances M Alousseni Sanou et le Repr\u00e9sentant Pays du Groupe du Groupe de la Bad, M. Adalbert Nshimyumuremyi ont proc\u00e9d\u00e9 \u00e0 la signature, le 24 novembre 2022, d\u2019un accord de financement par lequel le Groupe de la Bad met \u00e0 la disposition du Mali environ 5 milliards F CFA, sous forme de don, pour le financement du Projet d\u2019Appui aux Structures de Gouvernance (PASG).<\/strong><\/em><\/p>\n\n\n\n<p class=\"has-drop-cap\">Ce projet a pour objectif de soutenir le renforcement des capacit\u00e9s du Mali dans le domaine de la gouvernance \u00e9conomique et financi\u00e8re afin de contribuer \u00e0 la cr\u00e9ation d\u2019un cadre global de gestion des finances publiques plus propice \u00e0 la r\u00e9duction de la corruption et l\u2019accroissement des ressources internes du Gouvernement \u00e0 travers le renforcement des capacit\u00e9s institutionnelles de l\u2019administration publique.<\/p>\n\n\n\n<p>La mise en \u0153uvre du projet sera articul\u00e9e autour de trois composantes qui suivent :<\/p>\n\n\n\n<p>\u2013 la Composante I, qui prend en charge le Renforcement des capacit\u00e9s en mati\u00e8re de lutte contre la corruption, l\u2019enrichissement et les flux financiers illicites ;<\/p>\n\n\n\n<p>\u2013 la Composante II, qui est consacr\u00e9e au Renforcement des capacit\u00e9s de contr\u00f4le de la d\u00e9pense publique :<\/p>\n\n\n\n<p>\u2013 Et la Composante III qui assure le Renforcement des capacit\u00e9s en mobilisation des ressources internes.<\/p>\n\n\n\n<p>L\u2019Unit\u00e9 de Gestion du Projet sera rattach\u00e9e \u00e0 la Cellule d\u2019Appui \u00e0 la R\u00e9forme des Finances Publiques (Carfip) tandis que l\u2019Office Central de Lutte contre l\u2019Enrichissement Illicite (Oclei), la Cellule Nationale de Traitement des informations Financi\u00e8res (Centif), l\u2019Inspection des Finances (IF), la Direction Nationale du Contr\u00f4le Financier (DNCF) et la Direction G\u00e9n\u00e9rale des Imp\u00f4ts (DGI) constituent les structures concern\u00e9es par sa mise en \u0153uvre.<\/p>\n\n\n\n<p><strong>Mahamet Traor\u00e9<\/strong><\/p>\n\n\n\n<p>Mali Tribune<\/p>\n","protected":false},"excerpt":{"rendered":"<p>Le ministre de l\u2019Economie et des Finances M Alousseni Sanou et le Repr\u00e9sentant Pays du Groupe du Groupe de la Bad, M. Adalbert Nshimyumuremyi ont proc\u00e9d\u00e9 \u00e0 la signature, le&hellip;<\/p>\n","protected":false},"author":1,"featured_media":9281,"comment_status":"open","ping_status":"closed","sticky":false,"template":"","format":"standard","meta":{"content-type":"","_lmt_disableupdate":"","_lmt_disable":"","_jetpack_memberships_contains_paid_content":false,"footnotes":"","jetpack_publicize_message":"","jetpack_publicize_feature_enabled":true,"jetpack_social_post_already_shared":true,"jetpack_social_options":{"image_generator_settings":{"template":"highway","default_image_id":0,"font":"","enabled":false},"version":2}},"categories":[30,33],"tags":[],"class_list":["post-10310","post","type-post","status-publish","format-standard","has-post-thumbnail","hentry","category-economie","category-mali-tribune"],"jetpack_publicize_connections":[],"featured_image_urls":{"full":"","thumbnail":"","medium":"","medium_large":"","large":"","1536x1536":"","2048x2048":"","penci-recipe-1200x1200":"","penci-recipe-1200x900":"","penci-recipe-1200x675":"","penci-single-full":"","penci-slider-full-thumb":"","penci-full-thumb":"","penci-slider-thumb":"","penci-magazine-slider":"","penci-thumb":"","penci-masonry-thumb":"","penci-thumb-square":"","penci-thumb-vertical":"","penci-thumb-small":""},"author_info":{"display_name":"Nandi","author_link":"https:\/\/nandi.info\/?author=1"},"category_info":"<a href=\"https:\/\/nandi.info\/?cat=30\" rel=\"category\">Economie<\/a> <a href=\"https:\/\/nandi.info\/?cat=33\" rel=\"category\">Mali Tribune<\/a>","tag_info":"Mali Tribune","comment_count":"0","jetpack_featured_media_url":"","jetpack_sharing_enabled":true,"_links":{"self":[{"href":"https:\/\/nandi.info\/index.php?rest_route=\/wp\/v2\/posts\/10310","targetHints":{"allow":["GET"]}}],"collection":[{"href":"https:\/\/nandi.info\/index.php?rest_route=\/wp\/v2\/posts"}],"about":[{"href":"https:\/\/nandi.info\/index.php?rest_route=\/wp\/v2\/types\/post"}],"author":[{"embeddable":true,"href":"https:\/\/nandi.info\/index.php?rest_route=\/wp\/v2\/users\/1"}],"replies":[{"embeddable":true,"href":"https:\/\/nandi.info\/index.php?rest_route=%2Fwp%2Fv2%2Fcomments&post=10310"}],"version-history":[{"count":0,"href":"https:\/\/nandi.info\/index.php?rest_route=\/wp\/v2\/posts\/10310\/revisions"}],"wp:featuredmedia":[{"embeddable":true,"href":"https:\/\/nandi.info\/index.php?rest_route=\/"}],"wp:attachment":[{"href":"https:\/\/nandi.info\/index.php?rest_route=%2Fwp%2Fv2%2Fmedia&parent=10310"}],"wp:term":[{"taxonomy":"category","embeddable":true,"href":"https:\/\/nandi.info\/index.php?rest_route=%2Fwp%2Fv2%2Fcategories&post=10310"},{"taxonomy":"post_tag","embeddable":true,"href":"https:\/\/nandi.info\/index.php?rest_route=%2Fwp%2Fv2%2Ftags&post=10310"}],"curies":[{"name":"wp","href":"https:\/\/api.w.org\/{rel}","templated":true}]}}