{"id":10303,"date":"2022-11-29T15:35:38","date_gmt":"2022-11-29T14:35:38","guid":{"rendered":"https:\/\/nandi.info\/?p=10303"},"modified":"2022-11-29T15:35:38","modified_gmt":"2022-11-29T14:35:38","slug":"journee-dinformations-sur-le-dispositif-ramed-lanam-a-immatricule-2-882-331-de-personnes","status":"publish","type":"post","link":"https:\/\/nandi.info\/?p=10303","title":{"rendered":"Journ\u00e9e d\u2019informations sur le dispositif RAMED : L\u2019ANAM a immatricul\u00e9 2.882 331 de personnes"},"content":{"rendered":"\n<p><strong>Sous la pr\u00e9sidence du Ministre de la Sant\u00e9 et du D\u00e9veloppement Social, Mme Di\u00e9minatou SANGARE, repr\u00e9sentant le Premier ministre par int\u00e9rim, l\u2019Agence Nationale d\u2019Assistance M\u00e9dicale (ANAM) a organis\u00e9, le jeudi 24 novembre 2022, la premi\u00e8re \u00e9dition de la journ\u00e9e RAMED, dans le cadre du mois de la Sant\u00e9 et de la Protection Sociale et d\u00e9di\u00e9e \u00e0 l\u2019information et \u00e0 la sensibilisation institutionnelle sur le r\u00e9gime RAMED.<\/strong><\/p>\n\n\n\n<p class=\"has-drop-cap\">Le RAMED est un r\u00e9gime non contributif de protection sociale mis en place pour offrir une couverture m\u00e9dicale aux personnes d\u00e9pourvues de revenus.\u00a0 Le financement du RAMED est assur\u00e9 par l\u2019Etat \u00e0 hauteur de 85% et par les Collectivit\u00e9s \u00e0 hauteur de 15%. En 10 ans, l\u2019ANAM a immatricul\u00e9 pr\u00e8s de 937 283 personnes, parmi lesquelles 335 537 avaient pu r\u00e9ellement b\u00e9n\u00e9ficier de la prise en charge m\u00e9dicale gratuite. Au titre de l\u2019ann\u00e9e 2022, l\u2019ANAM a mis en place un programme d\u2019enr\u00f4lement de 3 millions d\u2019indigents. Cette synergie a permis d\u2019enregistrer 2 882 331 de personnes parmi lesquelles 2 613 476 indigents, 6 877 bless\u00e9s de guerre, 13 557 personnes d\u00e9plac\u00e9es internes, 7 851 enfants et jeunes de la rue, 4154 pensionnaires des \u00e9tablissements p\u00e9nitentiaires, 458 personnes d\u00e9pourvues de moyens de prise en charge de leurs d\u00e9penses de sant\u00e9 dans les h\u00f4pitaux publics de Bamako et Kati. Notons que 389 014 ont pu effectivement b\u00e9n\u00e9ficier de prestations m\u00e9dicales gratuites. Par ailleurs, au cours de cette journ\u00e9e, trois femmes b\u00e9n\u00e9ficiaires ont t\u00e9moign\u00e9 l\u2019importance du dispositif RAMED. \u00a0<\/p>\n\n\n\n<p>Aux dires de Aminata Doumbia, sans l\u2019assistance de RAMED, elle ne savait pas comment elle allait faire pour ces enfants atteints d\u2019une maladie de sang dont la prise en charge a \u00e9t\u00e9 faite par le RAMED. \u00ab&nbsp;<em>Je ne peux pas soigner mes enfants&nbsp;\u00bb,&nbsp;<\/em>a-elle soulign\u00e9.<\/p>\n\n\n\n<p>Pour Sira Fofana, atteinte de la poliomy\u00e9lite, depuis son enfance, elle a \u00e9t\u00e9 emp\u00each\u00e9e d\u2019\u00eatre scolaris\u00e9e \u00e0 cause de sa maladie. &nbsp;Sous l\u2019\u00e9motion, la dame dira que cela fait 25 ans maintenant qu\u2019elle a une plaie au niveau de son pieds. Selon elle, cela fait 3 ans qu\u2019elle b\u00e9n\u00e9ficie des soins gr\u00e2ce au RAMED. Apr\u00e8s une premi\u00e8re op\u00e9ration, la jeune dame a soulign\u00e9 que le plus difficile dans le traitement d\u2019une maladie, c\u2019est effectivement l\u2019achat des m\u00e9dicaments. Une difficult\u00e9 qui a \u00e9t\u00e9 soulag\u00e9e par l\u2019ANAM avec la prise en charge de son op\u00e9ration et de ses m\u00e9dicaments.<\/p>\n\n\n\n<p>Quant \u00e0 Dj\u00e9n\u00e9ba, elle a affirm\u00e9 que ses enfants, son \u00e9poux et elle, connaissent l\u2019importance de la fiche de l\u2019ANAM parce qu\u2019ils se soignent avec.<\/p>\n\n\n\n<p>Dans son intervention, la ministre a fait savoir qu\u2019elle se r\u00e9jouit qu\u2019une journ\u00e9e soit d\u00e9di\u00e9e \u00e0 l\u2019information et \u00e0 la sensibilisation institutionnelle sur ce r\u00e9gime qui rel\u00e8ve d\u2019un choix fort et \u00e9clair\u00e9 des plus hautes autorit\u00e9s \u00e0 offrir un acc\u00e8s de soins de sant\u00e9 \u00e9quitable \u00e0 tous les Maliens singuli\u00e8rement aux plus pauvres. A l\u2019en croire, cette journ\u00e9e est un cadre de communication, d\u2019\u00e9changes et de partage avec les acteurs impliqu\u00e9s dans la gestion de RAMED et l\u2019ensemble de la population pour mieux conna\u00eetre et faire conna\u00eetre le dispositif. Pour la ministre, le RAMED est une expression de solidarit\u00e9 nationale de l\u2019\u00c9tat envers les personnes qui se trouvent dans une grande pr\u00e9carit\u00e9. En ce sens, elle dira que le RAMED est l\u2019outil privil\u00e9gi\u00e9 du gouvernement pour \u00e9tablir l\u2019\u00e9quit\u00e9 en accessibilit\u00e9 financi\u00e8re aux soins de sant\u00e9. Par ailleurs, elle a rappel\u00e9 que le RAMED, avec ses 2 882\u00a0331 de personnes immatricul\u00e9es pour une prise en charge m\u00e9dicale gratuite, s\u2019inscrit parfaitement dans la vision du Pr\u00e9sident de la transition, Chef de l\u2019\u00c9tat, Col. Assimi Go\u00efta, \u00e0 savoir placer les Maliens au c\u0153ur de sa politique.<\/p>\n\n\n\n<p>Rappelons que cette journ\u00e9e a aussi \u00e9t\u00e9 l\u2019occasion pour Mme le ministre de la sant\u00e9 et du d\u00e9veloppement social de faire des remises symboliques \u00e0 trois indigents qui ont re\u00e7u leurs cartes RAMED. Elle a aussi remis des attestations de reconnaissance \u00e0 des maires pour leur engagement dans la mise en \u0153uvre du RAMED. Il y\u2019a eu \u00e9galement la remise de quarante (40) tablettes Smartphones offertes par l\u2019ambassade de Chine au premier Ministre par Int\u00e9rim pour le compte de l\u2019ANAM.<\/p>\n\n\n\n<p><strong>Ousmane Baba Dram\u00e9<\/strong><\/p>\n","protected":false},"excerpt":{"rendered":"<p>Sous la pr\u00e9sidence du Ministre de la Sant\u00e9 et du D\u00e9veloppement Social, Mme Di\u00e9minatou SANGARE, repr\u00e9sentant le Premier ministre par int\u00e9rim, l\u2019Agence Nationale d\u2019Assistance M\u00e9dicale (ANAM) a organis\u00e9, le jeudi&hellip;<\/p>\n","protected":false},"author":1,"featured_media":0,"comment_status":"open","ping_status":"closed","sticky":false,"template":"","format":"standard","meta":{"content-type":"","_lmt_disableupdate":"","_lmt_disable":"","_jetpack_memberships_contains_paid_content":false,"footnotes":"","jetpack_publicize_message":"","jetpack_publicize_feature_enabled":true,"jetpack_social_post_already_shared":true,"jetpack_social_options":{"image_generator_settings":{"template":"highway","default_image_id":0,"font":"","enabled":false},"version":2}},"categories":[69,24],"tags":[],"class_list":["post-10303","post","type-post","status-publish","format-standard","hentry","category-le-republicain-mali","category-sante"],"jetpack_publicize_connections":[],"featured_image_urls":{"full":"","thumbnail":"","medium":"","medium_large":"","large":"","1536x1536":"","2048x2048":"","penci-recipe-1200x1200":"","penci-recipe-1200x900":"","penci-recipe-1200x675":"","penci-single-full":"","penci-slider-full-thumb":"","penci-full-thumb":"","penci-slider-thumb":"","penci-magazine-slider":"","penci-thumb":"","penci-masonry-thumb":"","penci-thumb-square":"","penci-thumb-vertical":"","penci-thumb-small":""},"author_info":{"display_name":"Nandi","author_link":"https:\/\/nandi.info\/?author=1"},"category_info":"<a href=\"https:\/\/nandi.info\/?cat=69\" rel=\"category\">Le R\u00e9publicain Mali<\/a> <a href=\"https:\/\/nandi.info\/?cat=24\" rel=\"category\">Sant\u00e9<\/a>","tag_info":"Sant\u00e9","comment_count":"0","jetpack_featured_media_url":"","jetpack_sharing_enabled":true,"_links":{"self":[{"href":"https:\/\/nandi.info\/index.php?rest_route=\/wp\/v2\/posts\/10303","targetHints":{"allow":["GET"]}}],"collection":[{"href":"https:\/\/nandi.info\/index.php?rest_route=\/wp\/v2\/posts"}],"about":[{"href":"https:\/\/nandi.info\/index.php?rest_route=\/wp\/v2\/types\/post"}],"author":[{"embeddable":true,"href":"https:\/\/nandi.info\/index.php?rest_route=\/wp\/v2\/users\/1"}],"replies":[{"embeddable":true,"href":"https:\/\/nandi.info\/index.php?rest_route=%2Fwp%2Fv2%2Fcomments&post=10303"}],"version-history":[{"count":0,"href":"https:\/\/nandi.info\/index.php?rest_route=\/wp\/v2\/posts\/10303\/revisions"}],"wp:attachment":[{"href":"https:\/\/nandi.info\/index.php?rest_route=%2Fwp%2Fv2%2Fmedia&parent=10303"}],"wp:term":[{"taxonomy":"category","embeddable":true,"href":"https:\/\/nandi.info\/index.php?rest_route=%2Fwp%2Fv2%2Fcategories&post=10303"},{"taxonomy":"post_tag","embeddable":true,"href":"https:\/\/nandi.info\/index.php?rest_route=%2Fwp%2Fv2%2Ftags&post=10303"}],"curies":[{"name":"wp","href":"https:\/\/api.w.org\/{rel}","templated":true}]}}